{"id":15912,"date":"2026-03-10T14:54:19","date_gmt":"2026-03-10T13:54:19","guid":{"rendered":"https:\/\/agora.xtec.cat\/ceippompeufabrasantadria\/?p=15912"},"modified":"2026-03-19T07:17:25","modified_gmt":"2026-03-19T06:17:25","slug":"el-numero-8-es-vesteix-de-lila-a-i4","status":"publish","type":"post","link":"https:\/\/agora.xtec.cat\/ceippompeufabrasantadria\/general\/el-numero-8-es-vesteix-de-lila-a-i4\/","title":{"rendered":"El n\u00famero 8 es vesteix de lila a I4 (NAS21)"},"content":{"rendered":"<p data-path-to-node=\"10\">Amb motiu del <b data-path-to-node=\"10\" data-index-in-node=\"14\">Dia de la Dona<\/b>, els infants de la classe de les papallones i de les flor hem realitzat una activitat que combina el tra\u00e7 del <b data-path-to-node=\"10\" data-index-in-node=\"123\">n\u00famero 8<\/b> amb la creativitat art\u00edstica.<\/p>\n<p data-path-to-node=\"18\" data-wakoopa-seen=\"true\">\u2702\ufe0f <b data-path-to-node=\"18\" data-index-in-node=\"3\" data-wakoopa-seen=\"true\">Qu\u00e8 hem fet?<\/b><\/p>\n<ol start=\"1\" data-path-to-node=\"19\">\n<li>\n<p data-path-to-node=\"19,0,0\">Retallar el n\u00famero 8 amb goma eva.<\/p>\n<\/li>\n<li>\n<p data-path-to-node=\"19,0,0\">\u00a0Pintar amb ceres la flor.<\/p>\n<\/li>\n<li>Repassar i retallar els p\u00e8tals amb molta cura<\/li>\n<\/ol>\n<p>4. Practicar el retall per muntar la nostra flor del 8M.<\/p>\n<p data-path-to-node=\"20\">Estem molt orgulloses i orgullosos de com han treballat i de les reflexions que han sortit a l&#8217;aula. <b data-path-to-node=\"20\" data-index-in-node=\"101\">Feli\u00e7 Dia de la Dona!<\/b> \ud83d\udc9c<\/p>\n<p data-path-to-node=\"20\">A continuaci\u00f3, us compartim l\u2019enlla\u00e7 a l\u2019\u00e0lbum; hi podeu accedir clicant sobre la imatge.<\/p>\n<p data-path-to-node=\"20\"><a href=\"https:\/\/photos.app.goo.gl\/u9vfQmhrBzWGLecRA\"><img loading=\"lazy\" decoding=\"async\" class=\"aligncenter wp-image-15913\" src=\"https:\/\/agora.xtec.cat\/ceippompeufabrasantadria\/wp-content\/uploads\/usu271\/2026\/03\/20260302_170213-1-1024x768.jpg\" alt=\"Dia de la dona\" width=\"395\" height=\"296\" srcset=\"https:\/\/agora.xtec.cat\/ceippompeufabrasantadria\/wp-content\/uploads\/usu271\/2026\/03\/20260302_170213-1-1024x768.jpg 1024w, https:\/\/agora.xtec.cat\/ceippompeufabrasantadria\/wp-content\/uploads\/usu271\/2026\/03\/20260302_170213-1-300x225.jpg 300w, https:\/\/agora.xtec.cat\/ceippompeufabrasantadria\/wp-content\/uploads\/usu271\/2026\/03\/20260302_170213-1-768x576.jpg 768w, https:\/\/agora.xtec.cat\/ceippompeufabrasantadria\/wp-content\/uploads\/usu271\/2026\/03\/20260302_170213-1-1536x1152.jpg 1536w, https:\/\/agora.xtec.cat\/ceippompeufabrasantadria\/wp-content\/uploads\/usu271\/2026\/03\/20260302_170213-1-2048x1536.jpg 2048w, https:\/\/agora.xtec.cat\/ceippompeufabrasantadria\/wp-content\/uploads\/usu271\/2026\/03\/20260302_170213-1-200x150.jpg 200w\" sizes=\"auto, (max-width: 395px) 100vw, 395px\" \/><\/a><\/p>\n","protected":false},"excerpt":{"rendered":"<p>Amb motiu del Dia de la Dona, els infants de la classe de les papallones i de les flor hem realitzat una activitat que combina el tra\u00e7 del n\u00famero 8 amb la creativitat art\u00edstica.<br \/>\n\u2702\ufe0f Qu\u00e8 hem fet?<\/p>\n<ol start=\"1\" data-path-to-node=\"19\">\n<li>\nRetallar el n\u00famero 8 amb goma eva.\n<\/li>\n<li>\n\u00a0Pintar&hellip;  <a href=\"https:\/\/agora.xtec.cat\/ceippompeufabrasantadria\/general\/el-numero-8-es-vesteix-de-lila-a-i4\/\" title=\"Read El n\u00famero 8 es vesteix de lila a I4 (NAS21)\">Llegeix m\u00e9s\u00bb<\/a><\/p>\n","protected":false},"author":65,"featured_media":15913,"comment_status":"open","ping_status":"open","sticky":false,"template":"","format":"standard","meta":{"_bbp_topic_count":0,"_bbp_reply_count":0,"_bbp_total_topic_count":0,"_bbp_total_reply_count":0,"_bbp_voice_count":0,"_bbp_anonymous_reply_count":0,"_bbp_topic_count_hidden":0,"_bbp_reply_count_hidden":0,"_bbp_forum_subforum_count":0,"footnotes":""},"categories":[126,1,8,2,4],"tags":[],"class_list":["post-15912","post","type-post","status-publish","format-standard","has-post-thumbnail","hentry","category-ed-valors","category-general","category-i4","category-infantil","category-portada"],"post_mailing_queue_ids":[],"_links":{"self":[{"href":"https:\/\/agora.xtec.cat\/ceippompeufabrasantadria\/wp-json\/wp\/v2\/posts\/15912","targetHints":{"allow":["GET"]}}],"collection":[{"href":"https:\/\/agora.xtec.cat\/ceippompeufabrasantadria\/wp-json\/wp\/v2\/posts"}],"about":[{"href":"https:\/\/agora.xtec.cat\/ceippompeufabrasantadria\/wp-json\/wp\/v2\/types\/post"}],"author":[{"embeddable":true,"href":"https:\/\/agora.xtec.cat\/ceippompeufabrasantadria\/wp-json\/wp\/v2\/users\/65"}],"replies":[{"embeddable":true,"href":"https:\/\/agora.xtec.cat\/ceippompeufabrasantadria\/wp-json\/wp\/v2\/comments?post=15912"}],"version-history":[{"count":6,"href":"https:\/\/agora.xtec.cat\/ceippompeufabrasantadria\/wp-json\/wp\/v2\/posts\/15912\/revisions"}],"predecessor-version":[{"id":16024,"href":"https:\/\/agora.xtec.cat\/ceippompeufabrasantadria\/wp-json\/wp\/v2\/posts\/15912\/revisions\/16024"}],"wp:featuredmedia":[{"embeddable":true,"href":"https:\/\/agora.xtec.cat\/ceippompeufabrasantadria\/wp-json\/wp\/v2\/media\/15913"}],"wp:attachment":[{"href":"https:\/\/agora.xtec.cat\/ceippompeufabrasantadria\/wp-json\/wp\/v2\/media?parent=15912"}],"wp:term":[{"taxonomy":"category","embeddable":true,"href":"https:\/\/agora.xtec.cat\/ceippompeufabrasantadria\/wp-json\/wp\/v2\/categories?post=15912"},{"taxonomy":"post_tag","embeddable":true,"href":"https:\/\/agora.xtec.cat\/ceippompeufabrasantadria\/wp-json\/wp\/v2\/tags?post=15912"}],"curies":[{"name":"wp","href":"https:\/\/api.w.org\/{rel}","templated":true}]}}