{"id":15877,"date":"2026-03-01T17:17:13","date_gmt":"2026-03-01T16:17:13","guid":{"rendered":"https:\/\/agora.xtec.cat\/ceippompeufabrasantadria\/?p=15877"},"modified":"2026-03-04T12:54:08","modified_gmt":"2026-03-04T11:54:08","slug":"i4-teatre-la-bella-i-la-bestia","status":"publish","type":"post","link":"https:\/\/agora.xtec.cat\/ceippompeufabrasantadria\/general\/i4-teatre-la-bella-i-la-bestia\/","title":{"rendered":"Els nens i nenes d&#8217;I4 anem al Teatre a veure &#8220;la Bella i la B\u00e8stia&#8221; (NAS 21)"},"content":{"rendered":"<p>Els nens i nenes de la classe de les papallones i de les flors hem anat al Teatre Zorrilla de Badalona a veure la funci\u00f3 de &#8220;La Bella i la B\u00e8stia&#8221;. Ens hem endinsat en el m\u00f3n de fantasia de l&#8217;obra &#8220;<b data-path-to-node=\"3\" data-index-in-node=\"199\">La Bella i la B\u00e8stia&#8221;<\/b>.Quan s&#8217;han apagat els llums del teatre&#8230; <b data-path-to-node=\"4\" data-index-in-node=\"85\">ha comen\u00e7at la m\u00e0gia!<\/b>\u2728<\/p>\n<p data-path-to-node=\"6\">L&#8217;obra ha estat una adaptaci\u00f3 plena de color, m\u00fasica i personatges divertid\u00edssims que han captivat l&#8217;atenci\u00f3 dels infants des del primer minut. A trav\u00e9s de la hist\u00f2ria de la Bella, hem treballat valors com;<\/p>\n<ul data-path-to-node=\"7\">\n<li>\n<p data-path-to-node=\"7,0,0\"><b data-path-to-node=\"7,0,0\" data-index-in-node=\"0\">L\u2019amistat i el respecte:<\/b> Hem vist que la veritable bellesa no est\u00e0 a l&#8217;exterior, sin\u00f3 a dins del cor.<\/p>\n<\/li>\n<li>\n<p data-path-to-node=\"7,1,0\"><b data-path-to-node=\"7,1,0\" data-index-in-node=\"0\">La superaci\u00f3 de la por:<\/b> Al principi, la B\u00e8stia ens feia una mica de respecte, per\u00f2 hem descobert que darrere d&#8217;aquella veu forta hi havia alg\u00fa que necessitava afecte.<\/p>\n<\/li>\n<li>\n<p data-path-to-node=\"7,1,0\"><b style=\"font-family: inherit; font-size: 1em;\" data-path-to-node=\"7,2,0\" data-index-in-node=\"0\">La m\u00e0gia dels llibres:<\/b><span style=\"font-family: inherit; font-size: 1em;\"> Com a la Bella, a nosaltres tamb\u00e9 ens encanta que ens expliquin hist\u00f2ries!<\/span><span style=\"font-size: 1.6875em; font-weight: bold;\">\ud83c\udfad\u00a0<\/span><\/p>\n<\/li>\n<\/ul>\n<p>Durant l&#8217;obra, hem pogut escoltar can\u00e7ons i hem picat de mans i alguns fins i tot s&#8217;han animat a ballar des de la butaca. Tamb\u00e9, hem vist, qu\u00e8 els objectes parlaven; veure el canelobre o el rellotge amb vida pr\u00f2pia ha deixat els infants amb la boca oberta i per \u00faltim, el final feli\u00e7 quan el castell s&#8217;ha omplert de llum i alegria. Aquestes sortides al teatre s\u00f3n vitals per despertar la imaginaci\u00f3, fomentar l&#8217;atenci\u00f3 i gaudir de la cultura en grueflexionar i dibuixar tot el que hem vist!.<\/p>\n<p>Clicant la imatge que teniu a continuaci\u00f3 podeu accedir a l&#8217;\u00e0lbum amb les fotos de la sortida.<\/p>\n<p><a href=\"https:\/\/photos.app.goo.gl\/gVdxFvdKUGkkWXqr9\" target=\"_blank\" rel=\"noopener\"><img loading=\"lazy\" decoding=\"async\" class=\"alignnone wp-image-15879 size-large\" src=\"https:\/\/agora.xtec.cat\/ceippompeufabrasantadria\/wp-content\/uploads\/usu271\/2026\/03\/20260219_095924-1-1-1024x768.jpg\" alt=\"\" width=\"1024\" height=\"768\" srcset=\"https:\/\/agora.xtec.cat\/ceippompeufabrasantadria\/wp-content\/uploads\/usu271\/2026\/03\/20260219_095924-1-1-1024x768.jpg 1024w, https:\/\/agora.xtec.cat\/ceippompeufabrasantadria\/wp-content\/uploads\/usu271\/2026\/03\/20260219_095924-1-1-300x225.jpg 300w, https:\/\/agora.xtec.cat\/ceippompeufabrasantadria\/wp-content\/uploads\/usu271\/2026\/03\/20260219_095924-1-1-768x576.jpg 768w, https:\/\/agora.xtec.cat\/ceippompeufabrasantadria\/wp-content\/uploads\/usu271\/2026\/03\/20260219_095924-1-1-1536x1152.jpg 1536w, https:\/\/agora.xtec.cat\/ceippompeufabrasantadria\/wp-content\/uploads\/usu271\/2026\/03\/20260219_095924-1-1-2048x1536.jpg 2048w, https:\/\/agora.xtec.cat\/ceippompeufabrasantadria\/wp-content\/uploads\/usu271\/2026\/03\/20260219_095924-1-1-200x150.jpg 200w\" sizes=\"auto, (max-width: 1024px) 100vw, 1024px\" \/><\/a><\/p>\n","protected":false},"excerpt":{"rendered":"<p>Els nens i nenes de la classe de les papallones i de les flors hem anat al Teatre Zorrilla de Badalona a veure la funci\u00f3 de &#8220;La Bella i la B\u00e8stia&#8221;. Ens hem endinsat en el m\u00f3n de fantasia de l&#8217;obra &#8220;La Bella i la&hellip;  <a href=\"https:\/\/agora.xtec.cat\/ceippompeufabrasantadria\/general\/i4-teatre-la-bella-i-la-bestia\/\" title=\"Read Els nens i nenes d&#8217;I4 anem al Teatre a veure &#8220;la Bella i la B\u00e8stia&#8221; (NAS 21)\">Llegeix m\u00e9s\u00bb<\/a><\/p>\n","protected":false},"author":65,"featured_media":15879,"comment_status":"open","ping_status":"open","sticky":false,"template":"","format":"standard","meta":{"_bbp_topic_count":0,"_bbp_reply_count":0,"_bbp_total_topic_count":0,"_bbp_total_reply_count":0,"_bbp_voice_count":0,"_bbp_anonymous_reply_count":0,"_bbp_topic_count_hidden":0,"_bbp_reply_count_hidden":0,"_bbp_forum_subforum_count":0,"footnotes":""},"categories":[23,1,8,2,4],"tags":[],"class_list":["post-15877","post","type-post","status-publish","format-standard","has-post-thumbnail","hentry","category-catala","category-general","category-i4","category-infantil","category-portada"],"post_mailing_queue_ids":[],"_links":{"self":[{"href":"https:\/\/agora.xtec.cat\/ceippompeufabrasantadria\/wp-json\/wp\/v2\/posts\/15877","targetHints":{"allow":["GET"]}}],"collection":[{"href":"https:\/\/agora.xtec.cat\/ceippompeufabrasantadria\/wp-json\/wp\/v2\/posts"}],"about":[{"href":"https:\/\/agora.xtec.cat\/ceippompeufabrasantadria\/wp-json\/wp\/v2\/types\/post"}],"author":[{"embeddable":true,"href":"https:\/\/agora.xtec.cat\/ceippompeufabrasantadria\/wp-json\/wp\/v2\/users\/65"}],"replies":[{"embeddable":true,"href":"https:\/\/agora.xtec.cat\/ceippompeufabrasantadria\/wp-json\/wp\/v2\/comments?post=15877"}],"version-history":[{"count":5,"href":"https:\/\/agora.xtec.cat\/ceippompeufabrasantadria\/wp-json\/wp\/v2\/posts\/15877\/revisions"}],"predecessor-version":[{"id":15919,"href":"https:\/\/agora.xtec.cat\/ceippompeufabrasantadria\/wp-json\/wp\/v2\/posts\/15877\/revisions\/15919"}],"wp:featuredmedia":[{"embeddable":true,"href":"https:\/\/agora.xtec.cat\/ceippompeufabrasantadria\/wp-json\/wp\/v2\/media\/15879"}],"wp:attachment":[{"href":"https:\/\/agora.xtec.cat\/ceippompeufabrasantadria\/wp-json\/wp\/v2\/media?parent=15877"}],"wp:term":[{"taxonomy":"category","embeddable":true,"href":"https:\/\/agora.xtec.cat\/ceippompeufabrasantadria\/wp-json\/wp\/v2\/categories?post=15877"},{"taxonomy":"post_tag","embeddable":true,"href":"https:\/\/agora.xtec.cat\/ceippompeufabrasantadria\/wp-json\/wp\/v2\/tags?post=15877"}],"curies":[{"name":"wp","href":"https:\/\/api.w.org\/{rel}","templated":true}]}}