{"id":13415,"date":"2025-03-27T10:58:53","date_gmt":"2025-03-27T09:58:53","guid":{"rendered":"https:\/\/agora.xtec.cat\/ceippompeufabrasantadria\/?p=13415"},"modified":"2026-02-02T17:54:27","modified_gmt":"2026-02-02T16:54:27","slug":"nas13-bicicletada-de-6e-un-dia-de-diversio-sobre-rodes","status":"publish","type":"post","link":"https:\/\/agora.xtec.cat\/ceippompeufabrasantadria\/general\/nas13-bicicletada-de-6e-un-dia-de-diversio-sobre-rodes\/","title":{"rendered":"Bicicletada a 6\u00e8: Un dia de diversi\u00f3 sobre rodes (NAS 13)"},"content":{"rendered":"<p lang=\"ca-ES\">\u00a0L\u2019alumnat de 6\u00e8 de prim\u00e0ria hem viscut una experi\u00e8ncia inoblidable amb la tradicional &#8220;Bicicletada&#8221;. Aquesta sortida, m\u00e9s enll\u00e0 de ser una jornada de conviv\u00e8ncia i diversi\u00f3, ens va permetre aprofundir en aspectes essencials de l\u2019Educaci\u00f3 Vial.<\/p>\n<p lang=\"ca-ES\">Durant el recorregut pel riu, vam poder posar en pr\u00e0ctica tot all\u00f2 apr\u00e8s sobre normes de circulaci\u00f3 i seguretat vi\u00e0ria. A m\u00e9s, vam exercir un doble paper: d&#8217;una banda, com a observadors, analitzant el comportament dels ciclistes i vianants, i de l&#8217;altra, com a protagonistes, pedalant i aplicant les normes en primera persona.<\/p>\n<p lang=\"ca-ES\">Una de les parades m\u00e9s especials va ser l\u2019Institut Manuel V\u00e1zquez Montalb\u00e1n. Aquest centre ser\u00e0, per a molts de nosaltres, el nostre nou institut el curs vinent, i aquesta sortida ens va servir per descobrir la millor manera d\u2019arribar-hi en bicicleta de forma segura i responsable.<\/p>\n<p lang=\"ca-ES\">Ens ho vam passar d\u2019all\u00f2 m\u00e9s b\u00e9, gaudint de l\u2019aire lliure i de l\u2019experi\u00e8ncia de compartir aquest dia amb els companys i companyes. Aix\u00f2 s\u00ed, hem de recon\u00e8ixer que despr\u00e9s de tantes pedalades vam acabar ben cansats!<\/p>\n<p lang=\"ca-ES\"><img loading=\"lazy\" decoding=\"async\" class=\"aligncenter size-medium wp-image-13416\" src=\"https:\/\/agora.xtec.cat\/ceippompeufabrasantadria\/wp-content\/uploads\/usu271\/2025\/03\/20250326_125413-300x225.jpg\" alt=\"\" width=\"300\" height=\"225\" srcset=\"https:\/\/agora.xtec.cat\/ceippompeufabrasantadria\/wp-content\/uploads\/usu271\/2025\/03\/20250326_125413-300x225.jpg 300w, https:\/\/agora.xtec.cat\/ceippompeufabrasantadria\/wp-content\/uploads\/usu271\/2025\/03\/20250326_125413-1024x768.jpg 1024w, https:\/\/agora.xtec.cat\/ceippompeufabrasantadria\/wp-content\/uploads\/usu271\/2025\/03\/20250326_125413-768x576.jpg 768w, https:\/\/agora.xtec.cat\/ceippompeufabrasantadria\/wp-content\/uploads\/usu271\/2025\/03\/20250326_125413-1536x1152.jpg 1536w, https:\/\/agora.xtec.cat\/ceippompeufabrasantadria\/wp-content\/uploads\/usu271\/2025\/03\/20250326_125413-2048x1536.jpg 2048w, https:\/\/agora.xtec.cat\/ceippompeufabrasantadria\/wp-content\/uploads\/usu271\/2025\/03\/20250326_125413-200x150.jpg 200w\" sizes=\"auto, (max-width: 300px) 100vw, 300px\" \/><a href=\"https:\/\/photos.app.goo.gl\/KqDEPXLsZrziXn57A\">https:\/\/photos.app.goo.gl\/KqDEPXLsZrziXn57A<\/a><br \/>\nCliqueu a l&#8217;enlla\u00e7 per veure m\u00e9s fotos.<\/p>\n","protected":false},"excerpt":{"rendered":"<p>\u00a0L\u2019alumnat de 6\u00e8 de prim\u00e0ria hem viscut una experi\u00e8ncia inoblidable amb la tradicional &#8220;Bicicletada&#8221;. Aquesta sortida, m\u00e9s enll\u00e0 de ser una jornada de conviv\u00e8ncia i diversi\u00f3, ens va permetre aprofundir en aspectes essencials de l\u2019Educaci\u00f3 Vial.<br \/>\nDurant el recorregut pel riu, vam poder posar en pr\u00e0ctica&hellip;  <a href=\"https:\/\/agora.xtec.cat\/ceippompeufabrasantadria\/general\/nas13-bicicletada-de-6e-un-dia-de-diversio-sobre-rodes\/\" title=\"Read Bicicletada a 6\u00e8: Un dia de diversi\u00f3 sobre rodes (NAS 13)\">Llegeix m\u00e9s\u00bb<\/a><\/p>\n","protected":false},"author":37,"featured_media":13416,"comment_status":"closed","ping_status":"closed","sticky":false,"template":"","format":"standard","meta":{"_bbp_topic_count":0,"_bbp_reply_count":0,"_bbp_total_topic_count":0,"_bbp_total_reply_count":0,"_bbp_voice_count":0,"_bbp_anonymous_reply_count":0,"_bbp_topic_count_hidden":0,"_bbp_reply_count_hidden":0,"_bbp_forum_subforum_count":0,"footnotes":""},"categories":[15,162,1,4],"tags":[],"class_list":["post-13415","post","type-post","status-publish","format-standard","has-post-thumbnail","hentry","category-6e","category-educacio-fisica-6e","category-general","category-portada"],"post_mailing_queue_ids":[],"_links":{"self":[{"href":"https:\/\/agora.xtec.cat\/ceippompeufabrasantadria\/wp-json\/wp\/v2\/posts\/13415","targetHints":{"allow":["GET"]}}],"collection":[{"href":"https:\/\/agora.xtec.cat\/ceippompeufabrasantadria\/wp-json\/wp\/v2\/posts"}],"about":[{"href":"https:\/\/agora.xtec.cat\/ceippompeufabrasantadria\/wp-json\/wp\/v2\/types\/post"}],"author":[{"embeddable":true,"href":"https:\/\/agora.xtec.cat\/ceippompeufabrasantadria\/wp-json\/wp\/v2\/users\/37"}],"replies":[{"embeddable":true,"href":"https:\/\/agora.xtec.cat\/ceippompeufabrasantadria\/wp-json\/wp\/v2\/comments?post=13415"}],"version-history":[{"count":6,"href":"https:\/\/agora.xtec.cat\/ceippompeufabrasantadria\/wp-json\/wp\/v2\/posts\/13415\/revisions"}],"predecessor-version":[{"id":14686,"href":"https:\/\/agora.xtec.cat\/ceippompeufabrasantadria\/wp-json\/wp\/v2\/posts\/13415\/revisions\/14686"}],"wp:featuredmedia":[{"embeddable":true,"href":"https:\/\/agora.xtec.cat\/ceippompeufabrasantadria\/wp-json\/wp\/v2\/media\/13416"}],"wp:attachment":[{"href":"https:\/\/agora.xtec.cat\/ceippompeufabrasantadria\/wp-json\/wp\/v2\/media?parent=13415"}],"wp:term":[{"taxonomy":"category","embeddable":true,"href":"https:\/\/agora.xtec.cat\/ceippompeufabrasantadria\/wp-json\/wp\/v2\/categories?post=13415"},{"taxonomy":"post_tag","embeddable":true,"href":"https:\/\/agora.xtec.cat\/ceippompeufabrasantadria\/wp-json\/wp\/v2\/tags?post=13415"}],"curies":[{"name":"wp","href":"https:\/\/api.w.org\/{rel}","templated":true}]}}