{"id":13201,"date":"2024-12-21T19:14:15","date_gmt":"2024-12-21T18:14:15","guid":{"rendered":"https:\/\/agora.xtec.cat\/ceippompeufabrasantadria\/?p=13201"},"modified":"2026-02-02T18:22:51","modified_gmt":"2026-02-02T17:22:51","slug":"nas20-la-magia-del-nadal-i4","status":"publish","type":"post","link":"https:\/\/agora.xtec.cat\/ceippompeufabrasantadria\/portada\/nas20-la-magia-del-nadal-i4\/","title":{"rendered":"I4 gaudeix de la m\u00e0gia de Nadal (NAS 20)"},"content":{"rendered":"<p>Ja fa dies , el Ti\u00f3 va apar\u00e8ixer al passad\u00eds de les nostres classes d&#8217; I3 i I4. Durant dues setmanes l&#8217;hem alimentat molt b\u00e9. Ahir quan vam arribar a l&#8217;escola no hi era, quin ensurt! Al cap d&#8217;una estona el vam trobar al menjador d&#8217; I3. Hem agafat unes piques i l&#8217;hem fet cagar.<\/p>\n<p>Els nens i nenes de les classes del Parc i les Papallones M\u00e0giques hem viscut un dia m\u00e0gic, perqu\u00e8 tamb\u00e9 ha vingut el Patge Reial i l&#8217;hem pogut donar la nostra carta.<\/p>\n<p>Volem aprofitar per desitjar-vos unes molt Bones Festes.<\/p>\n<p>Cliqueu a la seg\u00fcent foto per veure totes les imatges:<\/p>\n<p><a href=\"https:\/\/photos.app.goo.gl\/f1UVbRushmhhiQE16\" target=\"_blank\" rel=\"noopener\"><img loading=\"lazy\" decoding=\"async\" class=\"alignnone wp-image-13202 size-medium\" src=\"https:\/\/agora.xtec.cat\/ceippompeufabrasantadria\/wp-content\/uploads\/usu271\/2024\/12\/PORTADA-2-300x293.jpg\" alt=\"\" width=\"300\" height=\"293\" srcset=\"https:\/\/agora.xtec.cat\/ceippompeufabrasantadria\/wp-content\/uploads\/usu271\/2024\/12\/PORTADA-2-300x293.jpg 300w, https:\/\/agora.xtec.cat\/ceippompeufabrasantadria\/wp-content\/uploads\/usu271\/2024\/12\/PORTADA-2-1024x1000.jpg 1024w, https:\/\/agora.xtec.cat\/ceippompeufabrasantadria\/wp-content\/uploads\/usu271\/2024\/12\/PORTADA-2-768x750.jpg 768w, https:\/\/agora.xtec.cat\/ceippompeufabrasantadria\/wp-content\/uploads\/usu271\/2024\/12\/PORTADA-2-1536x1500.jpg 1536w, https:\/\/agora.xtec.cat\/ceippompeufabrasantadria\/wp-content\/uploads\/usu271\/2024\/12\/PORTADA-2.jpg 1590w\" sizes=\"auto, (max-width: 300px) 100vw, 300px\" \/><\/a><\/p>\n<p>&nbsp;<\/p>\n","protected":false},"excerpt":{"rendered":"<p>Ja fa dies , el Ti\u00f3 va apar\u00e8ixer al passad\u00eds de les nostres classes d&#8217; I3 i I4. Durant dues setmanes l&#8217;hem alimentat molt b\u00e9. Ahir quan vam arribar a l&#8217;escola no hi era, quin ensurt! Al cap d&#8217;una estona el vam trobar al menjador d&#8217; I3. Hem agafat unes piques i l&#8217;hem fet cagar. [&hellip;]<\/p>\n","protected":false},"author":14,"featured_media":0,"comment_status":"open","ping_status":"closed","sticky":false,"template":"","format":"standard","meta":{"_bbp_topic_count":0,"_bbp_reply_count":0,"_bbp_total_topic_count":0,"_bbp_total_reply_count":0,"_bbp_voice_count":0,"_bbp_anonymous_reply_count":0,"_bbp_topic_count_hidden":0,"_bbp_reply_count_hidden":0,"_bbp_forum_subforum_count":0,"site-sidebar-layout":"default","site-content-layout":"","ast-site-content-layout":"","site-content-style":"default","site-sidebar-style":"default","ast-global-header-display":"","ast-banner-title-visibility":"","ast-main-header-display":"","ast-hfb-above-header-display":"","ast-hfb-below-header-display":"","ast-hfb-mobile-header-display":"","site-post-title":"","ast-breadcrumbs-content":"","ast-featured-img":"","footer-sml-layout":"","theme-transparent-header-meta":"","adv-header-id-meta":"","stick-header-meta":"","header-above-stick-meta":"","header-main-stick-meta":"","header-below-stick-meta":"","astra-migrate-meta-layouts":"default","ast-page-background-enabled":"default","ast-page-background-meta":{"desktop":{"background-color":"var(--ast-global-color-4)","background-image":"","background-repeat":"repeat","background-position":"center center","background-size":"auto","background-attachment":"scroll","background-type":"","background-media":"","overlay-type":"","overlay-color":"","overlay-opacity":"","overlay-gradient":""},"tablet":{"background-color":"","background-image":"","background-repeat":"repeat","background-position":"center center","background-size":"auto","background-attachment":"scroll","background-type":"","background-media":"","overlay-type":"","overlay-color":"","overlay-opacity":"","overlay-gradient":""},"mobile":{"background-color":"","background-image":"","background-repeat":"repeat","background-position":"center center","background-size":"auto","background-attachment":"scroll","background-type":"","background-media":"","overlay-type":"","overlay-color":"","overlay-opacity":"","overlay-gradient":""}},"ast-content-background-meta":{"desktop":{"background-color":"var(--ast-global-color-5)","background-image":"","background-repeat":"repeat","background-position":"center center","background-size":"auto","background-attachment":"scroll","background-type":"","background-media":"","overlay-type":"","overlay-color":"","overlay-opacity":"","overlay-gradient":""},"tablet":{"background-color":"var(--ast-global-color-5)","background-image":"","background-repeat":"repeat","background-position":"center center","background-size":"auto","background-attachment":"scroll","background-type":"","background-media":"","overlay-type":"","overlay-color":"","overlay-opacity":"","overlay-gradient":""},"mobile":{"background-color":"var(--ast-global-color-5)","background-image":"","background-repeat":"repeat","background-position":"center center","background-size":"auto","background-attachment":"scroll","background-type":"","background-media":"","overlay-type":"","overlay-color":"","overlay-opacity":"","overlay-gradient":""}},"footnotes":""},"categories":[8,4],"tags":[153],"class_list":["post-13201","post","type-post","status-publish","format-standard","hentry","category-i4","category-portada","tag-educacio-infantil"],"post_mailing_queue_ids":[],"_links":{"self":[{"href":"https:\/\/agora.xtec.cat\/ceippompeufabrasantadria\/wp-json\/wp\/v2\/posts\/13201","targetHints":{"allow":["GET"]}}],"collection":[{"href":"https:\/\/agora.xtec.cat\/ceippompeufabrasantadria\/wp-json\/wp\/v2\/posts"}],"about":[{"href":"https:\/\/agora.xtec.cat\/ceippompeufabrasantadria\/wp-json\/wp\/v2\/types\/post"}],"author":[{"embeddable":true,"href":"https:\/\/agora.xtec.cat\/ceippompeufabrasantadria\/wp-json\/wp\/v2\/users\/14"}],"replies":[{"embeddable":true,"href":"https:\/\/agora.xtec.cat\/ceippompeufabrasantadria\/wp-json\/wp\/v2\/comments?post=13201"}],"version-history":[{"count":2,"href":"https:\/\/agora.xtec.cat\/ceippompeufabrasantadria\/wp-json\/wp\/v2\/posts\/13201\/revisions"}],"predecessor-version":[{"id":14727,"href":"https:\/\/agora.xtec.cat\/ceippompeufabrasantadria\/wp-json\/wp\/v2\/posts\/13201\/revisions\/14727"}],"wp:attachment":[{"href":"https:\/\/agora.xtec.cat\/ceippompeufabrasantadria\/wp-json\/wp\/v2\/media?parent=13201"}],"wp:term":[{"taxonomy":"category","embeddable":true,"href":"https:\/\/agora.xtec.cat\/ceippompeufabrasantadria\/wp-json\/wp\/v2\/categories?post=13201"},{"taxonomy":"post_tag","embeddable":true,"href":"https:\/\/agora.xtec.cat\/ceippompeufabrasantadria\/wp-json\/wp\/v2\/tags?post=13201"}],"curies":[{"name":"wp","href":"https:\/\/api.w.org\/{rel}","templated":true}]}}