{"id":12447,"date":"2024-02-09T13:40:52","date_gmt":"2024-02-09T12:40:52","guid":{"rendered":"https:\/\/agora.xtec.cat\/ceippompeufabrasantadria\/?p=12447"},"modified":"2026-02-02T21:10:32","modified_gmt":"2026-02-02T20:10:32","slug":"lalumnat-de-6e-al-badacorfbol","status":"publish","type":"post","link":"https:\/\/agora.xtec.cat\/ceippompeufabrasantadria\/general\/lalumnat-de-6e-al-badacorfbol\/","title":{"rendered":"6\u00e8 anem al Badacorfbol (NAS 12)"},"content":{"rendered":"<p>El Corfbol \u00e9s un esport innovador que va ser ideat per a promoure els principis de cooperaci\u00f3 i coeducaci\u00f3, que ho fan especialment educatiu i apte per a l\u2019entorn escolar, sent encara l\u2019\u00fanic esport d\u2019equip mixt que es practica en tot el m\u00f3n. Les seves normes estan pensades per a l\u2019educaci\u00f3 de l\u2019individu en un ambient d\u2019igualtat i de respecte.<\/p>\n<p>EL Badacorfol \u00a0es tracta d\u2019una trobada a la zona esportiva de Can Cabanyes a Badalona de diferents escoles de Badalona i Sant Adri\u00e0 de Bes\u00f2s on es realitzen partits de corfbol amb l\u2019alumnat de 6\u00e8. El nostre alumnat ha gaudit d&#8217;aquesta jornada el passat dijous 8 de febrer.<\/p>\n<p>\u00c9s l\u2019\u00faltima de les activitats de la pr\u00e0ctica educativa de qualitat reconeguda pel departament d\u2019Ensenyament a la mostra escola: Badasport .<\/p>\n<p>Al llarg de les diferents cursos de prim\u00e0ria l\u2019alumnat de la nostra escola participa amb d\u2019altres escoles de Badalona i dues m\u00e9s de Sant Adri\u00e0 de Bes\u00f2s (IE La Mina i Escola Cascavell) en el Badamotri (1r), Badaplatja (2n), Badajoc (3r), Orienbaci\u00f3 (4t) i Badatletisme (5\u00e8).<\/p>\n<p>A continuaci\u00f3 teniu un petit recull fotogr\u00e0fic d&#8217;aquesta activitat:<\/p>\n<p><a href=\"https:\/\/photos.app.goo.gl\/6S4VYWPLtzSgDCgy8\" target=\"_blank\" rel=\"noopener\"><img loading=\"lazy\" decoding=\"async\" class=\"alignnone  wp-image-12450\" src=\"https:\/\/agora.xtec.cat\/ceippompeufabrasantadria\/wp-content\/uploads\/usu271\/2024\/02\/IMG_0114-1-2-1-1-1024x768.jpg\" alt=\"\" width=\"719\" height=\"539\" srcset=\"https:\/\/agora.xtec.cat\/ceippompeufabrasantadria\/wp-content\/uploads\/usu271\/2024\/02\/IMG_0114-1-2-1-1-1024x768.jpg 1024w, https:\/\/agora.xtec.cat\/ceippompeufabrasantadria\/wp-content\/uploads\/usu271\/2024\/02\/IMG_0114-1-2-1-1-300x225.jpg 300w, https:\/\/agora.xtec.cat\/ceippompeufabrasantadria\/wp-content\/uploads\/usu271\/2024\/02\/IMG_0114-1-2-1-1-768x576.jpg 768w, https:\/\/agora.xtec.cat\/ceippompeufabrasantadria\/wp-content\/uploads\/usu271\/2024\/02\/IMG_0114-1-2-1-1-1536x1152.jpg 1536w, https:\/\/agora.xtec.cat\/ceippompeufabrasantadria\/wp-content\/uploads\/usu271\/2024\/02\/IMG_0114-1-2-1-1-2048x1536.jpg 2048w, https:\/\/agora.xtec.cat\/ceippompeufabrasantadria\/wp-content\/uploads\/usu271\/2024\/02\/IMG_0114-1-2-1-1-200x150.jpg 200w\" sizes=\"auto, (max-width: 719px) 100vw, 719px\" \/><\/a><\/p>\n<p>&nbsp;<\/p>\n","protected":false},"excerpt":{"rendered":"<p>El Corfbol \u00e9s un esport innovador que va ser ideat per a promoure els principis de cooperaci\u00f3 i coeducaci\u00f3, que ho fan especialment educatiu i apte per a l\u2019entorn escolar, sent encara l\u2019\u00fanic esport d\u2019equip mixt que es practica en tot el m\u00f3n. Les seves&hellip;  <a href=\"https:\/\/agora.xtec.cat\/ceippompeufabrasantadria\/general\/lalumnat-de-6e-al-badacorfbol\/\" title=\"Read 6\u00e8 anem al Badacorfbol (NAS 12)\">Llegeix m\u00e9s\u00bb<\/a><\/p>\n","protected":false},"author":8,"featured_media":12449,"comment_status":"open","ping_status":"closed","sticky":false,"template":"","format":"standard","meta":{"_bbp_topic_count":0,"_bbp_reply_count":0,"_bbp_total_topic_count":0,"_bbp_total_reply_count":0,"_bbp_voice_count":0,"_bbp_anonymous_reply_count":0,"_bbp_topic_count_hidden":0,"_bbp_reply_count_hidden":0,"_bbp_forum_subforum_count":0,"footnotes":""},"categories":[15,162,1,4,5],"tags":[],"class_list":["post-12447","post","type-post","status-publish","format-standard","has-post-thumbnail","hentry","category-6e","category-educacio-fisica-6e","category-general","category-portada","category-primaria"],"post_mailing_queue_ids":[],"_links":{"self":[{"href":"https:\/\/agora.xtec.cat\/ceippompeufabrasantadria\/wp-json\/wp\/v2\/posts\/12447","targetHints":{"allow":["GET"]}}],"collection":[{"href":"https:\/\/agora.xtec.cat\/ceippompeufabrasantadria\/wp-json\/wp\/v2\/posts"}],"about":[{"href":"https:\/\/agora.xtec.cat\/ceippompeufabrasantadria\/wp-json\/wp\/v2\/types\/post"}],"author":[{"embeddable":true,"href":"https:\/\/agora.xtec.cat\/ceippompeufabrasantadria\/wp-json\/wp\/v2\/users\/8"}],"replies":[{"embeddable":true,"href":"https:\/\/agora.xtec.cat\/ceippompeufabrasantadria\/wp-json\/wp\/v2\/comments?post=12447"}],"version-history":[{"count":2,"href":"https:\/\/agora.xtec.cat\/ceippompeufabrasantadria\/wp-json\/wp\/v2\/posts\/12447\/revisions"}],"predecessor-version":[{"id":14902,"href":"https:\/\/agora.xtec.cat\/ceippompeufabrasantadria\/wp-json\/wp\/v2\/posts\/12447\/revisions\/14902"}],"wp:featuredmedia":[{"embeddable":true,"href":"https:\/\/agora.xtec.cat\/ceippompeufabrasantadria\/wp-json\/wp\/v2\/media\/12449"}],"wp:attachment":[{"href":"https:\/\/agora.xtec.cat\/ceippompeufabrasantadria\/wp-json\/wp\/v2\/media?parent=12447"}],"wp:term":[{"taxonomy":"category","embeddable":true,"href":"https:\/\/agora.xtec.cat\/ceippompeufabrasantadria\/wp-json\/wp\/v2\/categories?post=12447"},{"taxonomy":"post_tag","embeddable":true,"href":"https:\/\/agora.xtec.cat\/ceippompeufabrasantadria\/wp-json\/wp\/v2\/tags?post=12447"}],"curies":[{"name":"wp","href":"https:\/\/api.w.org\/{rel}","templated":true}]}}