{"id":10912,"date":"2022-05-24T14:22:37","date_gmt":"2022-05-24T12:22:37","guid":{"rendered":"https:\/\/agora.xtec.cat\/ceippompeufabrasantadria\/?p=10912"},"modified":"2026-02-03T19:53:43","modified_gmt":"2026-02-03T18:53:43","slug":"tallers-descola-verda-del-cicle-mitja","status":"publish","type":"post","link":"https:\/\/agora.xtec.cat\/ceippompeufabrasantadria\/general\/tallers-descola-verda-del-cicle-mitja\/","title":{"rendered":"3r i 4t participem als tallers d&#8217;escola verda (NAS 12 &#8211; NAS 13)"},"content":{"rendered":"<p>El dijous de la setmana passada l&#8217;alumnat del Cicle Mitj\u00e0 vam fer un taller participatiu a la rotllana de l&#8217;escola relacionat amb el consum responsable. L&#8217;alumnat va jugar a trav\u00e9s d&#8217;una mena de monopoli gegant amb preguntes espec\u00edfiques per reflexionar sobre el consum conscient, moderat i responsable per prevenir entre altres coses, el seu impacte medi ambiental.<\/p>\n<p>A continuaci\u00f3 teniu el recull fotogr\u00e0fic de l&#8217;activitat. Recordeu que heu de clicar a sobre la imatge per accedir a l&#8217;\u00e0lbum de fotos.<\/p>\n<ul>\n<li>Alumnat de 3r:<\/li>\n<\/ul>\n<p><a href=\"https:\/\/photos.app.goo.gl\/Gw3jQ5pQs1qvuKkX9\" target=\"_blank\" rel=\"noopener\"><img loading=\"lazy\" decoding=\"async\" class=\"alignnone  wp-image-10913\" src=\"https:\/\/agora.xtec.cat\/ceippompeufabrasantadria\/wp-content\/uploads\/usu271\/2022\/06\/NAS12-Taller-Escolar-Verda-3r-Trimestre-4t-24-1024x577.jpg\" alt=\"\" width=\"437\" height=\"246\" srcset=\"https:\/\/agora.xtec.cat\/ceippompeufabrasantadria\/wp-content\/uploads\/usu271\/2022\/06\/NAS12-Taller-Escolar-Verda-3r-Trimestre-4t-24-1024x577.jpg 1024w, https:\/\/agora.xtec.cat\/ceippompeufabrasantadria\/wp-content\/uploads\/usu271\/2022\/06\/NAS12-Taller-Escolar-Verda-3r-Trimestre-4t-24-300x169.jpg 300w, https:\/\/agora.xtec.cat\/ceippompeufabrasantadria\/wp-content\/uploads\/usu271\/2022\/06\/NAS12-Taller-Escolar-Verda-3r-Trimestre-4t-24-768x432.jpg 768w, https:\/\/agora.xtec.cat\/ceippompeufabrasantadria\/wp-content\/uploads\/usu271\/2022\/06\/NAS12-Taller-Escolar-Verda-3r-Trimestre-4t-24-1536x865.jpg 1536w, https:\/\/agora.xtec.cat\/ceippompeufabrasantadria\/wp-content\/uploads\/usu271\/2022\/06\/NAS12-Taller-Escolar-Verda-3r-Trimestre-4t-24.jpg 1600w\" sizes=\"auto, (max-width: 437px) 100vw, 437px\" \/><\/a><\/p>\n<p>&nbsp;<\/p>\n<ul>\n<li>Alumnat de 4t:<\/li>\n<\/ul>\n<p><a href=\"https:\/\/photos.app.goo.gl\/4TrsBRQwfmeo8X569\" target=\"_blank\" rel=\"noopener\"><img loading=\"lazy\" decoding=\"async\" class=\"alignnone  wp-image-10914\" src=\"https:\/\/agora.xtec.cat\/ceippompeufabrasantadria\/wp-content\/uploads\/usu271\/2022\/06\/NAS12-Taller-Escolar-Verda-3r-Trimestre-4t-1-1024x576.jpg\" alt=\"\" width=\"443\" height=\"249\" srcset=\"https:\/\/agora.xtec.cat\/ceippompeufabrasantadria\/wp-content\/uploads\/usu271\/2022\/06\/NAS12-Taller-Escolar-Verda-3r-Trimestre-4t-1-1024x576.jpg 1024w, https:\/\/agora.xtec.cat\/ceippompeufabrasantadria\/wp-content\/uploads\/usu271\/2022\/06\/NAS12-Taller-Escolar-Verda-3r-Trimestre-4t-1-300x169.jpg 300w, https:\/\/agora.xtec.cat\/ceippompeufabrasantadria\/wp-content\/uploads\/usu271\/2022\/06\/NAS12-Taller-Escolar-Verda-3r-Trimestre-4t-1-768x432.jpg 768w, https:\/\/agora.xtec.cat\/ceippompeufabrasantadria\/wp-content\/uploads\/usu271\/2022\/06\/NAS12-Taller-Escolar-Verda-3r-Trimestre-4t-1-1536x864.jpg 1536w, https:\/\/agora.xtec.cat\/ceippompeufabrasantadria\/wp-content\/uploads\/usu271\/2022\/06\/NAS12-Taller-Escolar-Verda-3r-Trimestre-4t-1.jpg 2000w\" sizes=\"auto, (max-width: 443px) 100vw, 443px\" \/><\/a><\/p>\n","protected":false},"excerpt":{"rendered":"<p>El dijous de la setmana passada l&#8217;alumnat del Cicle Mitj\u00e0 vam fer un taller participatiu a la rotllana de l&#8217;escola relacionat amb el consum responsable. L&#8217;alumnat va jugar a trav\u00e9s d&#8217;una mena de monopoli gegant amb preguntes espec\u00edfiques per reflexionar sobre el consum conscient, moderat&hellip;  <a href=\"https:\/\/agora.xtec.cat\/ceippompeufabrasantadria\/general\/tallers-descola-verda-del-cicle-mitja\/\" title=\"Read 3r i 4t participem als tallers d&#8217;escola verda (NAS 12 &#8211; NAS 13)\">Llegeix m\u00e9s\u00bb<\/a><\/p>\n","protected":false},"author":8,"featured_media":10915,"comment_status":"open","ping_status":"closed","sticky":false,"template":"","format":"standard","meta":{"_bbp_topic_count":0,"_bbp_reply_count":0,"_bbp_total_topic_count":0,"_bbp_total_reply_count":0,"_bbp_voice_count":0,"_bbp_anonymous_reply_count":0,"_bbp_topic_count_hidden":0,"_bbp_reply_count_hidden":0,"_bbp_forum_subforum_count":0,"footnotes":""},"categories":[12,13,1,25,4,5],"tags":[],"class_list":["post-10912","post","type-post","status-publish","format-standard","has-post-thumbnail","hentry","category-3r","category-4t","category-general","category-medi","category-portada","category-primaria"],"post_mailing_queue_ids":[],"_links":{"self":[{"href":"https:\/\/agora.xtec.cat\/ceippompeufabrasantadria\/wp-json\/wp\/v2\/posts\/10912","targetHints":{"allow":["GET"]}}],"collection":[{"href":"https:\/\/agora.xtec.cat\/ceippompeufabrasantadria\/wp-json\/wp\/v2\/posts"}],"about":[{"href":"https:\/\/agora.xtec.cat\/ceippompeufabrasantadria\/wp-json\/wp\/v2\/types\/post"}],"author":[{"embeddable":true,"href":"https:\/\/agora.xtec.cat\/ceippompeufabrasantadria\/wp-json\/wp\/v2\/users\/8"}],"replies":[{"embeddable":true,"href":"https:\/\/agora.xtec.cat\/ceippompeufabrasantadria\/wp-json\/wp\/v2\/comments?post=10912"}],"version-history":[{"count":2,"href":"https:\/\/agora.xtec.cat\/ceippompeufabrasantadria\/wp-json\/wp\/v2\/posts\/10912\/revisions"}],"predecessor-version":[{"id":15220,"href":"https:\/\/agora.xtec.cat\/ceippompeufabrasantadria\/wp-json\/wp\/v2\/posts\/10912\/revisions\/15220"}],"wp:featuredmedia":[{"embeddable":true,"href":"https:\/\/agora.xtec.cat\/ceippompeufabrasantadria\/wp-json\/wp\/v2\/media\/10915"}],"wp:attachment":[{"href":"https:\/\/agora.xtec.cat\/ceippompeufabrasantadria\/wp-json\/wp\/v2\/media?parent=10912"}],"wp:term":[{"taxonomy":"category","embeddable":true,"href":"https:\/\/agora.xtec.cat\/ceippompeufabrasantadria\/wp-json\/wp\/v2\/categories?post=10912"},{"taxonomy":"post_tag","embeddable":true,"href":"https:\/\/agora.xtec.cat\/ceippompeufabrasantadria\/wp-json\/wp\/v2\/tags?post=10912"}],"curies":[{"name":"wp","href":"https:\/\/api.w.org\/{rel}","templated":true}]}}