{"id":10266,"date":"2022-02-07T09:23:18","date_gmt":"2022-02-07T08:23:18","guid":{"rendered":"https:\/\/agora.xtec.cat\/ceippompeufabrasantadria\/?p=10266"},"modified":"2026-02-03T20:48:39","modified_gmt":"2026-02-03T19:48:39","slug":"iniciem-el-disseny-del-passaport-lector","status":"publish","type":"post","link":"https:\/\/agora.xtec.cat\/ceippompeufabrasantadria\/general\/iniciem-el-disseny-del-passaport-lector\/","title":{"rendered":"Iniciem el disseny del passaport lector"},"content":{"rendered":"<p>Estimades fam\u00edlies, alumnes i mestres,<\/p>\n<p>Des de la Comissi\u00f3 de Biblioteca de l&#8217;escola hem decidit tirar endavant una proposta pedag\u00f2gica de gran valor per realitzar col\u00b7laborativament amb totes i tots vosaltres.\u00a0 Consisteix en fer conjuntament el disseny del\u00a0PASSAPORT\u00a0LECTOR\u00a0que entrar\u00e0 en vigor el curs vinent.<\/p>\n<p>Volem aconseguir que totes les fam\u00edlies de l&#8217;escola, tot el claustre de mestres i l&#8217;alumnat de cada curs, s&#8217;impliquin molt en aquesta proposta!\u00a0 Teniu l&#8217;oportunitat d&#8217;implicar-vos en el disseny de la forma, l&#8217;aspecte, el contingut, proposant lectures o recomanacions que us interessin, fent propostes de reptes, recompenses, premis, segells de certificaci\u00f3 de la lectura&#8230; Treballarem juntament amb les biblioteques p\u00fabliques de Sant Adri\u00e0 de Bes\u00f2s perqu\u00e8 puguin recon\u00e8ixer els nostres segells i col\u00b7laborin amb propostes engrescadores.\u00a0 A classe, treballarem algunes sessions amb l&#8217;alumnat perqu\u00e8 tamb\u00e9 tingui temps de pensar-hi i faci propostes!<\/p>\n<p><strong>Us adjuntem una carta explicativa\u00a0<\/strong><\/p>\n<p>amb tots els detalls de la proposta, dates per al desenvolupament, exemples de\u00a0passaports\u00a0lectors\u00a0i una bona explicaci\u00f3 de com treballarem i quines eines utilitzarem per participar col\u00b7laborativament, fam\u00edlies, alumnat i mestres, en aquest projecte!<\/p>\n<p><a href=\"https:\/\/agora.xtec.cat\/ceippompeufabrasantadria\/wp-content\/uploads\/usu271\/2022\/02\/CARTA-PASSAPORT-LECTOR.pdf\">CARTA PASSAPORT LECTOR<\/a><\/p>\n<p><a href=\"https:\/\/padlet.com\/aestrell\/b3i4pitxbxr1xrrf\">ENLLA\u00c7 AL PADLET COL\u00b7LABORATIU<\/a><\/p>\n<p>EL DISSENY DEL\u00a0PASSAPORT\u00a0LECTOR COMEN\u00c7A&#8230; JAAAA!!!\u00a0 TOTHOM A PARTICIPAR-HI!\u00a0 \u00c9s de vital import\u00e0ncia!\u00a0 Si hi creiem i hi posem il\u00b7lusi\u00f3 i comprom\u00eds totes i tots, AQUESTA PROPOSTA POT DONAR MOLT BONS FRUITS!<\/p>\n<p>Moltes gr\u00e0cies per la vostra col\u00b7laboraci\u00f3!<\/p>\n<p>Us saluda atentament,<\/p>\n<p style=\"text-align: center\">COMISSI\u00d3 DE BIBLIOTECA ESCOLAR<\/p>\n<p style=\"text-align: center\"><strong>Escola Pompeu Fabra<\/strong><\/p>\n<div>\n<div dir=\"ltr\" data-smartmail=\"gmail_signature\">\n<div dir=\"ltr\">\n<div>\n<div>\n<div dir=\"ltr\">\n<div>\n<div style=\"text-align: center\"><span style=\"color: #741b47\"><br \/>\n<img loading=\"lazy\" decoding=\"async\" class=\"CToWUd aligncenter\" src=\"https:\/\/ci4.googleusercontent.com\/proxy\/F5BBxE_NAMq3DVzF_a3S36akHxpBgq9JiDt18cZp3D7M270s2rA7U77S_y4SmYFAnDDhmsuLt-TPOSgUcEDgJAjnjey_6D0-gjYHkGOTky7Piis5pytRsUuVbVX1fNTENLKGGIlc-ZASDwCiElXIa-i2Vfs-Kx_gfJ5Fl83VNozjl7guOIXT1O6VXp4Dy7O9pW9oVGAEgnq2kJ0vOw=s0-d-e1-ft#https:\/\/docs.google.com\/uc?export=download&amp;id=1C7yMohoNZcBPAey8tSuA2ZKZ168GDuR_&amp;revid=0B-2S0WSxZPBEbHJwekw5djJCVFk4cTUrT3I1bE1HTEcrTS9zPQ\" width=\"96\" height=\"68\" \/><\/span><\/div>\n<div style=\"text-align: center\"><\/div>\n<\/div>\n<\/div>\n<\/div>\n<\/div>\n<\/div>\n<\/div>\n<\/div>\n","protected":false},"excerpt":{"rendered":"<p>Estimades fam\u00edlies, alumnes i mestres,<br \/>\nDes de la Comissi\u00f3 de Biblioteca de l&#8217;escola hem decidit tirar endavant una proposta pedag\u00f2gica de gran valor per realitzar col\u00b7laborativament amb totes i tots vosaltres.\u00a0 Consisteix en fer conjuntament el disseny del\u00a0PASSAPORT\u00a0LECTOR\u00a0que entrar\u00e0 en vigor el curs vinent.<br \/>\nVolem aconseguir que&hellip;  <a href=\"https:\/\/agora.xtec.cat\/ceippompeufabrasantadria\/general\/iniciem-el-disseny-del-passaport-lector\/\" title=\"Read Iniciem el disseny del passaport lector\">Llegeix m\u00e9s\u00bb<\/a><\/p>\n","protected":false},"author":30,"featured_media":0,"comment_status":"open","ping_status":"closed","sticky":false,"template":"","format":"standard","meta":{"_bbp_topic_count":0,"_bbp_reply_count":0,"_bbp_total_topic_count":0,"_bbp_total_reply_count":0,"_bbp_voice_count":0,"_bbp_anonymous_reply_count":0,"_bbp_topic_count_hidden":0,"_bbp_reply_count_hidden":0,"_bbp_forum_subforum_count":0,"footnotes":""},"categories":[7,21,48,1,2,4,5],"tags":[],"class_list":["post-10266","post","type-post","status-publish","format-standard","hentry","category-ampa","category-arees-daprenentatge","category-biblioteca","category-general","category-infantil","category-portada","category-primaria"],"post_mailing_queue_ids":[],"_links":{"self":[{"href":"https:\/\/agora.xtec.cat\/ceippompeufabrasantadria\/wp-json\/wp\/v2\/posts\/10266","targetHints":{"allow":["GET"]}}],"collection":[{"href":"https:\/\/agora.xtec.cat\/ceippompeufabrasantadria\/wp-json\/wp\/v2\/posts"}],"about":[{"href":"https:\/\/agora.xtec.cat\/ceippompeufabrasantadria\/wp-json\/wp\/v2\/types\/post"}],"author":[{"embeddable":true,"href":"https:\/\/agora.xtec.cat\/ceippompeufabrasantadria\/wp-json\/wp\/v2\/users\/30"}],"replies":[{"embeddable":true,"href":"https:\/\/agora.xtec.cat\/ceippompeufabrasantadria\/wp-json\/wp\/v2\/comments?post=10266"}],"version-history":[{"count":3,"href":"https:\/\/agora.xtec.cat\/ceippompeufabrasantadria\/wp-json\/wp\/v2\/posts\/10266\/revisions"}],"predecessor-version":[{"id":15296,"href":"https:\/\/agora.xtec.cat\/ceippompeufabrasantadria\/wp-json\/wp\/v2\/posts\/10266\/revisions\/15296"}],"wp:attachment":[{"href":"https:\/\/agora.xtec.cat\/ceippompeufabrasantadria\/wp-json\/wp\/v2\/media?parent=10266"}],"wp:term":[{"taxonomy":"category","embeddable":true,"href":"https:\/\/agora.xtec.cat\/ceippompeufabrasantadria\/wp-json\/wp\/v2\/categories?post=10266"},{"taxonomy":"post_tag","embeddable":true,"href":"https:\/\/agora.xtec.cat\/ceippompeufabrasantadria\/wp-json\/wp\/v2\/tags?post=10266"}],"curies":[{"name":"wp","href":"https:\/\/api.w.org\/{rel}","templated":true}]}}