{"id":10093,"date":"2021-11-23T17:35:21","date_gmt":"2021-11-23T16:35:21","guid":{"rendered":"https:\/\/agora.xtec.cat\/ceippompeufabrasantadria\/?p=10093"},"modified":"2026-02-03T21:04:22","modified_gmt":"2026-02-03T20:04:22","slug":"nas11-coneguem-les-nostres-platges-volei-5e","status":"publish","type":"post","link":"https:\/\/agora.xtec.cat\/ceippompeufabrasantadria\/portada\/nas11-coneguem-les-nostres-platges-volei-5e\/","title":{"rendered":"Els nens i les nenes de 5\u00e8 participem a l&#8217;activitat &#8220;coneguem les nostres platges&#8221; i aprofitem tamb\u00e9 per jugar a voleibol (NAS 11)"},"content":{"rendered":"<p>&nbsp;<\/p>\n<p>L\u2019alumnat de 5\u00e8 ha fet una sortida molt interessant que es diu \u201cConeguem les nostres platges\u201d. A m\u00e9s a m\u00e9s han vingut 1 monitor i 1 monitora de l\u2019equip de V\u00f2lei de Sant Adri\u00e0 per ensenyar-nos una mica aquest esport tan bonic.<\/p>\n<p>Hem anat caminant fins la platja del Forum. Al arribar un 5\u00e8 va comen\u00e7ar a esmorzar i a fer un dossier amb activitats interessant de les platges metropolitanes i l\u2019altre 5\u00e8 va comen\u00e7ar amb els monitors de v\u00f2lei.<\/p>\n<p>Despr\u00e8s vam canviar i ho van fer a l&#8217;inrev\u00e9s.<\/p>\n<p>Quan van acabar el dossier d\u2019activitats van tenir una estona per poder jugar a la platja.<\/p>\n<p>La veritat es que hem apr\u00e8s molt sobre les platges metropolitanes i algun<\/p>\n<p>\u201ctoque o pase\u201d de V\u00f2lei!!. Ens ha agradat molt la sortida.<\/p>\n<p style=\"text-align: center;\">Les nenes i els nens de 5\u00e8.<a href=\"https:\/\/photos.app.goo.gl\/7syzCv8v96vvxHvZ9\"><br \/>\n<img loading=\"lazy\" decoding=\"async\" class=\"aligncenter size-medium wp-image-10094\" src=\"https:\/\/agora.xtec.cat\/ceippompeufabrasantadria\/wp-content\/uploads\/usu271\/2021\/11\/20211118_121722_opt-300x225.jpg\" alt=\"\" width=\"300\" height=\"225\" srcset=\"https:\/\/agora.xtec.cat\/ceippompeufabrasantadria\/wp-content\/uploads\/usu271\/2021\/11\/20211118_121722_opt-300x225.jpg 300w, https:\/\/agora.xtec.cat\/ceippompeufabrasantadria\/wp-content\/uploads\/usu271\/2021\/11\/20211118_121722_opt-200x150.jpg 200w, https:\/\/agora.xtec.cat\/ceippompeufabrasantadria\/wp-content\/uploads\/usu271\/2021\/11\/20211118_121722_opt.jpg 400w\" sizes=\"auto, (max-width: 300px) 100vw, 300px\" \/><em>Clica a la imatge per veure la galeria.<\/em><\/a><\/p>\n","protected":false},"excerpt":{"rendered":"<p>&nbsp; L\u2019alumnat de 5\u00e8 ha fet una sortida molt interessant que es diu \u201cConeguem les nostres platges\u201d. A m\u00e9s a m\u00e9s han vingut 1 monitor i 1 monitora de l\u2019equip de V\u00f2lei de Sant Adri\u00e0 per ensenyar-nos una mica aquest esport tan bonic. Hem anat caminant fins la platja del Forum. Al arribar un 5\u00e8 [&hellip;]<\/p>\n","protected":false},"author":37,"featured_media":0,"comment_status":"closed","ping_status":"closed","sticky":false,"template":"","format":"standard","meta":{"_bbp_topic_count":0,"_bbp_reply_count":0,"_bbp_total_topic_count":0,"_bbp_total_reply_count":0,"_bbp_voice_count":0,"_bbp_anonymous_reply_count":0,"_bbp_topic_count_hidden":0,"_bbp_reply_count_hidden":0,"_bbp_forum_subforum_count":0,"site-sidebar-layout":"default","site-content-layout":"","ast-site-content-layout":"","site-content-style":"default","site-sidebar-style":"default","ast-global-header-display":"","ast-banner-title-visibility":"","ast-main-header-display":"","ast-hfb-above-header-display":"","ast-hfb-below-header-display":"","ast-hfb-mobile-header-display":"","site-post-title":"","ast-breadcrumbs-content":"","ast-featured-img":"","footer-sml-layout":"","theme-transparent-header-meta":"","adv-header-id-meta":"","stick-header-meta":"","header-above-stick-meta":"","header-main-stick-meta":"","header-below-stick-meta":"","astra-migrate-meta-layouts":"default","ast-page-background-enabled":"default","ast-page-background-meta":{"desktop":{"background-color":"var(--ast-global-color-4)","background-image":"","background-repeat":"repeat","background-position":"center center","background-size":"auto","background-attachment":"scroll","background-type":"","background-media":"","overlay-type":"","overlay-color":"","overlay-opacity":"","overlay-gradient":""},"tablet":{"background-color":"","background-image":"","background-repeat":"repeat","background-position":"center center","background-size":"auto","background-attachment":"scroll","background-type":"","background-media":"","overlay-type":"","overlay-color":"","overlay-opacity":"","overlay-gradient":""},"mobile":{"background-color":"","background-image":"","background-repeat":"repeat","background-position":"center center","background-size":"auto","background-attachment":"scroll","background-type":"","background-media":"","overlay-type":"","overlay-color":"","overlay-opacity":"","overlay-gradient":""}},"ast-content-background-meta":{"desktop":{"background-color":"var(--ast-global-color-5)","background-image":"","background-repeat":"repeat","background-position":"center center","background-size":"auto","background-attachment":"scroll","background-type":"","background-media":"","overlay-type":"","overlay-color":"","overlay-opacity":"","overlay-gradient":""},"tablet":{"background-color":"var(--ast-global-color-5)","background-image":"","background-repeat":"repeat","background-position":"center center","background-size":"auto","background-attachment":"scroll","background-type":"","background-media":"","overlay-type":"","overlay-color":"","overlay-opacity":"","overlay-gradient":""},"mobile":{"background-color":"var(--ast-global-color-5)","background-image":"","background-repeat":"repeat","background-position":"center center","background-size":"auto","background-attachment":"scroll","background-type":"","background-media":"","overlay-type":"","overlay-color":"","overlay-opacity":"","overlay-gradient":""}},"footnotes":""},"categories":[14,4],"tags":[],"class_list":["post-10093","post","type-post","status-publish","format-standard","hentry","category-5e","category-portada"],"post_mailing_queue_ids":[],"_links":{"self":[{"href":"https:\/\/agora.xtec.cat\/ceippompeufabrasantadria\/wp-json\/wp\/v2\/posts\/10093","targetHints":{"allow":["GET"]}}],"collection":[{"href":"https:\/\/agora.xtec.cat\/ceippompeufabrasantadria\/wp-json\/wp\/v2\/posts"}],"about":[{"href":"https:\/\/agora.xtec.cat\/ceippompeufabrasantadria\/wp-json\/wp\/v2\/types\/post"}],"author":[{"embeddable":true,"href":"https:\/\/agora.xtec.cat\/ceippompeufabrasantadria\/wp-json\/wp\/v2\/users\/37"}],"replies":[{"embeddable":true,"href":"https:\/\/agora.xtec.cat\/ceippompeufabrasantadria\/wp-json\/wp\/v2\/comments?post=10093"}],"version-history":[{"count":4,"href":"https:\/\/agora.xtec.cat\/ceippompeufabrasantadria\/wp-json\/wp\/v2\/posts\/10093\/revisions"}],"predecessor-version":[{"id":15340,"href":"https:\/\/agora.xtec.cat\/ceippompeufabrasantadria\/wp-json\/wp\/v2\/posts\/10093\/revisions\/15340"}],"wp:attachment":[{"href":"https:\/\/agora.xtec.cat\/ceippompeufabrasantadria\/wp-json\/wp\/v2\/media?parent=10093"}],"wp:term":[{"taxonomy":"category","embeddable":true,"href":"https:\/\/agora.xtec.cat\/ceippompeufabrasantadria\/wp-json\/wp\/v2\/categories?post=10093"},{"taxonomy":"post_tag","embeddable":true,"href":"https:\/\/agora.xtec.cat\/ceippompeufabrasantadria\/wp-json\/wp\/v2\/tags?post=10093"}],"curies":[{"name":"wp","href":"https:\/\/api.w.org\/{rel}","templated":true}]}}