{"id":10059,"date":"2021-10-23T13:50:16","date_gmt":"2021-10-23T11:50:16","guid":{"rendered":"https:\/\/agora.xtec.cat\/ceippompeufabrasantadria\/?p=10059"},"modified":"2026-02-03T21:12:27","modified_gmt":"2026-02-03T20:12:27","slug":"3r-sen-va-a-coneixer-la-vida-dun-riu","status":"publish","type":"post","link":"https:\/\/agora.xtec.cat\/ceippompeufabrasantadria\/general\/3r-sen-va-a-coneixer-la-vida-dun-riu\/","title":{"rendered":"3r se&#8217;n va a con\u00e8ixer la vida d&#8217;un riu (NAS 13)"},"content":{"rendered":"<p>Els nens i les nenes de 3r han gaudit aquest dimarts de la sortida &#8220;La vida d&#8217;un riu&#8221; per con\u00e8ixer de primera m\u00e0 on creixen els rius i quin ecosistema els envolta. Han fet el mateix en el curs mitj\u00e0 i en la desembocadura. D&#8217;aquesta manera han pogut con\u00e8ixer de manera vivencial i manipulativa les caracter\u00edstiques que t\u00e9 un riu i la fauna i flora que hi ha en tres tipus de paisatges diferents.<\/p>\n<p>La veritat \u00e9s que a part d&#8217;aprendre han pogut gaudir de la naturalesa i d&#8217;una sortida per poder gaudir dels nous companys i de les noves companyes de classe i de les seves mestres noves.<\/p>\n<p>Si cliqueu sobre la seg\u00fcent imatge podreu accedir a l&#8217;\u00e0lbum virtual:<\/p>\n<p><a href=\"https:\/\/photos.app.goo.gl\/1h5nDRy3iQmJUnxS6\" target=\"_blank\" rel=\"noopener\"><img loading=\"lazy\" decoding=\"async\" class=\"alignnone  wp-image-10060\" src=\"https:\/\/agora.xtec.cat\/ceippompeufabrasantadria\/wp-content\/uploads\/usu271\/2021\/11\/NAS13-La-Vida-dun-Riu-3r-31-768x1024.jpg\" alt=\"\" width=\"448\" height=\"598\" srcset=\"https:\/\/agora.xtec.cat\/ceippompeufabrasantadria\/wp-content\/uploads\/usu271\/2021\/11\/NAS13-La-Vida-dun-Riu-3r-31-768x1023.jpg 768w, https:\/\/agora.xtec.cat\/ceippompeufabrasantadria\/wp-content\/uploads\/usu271\/2021\/11\/NAS13-La-Vida-dun-Riu-3r-31-225x300.jpg 225w, https:\/\/agora.xtec.cat\/ceippompeufabrasantadria\/wp-content\/uploads\/usu271\/2021\/11\/NAS13-La-Vida-dun-Riu-3r-31-1153x1536.jpg 1153w, https:\/\/agora.xtec.cat\/ceippompeufabrasantadria\/wp-content\/uploads\/usu271\/2021\/11\/NAS13-La-Vida-dun-Riu-3r-31.jpg 1200w\" sizes=\"auto, (max-width: 448px) 100vw, 448px\" \/><\/a><\/p>\n","protected":false},"excerpt":{"rendered":"<p>Els nens i les nenes de 3r han gaudit aquest dimarts de la sortida &#8220;La vida d&#8217;un riu&#8221; per con\u00e8ixer de primera m\u00e0 on creixen els rius i quin ecosistema els envolta. Han fet el mateix en el curs mitj\u00e0 i en la desembocadura. D&#8217;aquesta&hellip;  <a href=\"https:\/\/agora.xtec.cat\/ceippompeufabrasantadria\/general\/3r-sen-va-a-coneixer-la-vida-dun-riu\/\" title=\"Read 3r se&#8217;n va a con\u00e8ixer la vida d&#8217;un riu (NAS 13)\">Llegeix m\u00e9s\u00bb<\/a><\/p>\n","protected":false},"author":8,"featured_media":10061,"comment_status":"open","ping_status":"closed","sticky":false,"template":"","format":"standard","meta":{"_bbp_topic_count":0,"_bbp_reply_count":0,"_bbp_total_topic_count":0,"_bbp_total_reply_count":0,"_bbp_voice_count":0,"_bbp_anonymous_reply_count":0,"_bbp_topic_count_hidden":0,"_bbp_reply_count_hidden":0,"_bbp_forum_subforum_count":0,"footnotes":""},"categories":[12,1,25,4,5],"tags":[],"class_list":["post-10059","post","type-post","status-publish","format-standard","has-post-thumbnail","hentry","category-3r","category-general","category-medi","category-portada","category-primaria"],"post_mailing_queue_ids":[],"_links":{"self":[{"href":"https:\/\/agora.xtec.cat\/ceippompeufabrasantadria\/wp-json\/wp\/v2\/posts\/10059","targetHints":{"allow":["GET"]}}],"collection":[{"href":"https:\/\/agora.xtec.cat\/ceippompeufabrasantadria\/wp-json\/wp\/v2\/posts"}],"about":[{"href":"https:\/\/agora.xtec.cat\/ceippompeufabrasantadria\/wp-json\/wp\/v2\/types\/post"}],"author":[{"embeddable":true,"href":"https:\/\/agora.xtec.cat\/ceippompeufabrasantadria\/wp-json\/wp\/v2\/users\/8"}],"replies":[{"embeddable":true,"href":"https:\/\/agora.xtec.cat\/ceippompeufabrasantadria\/wp-json\/wp\/v2\/comments?post=10059"}],"version-history":[{"count":2,"href":"https:\/\/agora.xtec.cat\/ceippompeufabrasantadria\/wp-json\/wp\/v2\/posts\/10059\/revisions"}],"predecessor-version":[{"id":15362,"href":"https:\/\/agora.xtec.cat\/ceippompeufabrasantadria\/wp-json\/wp\/v2\/posts\/10059\/revisions\/15362"}],"wp:featuredmedia":[{"embeddable":true,"href":"https:\/\/agora.xtec.cat\/ceippompeufabrasantadria\/wp-json\/wp\/v2\/media\/10061"}],"wp:attachment":[{"href":"https:\/\/agora.xtec.cat\/ceippompeufabrasantadria\/wp-json\/wp\/v2\/media?parent=10059"}],"wp:term":[{"taxonomy":"category","embeddable":true,"href":"https:\/\/agora.xtec.cat\/ceippompeufabrasantadria\/wp-json\/wp\/v2\/categories?post=10059"},{"taxonomy":"post_tag","embeddable":true,"href":"https:\/\/agora.xtec.cat\/ceippompeufabrasantadria\/wp-json\/wp\/v2\/tags?post=10059"}],"curies":[{"name":"wp","href":"https:\/\/api.w.org\/{rel}","templated":true}]}}