{"id":10008,"date":"2021-11-03T11:27:14","date_gmt":"2021-11-03T10:27:14","guid":{"rendered":"https:\/\/agora.xtec.cat\/ceippompeufabrasantadria\/?p=10008"},"modified":"2026-02-03T21:09:00","modified_gmt":"2026-02-03T20:09:00","slug":"seminari-de-coordinacio-de-coeducacio-de-sant-adria-de-besos","status":"publish","type":"post","link":"https:\/\/agora.xtec.cat\/ceippompeufabrasantadria\/infantil\/seminari-de-coordinacio-de-coeducacio-de-sant-adria-de-besos\/","title":{"rendered":"Seminari de Coordinaci\u00f3 de Coeducaci\u00f3 de Sant Adri\u00e0 de Bes\u00f2s"},"content":{"rendered":"<p><span style=\"font-weight: 400\">L\u2019any 2013, impulsada per la regidoria de pol\u00edtiques d\u2019igualtat de l\u2019ajuntament, el CIOD i el CRP, s\u2019iniciava la Xarxa de Coeducaci\u00f3 de Sant Adri\u00e0. Un espai on es pretenia generar una reflexi\u00f3 i un treball al voltant de diversos temes vinculats a la coeducaci\u00f3 per part de les i els professionals dels centres educatius del municipi.<\/span><\/p>\n<p><span style=\"font-weight: 400\">L\u2019acollida va ser tan bona, que actualment som un Seminari on estem representades totes les escoles i instituts de la ciutat de Sant Adri\u00e0 de Bes\u00f2s.<\/span><\/p>\n<p><span style=\"font-weight: 400\">La nostra tasca fonamental \u00e9s visibilitzar les desigualtats i conflictes que es viuen al centre relacionades amb el g\u00e8nere i la diversitat sexual, i reflexionar i actuar al respecte.<\/span><\/p>\n<p><span style=\"font-weight: 400\">Pretenem integrar la coeducaci\u00f3 com a eix transversal del nostre sistema educatiu, tot incorporant propostes did\u00e0ctiques al nostre dia a dia que facin prendre conci\u00e8ncia al nostre alumnat d\u2019aquestes problem\u00e0tiques i li doni eines per a relacionar-se de millor manera.<\/span><\/p>\n<p><span style=\"font-weight: 400\">Tamb\u00e9 participem i fem difusi\u00f3 de les activitats que es duen a terme al nostre municipi, com tallers i exposicions pensades pel 8M o el 25N, entre d\u2019altres.<\/span><\/p>\n<p><span style=\"font-weight: 400\">A m\u00e9s a m\u00e9s, la XCSA tamb\u00e9 pret\u00e9n fer xarxa, treballar plegades i recolzar-nos entre totes les i els professionals de les escoles i instituts de Sant Adri\u00e0.<\/span><\/p>\n<p><span style=\"font-weight: 400\">Aquest curs, hem fet un pas m\u00e9s i ens plau presentar-vos la nova imatge del Seminari amb aquest logo (obra del Guille de las Heras Flo, mestre de M\u00fasica de l\u2019Escola Pompeu Fabra i participant del Seminari).<\/span><\/p>\n<p><a href=\"https:\/\/agora.xtec.cat\/ceippompeufabrasantadria\/wp-content\/uploads\/usu271\/2021\/11\/Imatge_Logo_Coeducacio.png\"><img loading=\"lazy\" decoding=\"async\" class=\" wp-image-10009 aligncenter\" src=\"https:\/\/agora.xtec.cat\/ceippompeufabrasantadria\/wp-content\/uploads\/usu271\/2021\/11\/Imatge_Logo_Coeducacio-707x1024.png\" alt=\"\" width=\"202\" height=\"291\" srcset=\"https:\/\/agora.xtec.cat\/ceippompeufabrasantadria\/wp-content\/uploads\/usu271\/2021\/11\/Imatge_Logo_Coeducacio-768x1112.png 768w, https:\/\/agora.xtec.cat\/ceippompeufabrasantadria\/wp-content\/uploads\/usu271\/2021\/11\/Imatge_Logo_Coeducacio-1061x1536.png 1061w, https:\/\/agora.xtec.cat\/ceippompeufabrasantadria\/wp-content\/uploads\/usu271\/2021\/11\/Imatge_Logo_Coeducacio-1415x2048.png 1415w\" sizes=\"auto, (max-width: 202px) 100vw, 202px\" \/><\/a><\/p>\n<p><span style=\"font-weight: 400\">Seguim amb la nostra tasca acompanyant el nostre alumnat cap a un futur m\u00e9s igualitari, equitatiu, respectu\u00f3s i tolerant.<\/span><\/p>\n<p>&nbsp;<\/p>\n<p style=\"text-align: right\"><span style=\"font-weight: 400\">Seminari de Coeducaci\u00f3 de Sant Adri\u00e0 de Bes\u00f2s.<\/span><\/p>\n","protected":false},"excerpt":{"rendered":"<p>L\u2019any 2013, impulsada per la regidoria de pol\u00edtiques d\u2019igualtat de l\u2019ajuntament, el CIOD i el CRP, s\u2019iniciava la Xarxa de Coeducaci\u00f3 de Sant Adri\u00e0. Un espai on es pretenia generar una reflexi\u00f3 i un treball al voltant de diversos temes vinculats a la coeducaci\u00f3 per&hellip;  <a href=\"https:\/\/agora.xtec.cat\/ceippompeufabrasantadria\/infantil\/seminari-de-coordinacio-de-coeducacio-de-sant-adria-de-besos\/\" title=\"Read Seminari de Coordinaci\u00f3 de Coeducaci\u00f3 de Sant Adri\u00e0 de Bes\u00f2s\">Llegeix m\u00e9s\u00bb<\/a><\/p>\n","protected":false},"author":22,"featured_media":0,"comment_status":"closed","ping_status":"closed","sticky":false,"template":"","format":"standard","meta":{"_bbp_topic_count":0,"_bbp_reply_count":0,"_bbp_total_topic_count":0,"_bbp_total_reply_count":0,"_bbp_voice_count":0,"_bbp_anonymous_reply_count":0,"_bbp_topic_count_hidden":0,"_bbp_reply_count_hidden":0,"_bbp_forum_subforum_count":0,"footnotes":""},"categories":[126,2,4,5,157],"tags":[],"class_list":["post-10008","post","type-post","status-publish","format-standard","hentry","category-ed-valors","category-infantil","category-portada","category-primaria","category-siei"],"post_mailing_queue_ids":[],"_links":{"self":[{"href":"https:\/\/agora.xtec.cat\/ceippompeufabrasantadria\/wp-json\/wp\/v2\/posts\/10008","targetHints":{"allow":["GET"]}}],"collection":[{"href":"https:\/\/agora.xtec.cat\/ceippompeufabrasantadria\/wp-json\/wp\/v2\/posts"}],"about":[{"href":"https:\/\/agora.xtec.cat\/ceippompeufabrasantadria\/wp-json\/wp\/v2\/types\/post"}],"author":[{"embeddable":true,"href":"https:\/\/agora.xtec.cat\/ceippompeufabrasantadria\/wp-json\/wp\/v2\/users\/22"}],"replies":[{"embeddable":true,"href":"https:\/\/agora.xtec.cat\/ceippompeufabrasantadria\/wp-json\/wp\/v2\/comments?post=10008"}],"version-history":[{"count":3,"href":"https:\/\/agora.xtec.cat\/ceippompeufabrasantadria\/wp-json\/wp\/v2\/posts\/10008\/revisions"}],"predecessor-version":[{"id":15354,"href":"https:\/\/agora.xtec.cat\/ceippompeufabrasantadria\/wp-json\/wp\/v2\/posts\/10008\/revisions\/15354"}],"wp:attachment":[{"href":"https:\/\/agora.xtec.cat\/ceippompeufabrasantadria\/wp-json\/wp\/v2\/media?parent=10008"}],"wp:term":[{"taxonomy":"category","embeddable":true,"href":"https:\/\/agora.xtec.cat\/ceippompeufabrasantadria\/wp-json\/wp\/v2\/categories?post=10008"},{"taxonomy":"post_tag","embeddable":true,"href":"https:\/\/agora.xtec.cat\/ceippompeufabrasantadria\/wp-json\/wp\/v2\/tags?post=10008"}],"curies":[{"name":"wp","href":"https:\/\/api.w.org\/{rel}","templated":true}]}}