{"id":7680,"date":"2019-11-13T19:18:30","date_gmt":"2019-11-13T18:18:30","guid":{"rendered":"http:\/\/agora.xtec.cat\/ceippladelesvinyes\/?p=7680"},"modified":"2019-11-13T19:20:21","modified_gmt":"2019-11-13T18:20:21","slug":"dia-3-kindergarden-at-targoviste","status":"publish","type":"post","link":"https:\/\/agora.xtec.cat\/ceippladelesvinyes\/portada\/dia-3-kindergarden-at-targoviste\/","title":{"rendered":"Dia 3: Kindergarden at Targoviste"},"content":{"rendered":"<p>Hola fam\u00edlies,<\/p>\n<p>Continua la nostra aventura per terres romaneses. Avui ha tocat la visita a la Gradinita cu PP nr.1 de Targoviste. Segurament us esteu preguntant, qu\u00e8 vol dir? Doncs &#8220;gradinita&#8221; \u00e9s l&#8217;escola d&#8217;Educaci\u00f3 Infantil.<\/p>\n<p>Segueixen la metodologia &#8220;Step by step&#8221; i est\u00e0 molt implicada en projectes d&#8217;intercanvi amb altres escoles europees.<\/p>\n<p>Avui hem visitat les diferents aules de 3 a 6 anys on ens han mostrat:<\/p>\n<ul>\n<li>Passarel\u00b7la de disfresses amb material reciclat.<\/li>\n<li>Observaci\u00f3 dels diferents racons d&#8217;aprenentatge.<\/li>\n<li>Audici\u00f3 de percussi\u00f3 amb material reciclat.<\/li>\n<li>Representaci\u00f3 del creixement d&#8217;una planta.<\/li>\n<li>Explicaci\u00f3 del Projecte Educatiu de l&#8217;escola.<\/li>\n<li>Elaboraci\u00f3 del logotip del projecte amb material reciclat.<\/li>\n<\/ul>\n<p>Valorem molt positivament l&#8217;experi\u00e8ncia del dia d&#8217;avui.<\/p>\n<p>Per veure-ho en imatges, cliqueu <a href=\"https:\/\/photos.app.goo.gl\/NezXVhtmonYv2QTL6\">aqu\u00ed<\/a>.<\/p>\n","protected":false},"excerpt":{"rendered":"<p>Hola fam\u00edlies, Continua la nostra aventura per terres romaneses. Avui ha tocat la visita a la Gradinita cu PP nr.1 de Targoviste. Segurament us esteu preguntant, qu\u00e8 vol dir? Doncs &#8220;gradinita&#8221; \u00e9s l&#8217;escola d&#8217;Educaci\u00f3 Infantil. Segueixen la metodologia &#8220;Step by step&#8221; i est\u00e0 molt implicada en projectes d&#8217;intercanvi amb altres escoles europees. Avui hem visitat [&hellip;]<\/p>\n","protected":false},"author":1,"featured_media":7681,"comment_status":"open","ping_status":"closed","sticky":false,"template":"","format":"standard","meta":{"_bbp_topic_count":0,"_bbp_reply_count":0,"_bbp_total_topic_count":0,"_bbp_total_reply_count":0,"_bbp_voice_count":0,"_bbp_anonymous_reply_count":0,"_bbp_topic_count_hidden":0,"_bbp_reply_count_hidden":0,"_bbp_forum_subforum_count":0,"site-sidebar-layout":"default","site-content-layout":"","ast-site-content-layout":"","site-content-style":"default","site-sidebar-style":"default","ast-global-header-display":"","ast-banner-title-visibility":"","ast-main-header-display":"","ast-hfb-above-header-display":"","ast-hfb-below-header-display":"","ast-hfb-mobile-header-display":"","site-post-title":"","ast-breadcrumbs-content":"","ast-featured-img":"","footer-sml-layout":"","theme-transparent-header-meta":"","adv-header-id-meta":"","stick-header-meta":"","header-above-stick-meta":"","header-main-stick-meta":"","header-below-stick-meta":"","astra-migrate-meta-layouts":"default","ast-page-background-enabled":"default","ast-page-background-meta":{"desktop":{"background-color":"var(--ast-global-color-4)","background-image":"","background-repeat":"repeat","background-position":"center center","background-size":"auto","background-attachment":"scroll","background-type":"","background-media":"","overlay-type":"","overlay-color":"","overlay-opacity":"","overlay-gradient":""},"tablet":{"background-color":"","background-image":"","background-repeat":"repeat","background-position":"center center","background-size":"auto","background-attachment":"scroll","background-type":"","background-media":"","overlay-type":"","overlay-color":"","overlay-opacity":"","overlay-gradient":""},"mobile":{"background-color":"","background-image":"","background-repeat":"repeat","background-position":"center center","background-size":"auto","background-attachment":"scroll","background-type":"","background-media":"","overlay-type":"","overlay-color":"","overlay-opacity":"","overlay-gradient":""}},"ast-content-background-meta":{"desktop":{"background-color":"var(--ast-global-color-5)","background-image":"","background-repeat":"repeat","background-position":"center center","background-size":"auto","background-attachment":"scroll","background-type":"","background-media":"","overlay-type":"","overlay-color":"","overlay-opacity":"","overlay-gradient":""},"tablet":{"background-color":"var(--ast-global-color-5)","background-image":"","background-repeat":"repeat","background-position":"center center","background-size":"auto","background-attachment":"scroll","background-type":"","background-media":"","overlay-type":"","overlay-color":"","overlay-opacity":"","overlay-gradient":""},"mobile":{"background-color":"var(--ast-global-color-5)","background-image":"","background-repeat":"repeat","background-position":"center center","background-size":"auto","background-attachment":"scroll","background-type":"","background-media":"","overlay-type":"","overlay-color":"","overlay-opacity":"","overlay-gradient":""}},"footnotes":""},"categories":[385,4],"tags":[],"class_list":["post-7680","post","type-post","status-publish","format-standard","has-post-thumbnail","hentry","category-erasmus-my-world-your-world-our-world","category-portada"],"post_mailing_queue_ids":[],"_links":{"self":[{"href":"https:\/\/agora.xtec.cat\/ceippladelesvinyes\/wp-json\/wp\/v2\/posts\/7680","targetHints":{"allow":["GET"]}}],"collection":[{"href":"https:\/\/agora.xtec.cat\/ceippladelesvinyes\/wp-json\/wp\/v2\/posts"}],"about":[{"href":"https:\/\/agora.xtec.cat\/ceippladelesvinyes\/wp-json\/wp\/v2\/types\/post"}],"author":[{"embeddable":true,"href":"https:\/\/agora.xtec.cat\/ceippladelesvinyes\/wp-json\/wp\/v2\/users\/1"}],"replies":[{"embeddable":true,"href":"https:\/\/agora.xtec.cat\/ceippladelesvinyes\/wp-json\/wp\/v2\/comments?post=7680"}],"version-history":[{"count":1,"href":"https:\/\/agora.xtec.cat\/ceippladelesvinyes\/wp-json\/wp\/v2\/posts\/7680\/revisions"}],"predecessor-version":[{"id":7682,"href":"https:\/\/agora.xtec.cat\/ceippladelesvinyes\/wp-json\/wp\/v2\/posts\/7680\/revisions\/7682"}],"wp:featuredmedia":[{"embeddable":true,"href":"https:\/\/agora.xtec.cat\/ceippladelesvinyes\/wp-json\/wp\/v2\/media\/7681"}],"wp:attachment":[{"href":"https:\/\/agora.xtec.cat\/ceippladelesvinyes\/wp-json\/wp\/v2\/media?parent=7680"}],"wp:term":[{"taxonomy":"category","embeddable":true,"href":"https:\/\/agora.xtec.cat\/ceippladelesvinyes\/wp-json\/wp\/v2\/categories?post=7680"},{"taxonomy":"post_tag","embeddable":true,"href":"https:\/\/agora.xtec.cat\/ceippladelesvinyes\/wp-json\/wp\/v2\/tags?post=7680"}],"curies":[{"name":"wp","href":"https:\/\/api.w.org\/{rel}","templated":true}]}}