{"id":15124,"date":"2026-04-29T09:55:33","date_gmt":"2026-04-29T07:55:33","guid":{"rendered":"https:\/\/agora.xtec.cat\/ceippladelesvinyes\/?p=15124"},"modified":"2026-04-29T12:55:14","modified_gmt":"2026-04-29T10:55:14","slug":"i4-i-i5-marxen-de-colonies","status":"publish","type":"post","link":"https:\/\/agora.xtec.cat\/ceippladelesvinyes\/portada\/i4-i-i5-marxen-de-colonies\/","title":{"rendered":"I4 i I5 MARXEN DE COL\u00d2NIES"},"content":{"rendered":"\n<p>Aquest mat\u00ed, el pati de l\u2019escola s\u2019ha despertat amb una energia especial. Motxilles m\u00e9s grans del que \u00e9s habitual, sacs de dormir que gaireb\u00e9 arrosseguen per terra i cares que barregen nervis i entusiasme anunciaven un dels dies m\u00e9s esperats del curs: la sortida de col\u00f2nies dels infants d\u2019I4 i I5 del Pla de les Vinyes cap a Mas Mad\u00f3.<\/p>\n\n\n\n<p>Des de primera hora, les fam\u00edlies s\u2019han anat concentrant a l\u2019entrada de l\u2019escola. Alguns infants arribaven corrents per trobar els seus companys, mentre d\u2019altres s\u2019aferraven encara a la m\u00e0 dels pares, amb aquella emoci\u00f3 continguda pr\u00f2pia de qui sap que viur\u00e0 una aventura nova lluny de casa. Les mestres, somrients, anaven rebent-los i ajudant a organitzar l\u2019equipatge, intentant posar una mica d\u2019ordre dins d\u2019aquell dol\u00e7 caos.<\/p>\n\n\n\n<p>El moment dels retrobaments ha estat ple de crits d\u2019alegria: \u201cMira, jo tamb\u00e9 porto la mateixa cantimplora!\u201d, \u201cDormirem junts!\u201d, \u201cHe portat el meu peluix!\u201d. Les converses s\u2019encavalcaven mentre els infants compartien il\u00b7lusions i comparaven motxilles, fent m\u00e9s curta l\u2019espera.<\/p>\n\n\n\n<p>Per\u00f2, sens dubte, el moment m\u00e9s intens ha arribat amb l\u2019acomiadament. Abra\u00e7ades llargues, petons repetits i alguna ll\u00e0grima \u2014tant dels petits com dels grans\u2014 han marcat aquests instants. \u201cPassa-t\u2019ho molt b\u00e9\u201d, \u201cFes cas a les mestres\u201d, \u201cJa veur\u00e0s com t\u2019agrada\u201d, repetien mares i pares, intentant transmetre tranquil\u00b7litat mentre deixaven anar, per uns dies, all\u00f2 m\u00e9s preuat.<\/p>\n\n\n\n<p>Amb l\u2019autocar ja a punt, els infants han anat pujant d\u2019un en un, alguns amb decisi\u00f3, d\u2019altres girant-se per fer l\u2019\u00faltim ad\u00e9u amb la m\u00e0. Des de dins, els vidres s\u2019han omplert de cares expectants i mans que saludaven amb entusiasme. A fora, les fam\u00edlies responien amb somriures i gestos d\u2019\u00e0nim.<\/p>\n\n\n\n<p>Quan finalment l\u2019autocar ha engegat, una barreja d\u2019aplaudiments i crits d\u2019alegria ha omplert l\u2019aire. Comen\u00e7ava aix\u00ed una experi\u00e8ncia que, de ben segur, quedar\u00e0 gravada en la mem\u00f2ria dels infants: dies de natura, conviv\u00e8ncia i descobertes a Mas Bad\u00f3.<\/p>\n\n\n\n<figure class=\"wp-block-gallery has-nested-images columns-default is-cropped wp-block-gallery-1 is-layout-flex wp-block-gallery-is-layout-flex\">\n<figure class=\"wp-block-image size-large\"><img loading=\"lazy\" decoding=\"async\" width=\"849\" height=\"748\" data-id=\"15127\" src=\"https:\/\/agora.xtec.cat\/ceippladelesvinyes\/wp-content\/uploads\/usu1439\/2026\/04\/1-2.png\" alt=\"\" class=\"wp-image-15127\" srcset=\"https:\/\/agora.xtec.cat\/ceippladelesvinyes\/wp-content\/uploads\/usu1439\/2026\/04\/1-2.png 849w, https:\/\/agora.xtec.cat\/ceippladelesvinyes\/wp-content\/uploads\/usu1439\/2026\/04\/1-2-290x256.png 290w, https:\/\/agora.xtec.cat\/ceippladelesvinyes\/wp-content\/uploads\/usu1439\/2026\/04\/1-2-768x677.png 768w\" sizes=\"auto, (max-width: 849px) 100vw, 849px\" \/><\/figure>\n\n\n\n<figure class=\"wp-block-image size-large\"><img loading=\"lazy\" decoding=\"async\" width=\"768\" height=\"1024\" data-id=\"15125\" src=\"https:\/\/agora.xtec.cat\/ceippladelesvinyes\/wp-content\/uploads\/usu1439\/2026\/04\/2-768x1024.jpg\" alt=\"\" class=\"wp-image-15125\" srcset=\"https:\/\/agora.xtec.cat\/ceippladelesvinyes\/wp-content\/uploads\/usu1439\/2026\/04\/2-768x1024.jpg 768w, https:\/\/agora.xtec.cat\/ceippladelesvinyes\/wp-content\/uploads\/usu1439\/2026\/04\/2-218x290.jpg 218w, https:\/\/agora.xtec.cat\/ceippladelesvinyes\/wp-content\/uploads\/usu1439\/2026\/04\/2-1152x1536.jpg 1152w, https:\/\/agora.xtec.cat\/ceippladelesvinyes\/wp-content\/uploads\/usu1439\/2026\/04\/2.jpg 1200w\" sizes=\"auto, (max-width: 768px) 100vw, 768px\" \/><\/figure>\n\n\n\n<figure class=\"wp-block-image size-large\"><img loading=\"lazy\" decoding=\"async\" width=\"768\" height=\"1024\" data-id=\"15126\" src=\"https:\/\/agora.xtec.cat\/ceippladelesvinyes\/wp-content\/uploads\/usu1439\/2026\/04\/3-768x1024.jpg\" alt=\"\" class=\"wp-image-15126\" srcset=\"https:\/\/agora.xtec.cat\/ceippladelesvinyes\/wp-content\/uploads\/usu1439\/2026\/04\/3-768x1024.jpg 768w, https:\/\/agora.xtec.cat\/ceippladelesvinyes\/wp-content\/uploads\/usu1439\/2026\/04\/3-218x290.jpg 218w, https:\/\/agora.xtec.cat\/ceippladelesvinyes\/wp-content\/uploads\/usu1439\/2026\/04\/3-1152x1536.jpg 1152w, https:\/\/agora.xtec.cat\/ceippladelesvinyes\/wp-content\/uploads\/usu1439\/2026\/04\/3.jpg 1200w\" sizes=\"auto, (max-width: 768px) 100vw, 768px\" \/><\/figure>\n<\/figure>\n\n\n\n<p><\/p>\n","protected":false},"excerpt":{"rendered":"<p>Aquest mat\u00ed, el pati de l\u2019escola s\u2019ha despertat amb una energia especial. Motxilles m\u00e9s grans del que \u00e9s habitual, sacs de dormir que gaireb\u00e9 arrosseguen per terra i cares que barregen nervis i entusiasme anunciaven un dels dies m\u00e9s esperats del curs: la sortida de col\u00f2nies dels infants d\u2019I4 i I5 del Pla de les [&hellip;]<\/p>\n","protected":false},"author":1,"featured_media":15125,"comment_status":"open","ping_status":"open","sticky":false,"template":"","format":"standard","meta":{"_bbp_topic_count":0,"_bbp_reply_count":0,"_bbp_total_topic_count":0,"_bbp_total_reply_count":0,"_bbp_voice_count":0,"_bbp_anonymous_reply_count":0,"_bbp_topic_count_hidden":0,"_bbp_reply_count_hidden":0,"_bbp_forum_subforum_count":0,"site-sidebar-layout":"default","site-content-layout":"","ast-site-content-layout":"default","site-content-style":"default","site-sidebar-style":"default","ast-global-header-display":"","ast-banner-title-visibility":"","ast-main-header-display":"","ast-hfb-above-header-display":"","ast-hfb-below-header-display":"","ast-hfb-mobile-header-display":"","site-post-title":"","ast-breadcrumbs-content":"","ast-featured-img":"","footer-sml-layout":"","theme-transparent-header-meta":"","adv-header-id-meta":"","stick-header-meta":"","header-above-stick-meta":"","header-main-stick-meta":"","header-below-stick-meta":"","astra-migrate-meta-layouts":"set","ast-page-background-enabled":"default","ast-page-background-meta":{"desktop":{"background-color":"var(--ast-global-color-4)","background-image":"","background-repeat":"repeat","background-position":"center center","background-size":"auto","background-attachment":"scroll","background-type":"","background-media":"","overlay-type":"","overlay-color":"","overlay-opacity":"","overlay-gradient":""},"tablet":{"background-color":"","background-image":"","background-repeat":"repeat","background-position":"center center","background-size":"auto","background-attachment":"scroll","background-type":"","background-media":"","overlay-type":"","overlay-color":"","overlay-opacity":"","overlay-gradient":""},"mobile":{"background-color":"","background-image":"","background-repeat":"repeat","background-position":"center center","background-size":"auto","background-attachment":"scroll","background-type":"","background-media":"","overlay-type":"","overlay-color":"","overlay-opacity":"","overlay-gradient":""}},"ast-content-background-meta":{"desktop":{"background-color":"var(--ast-global-color-5)","background-image":"","background-repeat":"repeat","background-position":"center center","background-size":"auto","background-attachment":"scroll","background-type":"","background-media":"","overlay-type":"","overlay-color":"","overlay-opacity":"","overlay-gradient":""},"tablet":{"background-color":"var(--ast-global-color-5)","background-image":"","background-repeat":"repeat","background-position":"center center","background-size":"auto","background-attachment":"scroll","background-type":"","background-media":"","overlay-type":"","overlay-color":"","overlay-opacity":"","overlay-gradient":""},"mobile":{"background-color":"var(--ast-global-color-5)","background-image":"","background-repeat":"repeat","background-position":"center center","background-size":"auto","background-attachment":"scroll","background-type":"","background-media":"","overlay-type":"","overlay-color":"","overlay-opacity":"","overlay-gradient":""}},"footnotes":""},"categories":[4],"tags":[],"class_list":["post-15124","post","type-post","status-publish","format-standard","has-post-thumbnail","hentry","category-portada"],"post_mailing_queue_ids":[],"_links":{"self":[{"href":"https:\/\/agora.xtec.cat\/ceippladelesvinyes\/wp-json\/wp\/v2\/posts\/15124","targetHints":{"allow":["GET"]}}],"collection":[{"href":"https:\/\/agora.xtec.cat\/ceippladelesvinyes\/wp-json\/wp\/v2\/posts"}],"about":[{"href":"https:\/\/agora.xtec.cat\/ceippladelesvinyes\/wp-json\/wp\/v2\/types\/post"}],"author":[{"embeddable":true,"href":"https:\/\/agora.xtec.cat\/ceippladelesvinyes\/wp-json\/wp\/v2\/users\/1"}],"replies":[{"embeddable":true,"href":"https:\/\/agora.xtec.cat\/ceippladelesvinyes\/wp-json\/wp\/v2\/comments?post=15124"}],"version-history":[{"count":2,"href":"https:\/\/agora.xtec.cat\/ceippladelesvinyes\/wp-json\/wp\/v2\/posts\/15124\/revisions"}],"predecessor-version":[{"id":15129,"href":"https:\/\/agora.xtec.cat\/ceippladelesvinyes\/wp-json\/wp\/v2\/posts\/15124\/revisions\/15129"}],"wp:featuredmedia":[{"embeddable":true,"href":"https:\/\/agora.xtec.cat\/ceippladelesvinyes\/wp-json\/wp\/v2\/media\/15125"}],"wp:attachment":[{"href":"https:\/\/agora.xtec.cat\/ceippladelesvinyes\/wp-json\/wp\/v2\/media?parent=15124"}],"wp:term":[{"taxonomy":"category","embeddable":true,"href":"https:\/\/agora.xtec.cat\/ceippladelesvinyes\/wp-json\/wp\/v2\/categories?post=15124"},{"taxonomy":"post_tag","embeddable":true,"href":"https:\/\/agora.xtec.cat\/ceippladelesvinyes\/wp-json\/wp\/v2\/tags?post=15124"}],"curies":[{"name":"wp","href":"https:\/\/api.w.org\/{rel}","templated":true}]}}