{"id":15110,"date":"2026-04-28T10:38:56","date_gmt":"2026-04-28T08:38:56","guid":{"rendered":"https:\/\/agora.xtec.cat\/ceippladelesvinyes\/?p=15110"},"modified":"2026-04-28T10:38:56","modified_gmt":"2026-04-28T08:38:56","slug":"5e-del-pla-de-les-vinyes-estrena-la-cantania","status":"publish","type":"post","link":"https:\/\/agora.xtec.cat\/ceippladelesvinyes\/portada\/5e-del-pla-de-les-vinyes-estrena-la-cantania\/","title":{"rendered":"5\u00e8 DEL PLA DE LES VINYES ESTRENA LA CANT\u00c0NIA"},"content":{"rendered":"\n<p>Ahir va ser un dia molt especial per a l\u2019alumnat de 5\u00e8, que va tenir l\u2019oportunitat d\u2019estrenar la Cant\u00e0nia \u201cL\u2019\u00faltim rellotge\u201d a L\u2019Auditori de Barcelona.<\/p>\n\n\n\n<p>Els nostres alumnes van ser els primers a pujar a l\u2019escenari en aquesta edici\u00f3 del projecte Cant\u00e0nia, una experi\u00e8ncia musical \u00fanica que reuneix milers d\u2019infants d\u2019arreu del territori per interpretar una cantata treballada durant tot el curs.<\/p>\n\n\n\n<p>L\u2019obra, amb m\u00fasica de Jordi Cornudella Heras i text de Tina Vall\u00e8s, explica la hist\u00f2ria d\u2019una venedora de rellotges que arriba a un poble ben peculiar on el temps no t\u00e9 la mateixa import\u00e0ncia que a la resta del m\u00f3n. A trav\u00e9s d\u2019aquesta hist\u00f2ria, la cantata convida a reflexionar sobre el pas del temps, la vida i la manera com el vivim.<\/p>\n\n\n\n<p>El concert va ser espectacular: veus, emocions i energia es van fusionar en una actuaci\u00f3 plena de m\u00e0gia. L\u2019alumnat va demostrar tot el treball, esfor\u00e7 i il\u00b7lusi\u00f3 dedicats durant mesos, oferint una interpretaci\u00f3 que va emocionar el p\u00fablic assistent.<\/p>\n\n\n\n<p>Sens dubte, una experi\u00e8ncia inoblidable que quedar\u00e0 per sempre en el record dels nostres alumnes. Felicitats a tots i totes per aquesta gran estrena!<\/p>\n\n\n\n<figure class=\"wp-block-gallery has-nested-images columns-default is-cropped wp-block-gallery-1 is-layout-flex wp-block-gallery-is-layout-flex\">\n<figure class=\"wp-block-image size-large\"><img loading=\"lazy\" decoding=\"async\" width=\"1024\" height=\"768\" data-id=\"15111\" src=\"https:\/\/agora.xtec.cat\/ceippladelesvinyes\/wp-content\/uploads\/usu1439\/2026\/04\/WhatsApp-Image-2026-04-28-at-10.29.32-4-1024x768.jpeg\" alt=\"\" class=\"wp-image-15111\" srcset=\"https:\/\/agora.xtec.cat\/ceippladelesvinyes\/wp-content\/uploads\/usu1439\/2026\/04\/WhatsApp-Image-2026-04-28-at-10.29.32-4-1024x768.jpeg 1024w, https:\/\/agora.xtec.cat\/ceippladelesvinyes\/wp-content\/uploads\/usu1439\/2026\/04\/WhatsApp-Image-2026-04-28-at-10.29.32-4-290x218.jpeg 290w, https:\/\/agora.xtec.cat\/ceippladelesvinyes\/wp-content\/uploads\/usu1439\/2026\/04\/WhatsApp-Image-2026-04-28-at-10.29.32-4-768x576.jpeg 768w, https:\/\/agora.xtec.cat\/ceippladelesvinyes\/wp-content\/uploads\/usu1439\/2026\/04\/WhatsApp-Image-2026-04-28-at-10.29.32-4-1536x1152.jpeg 1536w, https:\/\/agora.xtec.cat\/ceippladelesvinyes\/wp-content\/uploads\/usu1439\/2026\/04\/WhatsApp-Image-2026-04-28-at-10.29.32-4.jpeg 1600w\" sizes=\"auto, (max-width: 1024px) 100vw, 1024px\" \/><\/figure>\n\n\n\n<figure class=\"wp-block-image size-large\"><img loading=\"lazy\" decoding=\"async\" width=\"1024\" height=\"444\" data-id=\"15112\" src=\"https:\/\/agora.xtec.cat\/ceippladelesvinyes\/wp-content\/uploads\/usu1439\/2026\/04\/WhatsApp-Image-2026-04-28-at-10.29.32-5-1024x444.jpeg\" alt=\"\" class=\"wp-image-15112\" srcset=\"https:\/\/agora.xtec.cat\/ceippladelesvinyes\/wp-content\/uploads\/usu1439\/2026\/04\/WhatsApp-Image-2026-04-28-at-10.29.32-5-1024x444.jpeg 1024w, https:\/\/agora.xtec.cat\/ceippladelesvinyes\/wp-content\/uploads\/usu1439\/2026\/04\/WhatsApp-Image-2026-04-28-at-10.29.32-5-290x126.jpeg 290w, https:\/\/agora.xtec.cat\/ceippladelesvinyes\/wp-content\/uploads\/usu1439\/2026\/04\/WhatsApp-Image-2026-04-28-at-10.29.32-5-768x333.jpeg 768w, https:\/\/agora.xtec.cat\/ceippladelesvinyes\/wp-content\/uploads\/usu1439\/2026\/04\/WhatsApp-Image-2026-04-28-at-10.29.32-5-1536x666.jpeg 1536w, https:\/\/agora.xtec.cat\/ceippladelesvinyes\/wp-content\/uploads\/usu1439\/2026\/04\/WhatsApp-Image-2026-04-28-at-10.29.32-5.jpeg 2048w\" sizes=\"auto, (max-width: 1024px) 100vw, 1024px\" \/><\/figure>\n\n\n\n<figure class=\"wp-block-image size-large\"><img loading=\"lazy\" decoding=\"async\" width=\"1024\" height=\"768\" data-id=\"15113\" src=\"https:\/\/agora.xtec.cat\/ceippladelesvinyes\/wp-content\/uploads\/usu1439\/2026\/04\/WhatsApp-Image-2026-04-28-at-10.29.32-6-1024x768.jpeg\" alt=\"\" class=\"wp-image-15113\" srcset=\"https:\/\/agora.xtec.cat\/ceippladelesvinyes\/wp-content\/uploads\/usu1439\/2026\/04\/WhatsApp-Image-2026-04-28-at-10.29.32-6-1024x768.jpeg 1024w, https:\/\/agora.xtec.cat\/ceippladelesvinyes\/wp-content\/uploads\/usu1439\/2026\/04\/WhatsApp-Image-2026-04-28-at-10.29.32-6-290x218.jpeg 290w, https:\/\/agora.xtec.cat\/ceippladelesvinyes\/wp-content\/uploads\/usu1439\/2026\/04\/WhatsApp-Image-2026-04-28-at-10.29.32-6-768x576.jpeg 768w, https:\/\/agora.xtec.cat\/ceippladelesvinyes\/wp-content\/uploads\/usu1439\/2026\/04\/WhatsApp-Image-2026-04-28-at-10.29.32-6-1536x1152.jpeg 1536w, https:\/\/agora.xtec.cat\/ceippladelesvinyes\/wp-content\/uploads\/usu1439\/2026\/04\/WhatsApp-Image-2026-04-28-at-10.29.32-6.jpeg 2048w\" sizes=\"auto, (max-width: 1024px) 100vw, 1024px\" \/><\/figure>\n\n\n\n<figure class=\"wp-block-image size-large\"><img loading=\"lazy\" decoding=\"async\" width=\"1024\" height=\"768\" data-id=\"15114\" src=\"https:\/\/agora.xtec.cat\/ceippladelesvinyes\/wp-content\/uploads\/usu1439\/2026\/04\/WhatsApp-Image-2026-04-28-at-10.29.32-7-1024x768.jpeg\" alt=\"\" class=\"wp-image-15114\" srcset=\"https:\/\/agora.xtec.cat\/ceippladelesvinyes\/wp-content\/uploads\/usu1439\/2026\/04\/WhatsApp-Image-2026-04-28-at-10.29.32-7-1024x768.jpeg 1024w, https:\/\/agora.xtec.cat\/ceippladelesvinyes\/wp-content\/uploads\/usu1439\/2026\/04\/WhatsApp-Image-2026-04-28-at-10.29.32-7-290x218.jpeg 290w, https:\/\/agora.xtec.cat\/ceippladelesvinyes\/wp-content\/uploads\/usu1439\/2026\/04\/WhatsApp-Image-2026-04-28-at-10.29.32-7-768x576.jpeg 768w, https:\/\/agora.xtec.cat\/ceippladelesvinyes\/wp-content\/uploads\/usu1439\/2026\/04\/WhatsApp-Image-2026-04-28-at-10.29.32-7-1536x1152.jpeg 1536w, https:\/\/agora.xtec.cat\/ceippladelesvinyes\/wp-content\/uploads\/usu1439\/2026\/04\/WhatsApp-Image-2026-04-28-at-10.29.32-7.jpeg 2048w\" sizes=\"auto, (max-width: 1024px) 100vw, 1024px\" \/><\/figure>\n<\/figure>\n","protected":false},"excerpt":{"rendered":"<p>Ahir va ser un dia molt especial per a l\u2019alumnat de 5\u00e8, que va tenir l\u2019oportunitat d\u2019estrenar la Cant\u00e0nia \u201cL\u2019\u00faltim rellotge\u201d a L\u2019Auditori de Barcelona. Els nostres alumnes van ser els primers a pujar a l\u2019escenari en aquesta edici\u00f3 del projecte Cant\u00e0nia, una experi\u00e8ncia musical \u00fanica que reuneix milers d\u2019infants d\u2019arreu del territori per interpretar [&hellip;]<\/p>\n","protected":false},"author":1,"featured_media":15114,"comment_status":"open","ping_status":"open","sticky":false,"template":"","format":"standard","meta":{"_bbp_topic_count":0,"_bbp_reply_count":0,"_bbp_total_topic_count":0,"_bbp_total_reply_count":0,"_bbp_voice_count":0,"_bbp_anonymous_reply_count":0,"_bbp_topic_count_hidden":0,"_bbp_reply_count_hidden":0,"_bbp_forum_subforum_count":0,"site-sidebar-layout":"default","site-content-layout":"","ast-site-content-layout":"default","site-content-style":"default","site-sidebar-style":"default","ast-global-header-display":"","ast-banner-title-visibility":"","ast-main-header-display":"","ast-hfb-above-header-display":"","ast-hfb-below-header-display":"","ast-hfb-mobile-header-display":"","site-post-title":"","ast-breadcrumbs-content":"","ast-featured-img":"","footer-sml-layout":"","theme-transparent-header-meta":"","adv-header-id-meta":"","stick-header-meta":"","header-above-stick-meta":"","header-main-stick-meta":"","header-below-stick-meta":"","astra-migrate-meta-layouts":"set","ast-page-background-enabled":"default","ast-page-background-meta":{"desktop":{"background-color":"var(--ast-global-color-4)","background-image":"","background-repeat":"repeat","background-position":"center center","background-size":"auto","background-attachment":"scroll","background-type":"","background-media":"","overlay-type":"","overlay-color":"","overlay-opacity":"","overlay-gradient":""},"tablet":{"background-color":"","background-image":"","background-repeat":"repeat","background-position":"center center","background-size":"auto","background-attachment":"scroll","background-type":"","background-media":"","overlay-type":"","overlay-color":"","overlay-opacity":"","overlay-gradient":""},"mobile":{"background-color":"","background-image":"","background-repeat":"repeat","background-position":"center center","background-size":"auto","background-attachment":"scroll","background-type":"","background-media":"","overlay-type":"","overlay-color":"","overlay-opacity":"","overlay-gradient":""}},"ast-content-background-meta":{"desktop":{"background-color":"var(--ast-global-color-5)","background-image":"","background-repeat":"repeat","background-position":"center center","background-size":"auto","background-attachment":"scroll","background-type":"","background-media":"","overlay-type":"","overlay-color":"","overlay-opacity":"","overlay-gradient":""},"tablet":{"background-color":"var(--ast-global-color-5)","background-image":"","background-repeat":"repeat","background-position":"center center","background-size":"auto","background-attachment":"scroll","background-type":"","background-media":"","overlay-type":"","overlay-color":"","overlay-opacity":"","overlay-gradient":""},"mobile":{"background-color":"var(--ast-global-color-5)","background-image":"","background-repeat":"repeat","background-position":"center center","background-size":"auto","background-attachment":"scroll","background-type":"","background-media":"","overlay-type":"","overlay-color":"","overlay-opacity":"","overlay-gradient":""}},"footnotes":""},"categories":[146,4],"tags":[],"class_list":["post-15110","post","type-post","status-publish","format-standard","has-post-thumbnail","hentry","category-musica","category-portada"],"post_mailing_queue_ids":[],"_links":{"self":[{"href":"https:\/\/agora.xtec.cat\/ceippladelesvinyes\/wp-json\/wp\/v2\/posts\/15110","targetHints":{"allow":["GET"]}}],"collection":[{"href":"https:\/\/agora.xtec.cat\/ceippladelesvinyes\/wp-json\/wp\/v2\/posts"}],"about":[{"href":"https:\/\/agora.xtec.cat\/ceippladelesvinyes\/wp-json\/wp\/v2\/types\/post"}],"author":[{"embeddable":true,"href":"https:\/\/agora.xtec.cat\/ceippladelesvinyes\/wp-json\/wp\/v2\/users\/1"}],"replies":[{"embeddable":true,"href":"https:\/\/agora.xtec.cat\/ceippladelesvinyes\/wp-json\/wp\/v2\/comments?post=15110"}],"version-history":[{"count":1,"href":"https:\/\/agora.xtec.cat\/ceippladelesvinyes\/wp-json\/wp\/v2\/posts\/15110\/revisions"}],"predecessor-version":[{"id":15115,"href":"https:\/\/agora.xtec.cat\/ceippladelesvinyes\/wp-json\/wp\/v2\/posts\/15110\/revisions\/15115"}],"wp:featuredmedia":[{"embeddable":true,"href":"https:\/\/agora.xtec.cat\/ceippladelesvinyes\/wp-json\/wp\/v2\/media\/15114"}],"wp:attachment":[{"href":"https:\/\/agora.xtec.cat\/ceippladelesvinyes\/wp-json\/wp\/v2\/media?parent=15110"}],"wp:term":[{"taxonomy":"category","embeddable":true,"href":"https:\/\/agora.xtec.cat\/ceippladelesvinyes\/wp-json\/wp\/v2\/categories?post=15110"},{"taxonomy":"post_tag","embeddable":true,"href":"https:\/\/agora.xtec.cat\/ceippladelesvinyes\/wp-json\/wp\/v2\/tags?post=15110"}],"curies":[{"name":"wp","href":"https:\/\/api.w.org\/{rel}","templated":true}]}}