{"id":14271,"date":"2025-10-13T08:45:00","date_gmt":"2025-10-13T06:45:00","guid":{"rendered":"https:\/\/agora.xtec.cat\/ceippladelesvinyes\/?p=14271"},"modified":"2025-10-12T11:51:53","modified_gmt":"2025-10-12T09:51:53","slug":"inici-tallers-a-la-comunitat-de-grans","status":"publish","type":"post","link":"https:\/\/agora.xtec.cat\/ceippladelesvinyes\/portada\/inici-tallers-a-la-comunitat-de-grans\/","title":{"rendered":"INICI TALLERS A LA COMUNITAT DE GRANS"},"content":{"rendered":"\n<p>Aquesta setmana, la Comunitat de Grans ha celebrat la primera sessi\u00f3 dels tallers del curs. Com \u00e9s habitual, els grups estan formats per infants de 4t, 5\u00e8 i 6\u00e8, que treballen barrejats per compartir experi\u00e8ncies i aprenentatges en un ambient de col\u00b7laboraci\u00f3 i respecte.<\/p>\n\n\n\n<p>Aquest curs els tallers que es duen a terme s\u00f3n de ci\u00e8ncies, comunicaci\u00f3, rob\u00f2tica, teatre entre d&#8217;altres. En aquesta primera trobada s\u2019ha pogut veure l\u2019entusiasme i la implicaci\u00f3 de la canalla, que han comen\u00e7at amb moltes ganes aquesta manera de treballar plegats.<\/p>\n\n\n\n<p>La proposta de tallers, que ja \u00e9s una tradici\u00f3 a la nostra escola, ens ajuda a fer cr\u00e9ixer la conviv\u00e8ncia, la innovaci\u00f3 educativa, la cooperaci\u00f3 i la creativitat dins la comunitat educativa.<\/p>\n\n\n\n<figure class=\"wp-block-image size-large is-style-rounded\"><img loading=\"lazy\" decoding=\"async\" width=\"1024\" height=\"768\" src=\"https:\/\/agora.xtec.cat\/ceippladelesvinyes\/wp-content\/uploads\/usu1439\/2025\/10\/WhatsApp-Image-2025-10-09-at-16.48.32-1-1024x768.jpeg\" alt=\"\" class=\"wp-image-14272\" srcset=\"https:\/\/agora.xtec.cat\/ceippladelesvinyes\/wp-content\/uploads\/usu1439\/2025\/10\/WhatsApp-Image-2025-10-09-at-16.48.32-1-1024x768.jpeg 1024w, https:\/\/agora.xtec.cat\/ceippladelesvinyes\/wp-content\/uploads\/usu1439\/2025\/10\/WhatsApp-Image-2025-10-09-at-16.48.32-1-290x218.jpeg 290w, https:\/\/agora.xtec.cat\/ceippladelesvinyes\/wp-content\/uploads\/usu1439\/2025\/10\/WhatsApp-Image-2025-10-09-at-16.48.32-1-768x576.jpeg 768w, https:\/\/agora.xtec.cat\/ceippladelesvinyes\/wp-content\/uploads\/usu1439\/2025\/10\/WhatsApp-Image-2025-10-09-at-16.48.32-1-1536x1152.jpeg 1536w, https:\/\/agora.xtec.cat\/ceippladelesvinyes\/wp-content\/uploads\/usu1439\/2025\/10\/WhatsApp-Image-2025-10-09-at-16.48.32-1.jpeg 2048w\" sizes=\"auto, (max-width: 1024px) 100vw, 1024px\" \/><\/figure>\n\n\n\n<figure class=\"wp-block-image size-large is-style-rounded\"><img loading=\"lazy\" decoding=\"async\" width=\"768\" height=\"1024\" src=\"https:\/\/agora.xtec.cat\/ceippladelesvinyes\/wp-content\/uploads\/usu1439\/2025\/10\/WhatsApp-Image-2025-10-12-at-11.50.05-768x1024.jpeg\" alt=\"\" class=\"wp-image-14277\" srcset=\"https:\/\/agora.xtec.cat\/ceippladelesvinyes\/wp-content\/uploads\/usu1439\/2025\/10\/WhatsApp-Image-2025-10-12-at-11.50.05-768x1024.jpeg 768w, https:\/\/agora.xtec.cat\/ceippladelesvinyes\/wp-content\/uploads\/usu1439\/2025\/10\/WhatsApp-Image-2025-10-12-at-11.50.05-218x290.jpeg 218w, https:\/\/agora.xtec.cat\/ceippladelesvinyes\/wp-content\/uploads\/usu1439\/2025\/10\/WhatsApp-Image-2025-10-12-at-11.50.05-1152x1536.jpeg 1152w, https:\/\/agora.xtec.cat\/ceippladelesvinyes\/wp-content\/uploads\/usu1439\/2025\/10\/WhatsApp-Image-2025-10-12-at-11.50.05.jpeg 1536w\" sizes=\"auto, (max-width: 768px) 100vw, 768px\" \/><\/figure>\n","protected":false},"excerpt":{"rendered":"<p>Aquesta setmana, la Comunitat de Grans ha celebrat la primera sessi\u00f3 dels tallers del curs. Com \u00e9s habitual, els grups estan formats per infants de 4t, 5\u00e8 i 6\u00e8, que treballen barrejats per compartir experi\u00e8ncies i aprenentatges en un ambient de col\u00b7laboraci\u00f3 i respecte. Aquest curs els tallers que es duen a terme s\u00f3n de [&hellip;]<\/p>\n","protected":false},"author":1,"featured_media":14272,"comment_status":"open","ping_status":"open","sticky":false,"template":"","format":"standard","meta":{"_bbp_topic_count":0,"_bbp_reply_count":0,"_bbp_total_topic_count":0,"_bbp_total_reply_count":0,"_bbp_voice_count":0,"_bbp_anonymous_reply_count":0,"_bbp_topic_count_hidden":0,"_bbp_reply_count_hidden":0,"_bbp_forum_subforum_count":0,"site-sidebar-layout":"default","site-content-layout":"","ast-site-content-layout":"default","site-content-style":"default","site-sidebar-style":"default","ast-global-header-display":"","ast-banner-title-visibility":"","ast-main-header-display":"","ast-hfb-above-header-display":"","ast-hfb-below-header-display":"","ast-hfb-mobile-header-display":"","site-post-title":"","ast-breadcrumbs-content":"","ast-featured-img":"","footer-sml-layout":"","theme-transparent-header-meta":"","adv-header-id-meta":"","stick-header-meta":"","header-above-stick-meta":"","header-main-stick-meta":"","header-below-stick-meta":"","astra-migrate-meta-layouts":"set","ast-page-background-enabled":"default","ast-page-background-meta":{"desktop":{"background-color":"var(--ast-global-color-4)","background-image":"","background-repeat":"repeat","background-position":"center center","background-size":"auto","background-attachment":"scroll","background-type":"","background-media":"","overlay-type":"","overlay-color":"","overlay-opacity":"","overlay-gradient":""},"tablet":{"background-color":"","background-image":"","background-repeat":"repeat","background-position":"center center","background-size":"auto","background-attachment":"scroll","background-type":"","background-media":"","overlay-type":"","overlay-color":"","overlay-opacity":"","overlay-gradient":""},"mobile":{"background-color":"","background-image":"","background-repeat":"repeat","background-position":"center center","background-size":"auto","background-attachment":"scroll","background-type":"","background-media":"","overlay-type":"","overlay-color":"","overlay-opacity":"","overlay-gradient":""}},"ast-content-background-meta":{"desktop":{"background-color":"var(--ast-global-color-5)","background-image":"","background-repeat":"repeat","background-position":"center center","background-size":"auto","background-attachment":"scroll","background-type":"","background-media":"","overlay-type":"","overlay-color":"","overlay-opacity":"","overlay-gradient":""},"tablet":{"background-color":"var(--ast-global-color-5)","background-image":"","background-repeat":"repeat","background-position":"center center","background-size":"auto","background-attachment":"scroll","background-type":"","background-media":"","overlay-type":"","overlay-color":"","overlay-opacity":"","overlay-gradient":""},"mobile":{"background-color":"var(--ast-global-color-5)","background-image":"","background-repeat":"repeat","background-position":"center center","background-size":"auto","background-attachment":"scroll","background-type":"","background-media":"","overlay-type":"","overlay-color":"","overlay-opacity":"","overlay-gradient":""}},"footnotes":""},"categories":[4],"tags":[],"class_list":["post-14271","post","type-post","status-publish","format-standard","has-post-thumbnail","hentry","category-portada"],"post_mailing_queue_ids":[],"_links":{"self":[{"href":"https:\/\/agora.xtec.cat\/ceippladelesvinyes\/wp-json\/wp\/v2\/posts\/14271","targetHints":{"allow":["GET"]}}],"collection":[{"href":"https:\/\/agora.xtec.cat\/ceippladelesvinyes\/wp-json\/wp\/v2\/posts"}],"about":[{"href":"https:\/\/agora.xtec.cat\/ceippladelesvinyes\/wp-json\/wp\/v2\/types\/post"}],"author":[{"embeddable":true,"href":"https:\/\/agora.xtec.cat\/ceippladelesvinyes\/wp-json\/wp\/v2\/users\/1"}],"replies":[{"embeddable":true,"href":"https:\/\/agora.xtec.cat\/ceippladelesvinyes\/wp-json\/wp\/v2\/comments?post=14271"}],"version-history":[{"count":2,"href":"https:\/\/agora.xtec.cat\/ceippladelesvinyes\/wp-json\/wp\/v2\/posts\/14271\/revisions"}],"predecessor-version":[{"id":14278,"href":"https:\/\/agora.xtec.cat\/ceippladelesvinyes\/wp-json\/wp\/v2\/posts\/14271\/revisions\/14278"}],"wp:featuredmedia":[{"embeddable":true,"href":"https:\/\/agora.xtec.cat\/ceippladelesvinyes\/wp-json\/wp\/v2\/media\/14272"}],"wp:attachment":[{"href":"https:\/\/agora.xtec.cat\/ceippladelesvinyes\/wp-json\/wp\/v2\/media?parent=14271"}],"wp:term":[{"taxonomy":"category","embeddable":true,"href":"https:\/\/agora.xtec.cat\/ceippladelesvinyes\/wp-json\/wp\/v2\/categories?post=14271"},{"taxonomy":"post_tag","embeddable":true,"href":"https:\/\/agora.xtec.cat\/ceippladelesvinyes\/wp-json\/wp\/v2\/tags?post=14271"}],"curies":[{"name":"wp","href":"https:\/\/api.w.org\/{rel}","templated":true}]}}