{"id":13300,"date":"2025-01-30T13:37:20","date_gmt":"2025-01-30T12:37:20","guid":{"rendered":"https:\/\/agora.xtec.cat\/ceippladelesvinyes\/?p=13300"},"modified":"2025-01-30T13:37:20","modified_gmt":"2025-01-30T12:37:20","slug":"3r-visita-la-biblioteca-pilarin-bayes","status":"publish","type":"post","link":"https:\/\/agora.xtec.cat\/ceippladelesvinyes\/portada\/3r-visita-la-biblioteca-pilarin-bayes\/","title":{"rendered":"3r VISITA LA BIBLIOTECA PILAR\u00cdN BAY\u00c9S"},"content":{"rendered":"<p data-pm-slice=\"1 1 []\">Aquest mat\u00ed, l&#8217;alumnat de 3r de prim\u00e0ria ha visitat la Biblioteca Pilar\u00edn Bay\u00e9s per participar en la presentaci\u00f3 d\u2019un \u00e0lbum visual. L\u2019activitat ha despertat la seva curiositat i inter\u00e8s per la lectura i la il\u00b7lustraci\u00f3.<\/p>\n<p>Guiats per una bibliotec\u00e0ria, els infants han descobert el proc\u00e9s de creaci\u00f3 d\u2019un \u00e0lbum visual i han explorat les imatges i colors que el componen. Ha estat una experi\u00e8ncia fascinant.<\/p>\n<p>Aquesta iniciativa reafirma el comprom\u00eds de la biblioteca i de la nostra escola amb la promoci\u00f3 de la lectura i la creativitat infantil.<\/p>\n<p><img loading=\"lazy\" decoding=\"async\" class=\"alignnone size-large wp-image-13301\" src=\"https:\/\/agora.xtec.cat\/ceippladelesvinyes\/wp-content\/uploads\/usu1439\/2025\/01\/WhatsApp-Image-2025-01-30-at-13.27.16-1024x771.jpeg\" alt=\"\" width=\"1024\" height=\"771\" srcset=\"https:\/\/agora.xtec.cat\/ceippladelesvinyes\/wp-content\/uploads\/usu1439\/2025\/01\/WhatsApp-Image-2025-01-30-at-13.27.16-1024x771.jpeg 1024w, https:\/\/agora.xtec.cat\/ceippladelesvinyes\/wp-content\/uploads\/usu1439\/2025\/01\/WhatsApp-Image-2025-01-30-at-13.27.16-290x218.jpeg 290w, https:\/\/agora.xtec.cat\/ceippladelesvinyes\/wp-content\/uploads\/usu1439\/2025\/01\/WhatsApp-Image-2025-01-30-at-13.27.16-768x578.jpeg 768w, https:\/\/agora.xtec.cat\/ceippladelesvinyes\/wp-content\/uploads\/usu1439\/2025\/01\/WhatsApp-Image-2025-01-30-at-13.27.16-1536x1156.jpeg 1536w, https:\/\/agora.xtec.cat\/ceippladelesvinyes\/wp-content\/uploads\/usu1439\/2025\/01\/WhatsApp-Image-2025-01-30-at-13.27.16-200x150.jpeg 200w, https:\/\/agora.xtec.cat\/ceippladelesvinyes\/wp-content\/uploads\/usu1439\/2025\/01\/WhatsApp-Image-2025-01-30-at-13.27.16.jpeg 1600w\" sizes=\"auto, (max-width: 1024px) 100vw, 1024px\" \/><\/p>\n","protected":false},"excerpt":{"rendered":"<p>Aquest mat\u00ed, l&#8217;alumnat de 3r de prim\u00e0ria ha visitat la Biblioteca Pilar\u00edn Bay\u00e9s per participar en la presentaci\u00f3 d\u2019un \u00e0lbum visual. L\u2019activitat ha despertat la seva curiositat i inter\u00e8s per la lectura i la il\u00b7lustraci\u00f3. Guiats per una bibliotec\u00e0ria, els infants han descobert el proc\u00e9s de creaci\u00f3 d\u2019un \u00e0lbum visual i han explorat les imatges [&hellip;]<\/p>\n","protected":false},"author":1,"featured_media":13301,"comment_status":"open","ping_status":"closed","sticky":false,"template":"","format":"standard","meta":{"_bbp_topic_count":0,"_bbp_reply_count":0,"_bbp_total_topic_count":0,"_bbp_total_reply_count":0,"_bbp_voice_count":0,"_bbp_anonymous_reply_count":0,"_bbp_topic_count_hidden":0,"_bbp_reply_count_hidden":0,"_bbp_forum_subforum_count":0,"site-sidebar-layout":"default","site-content-layout":"","ast-site-content-layout":"","site-content-style":"default","site-sidebar-style":"default","ast-global-header-display":"","ast-banner-title-visibility":"","ast-main-header-display":"","ast-hfb-above-header-display":"","ast-hfb-below-header-display":"","ast-hfb-mobile-header-display":"","site-post-title":"","ast-breadcrumbs-content":"","ast-featured-img":"","footer-sml-layout":"","theme-transparent-header-meta":"","adv-header-id-meta":"","stick-header-meta":"","header-above-stick-meta":"","header-main-stick-meta":"","header-below-stick-meta":"","astra-migrate-meta-layouts":"default","ast-page-background-enabled":"default","ast-page-background-meta":{"desktop":{"background-color":"var(--ast-global-color-4)","background-image":"","background-repeat":"repeat","background-position":"center center","background-size":"auto","background-attachment":"scroll","background-type":"","background-media":"","overlay-type":"","overlay-color":"","overlay-opacity":"","overlay-gradient":""},"tablet":{"background-color":"","background-image":"","background-repeat":"repeat","background-position":"center center","background-size":"auto","background-attachment":"scroll","background-type":"","background-media":"","overlay-type":"","overlay-color":"","overlay-opacity":"","overlay-gradient":""},"mobile":{"background-color":"","background-image":"","background-repeat":"repeat","background-position":"center center","background-size":"auto","background-attachment":"scroll","background-type":"","background-media":"","overlay-type":"","overlay-color":"","overlay-opacity":"","overlay-gradient":""}},"ast-content-background-meta":{"desktop":{"background-color":"var(--ast-global-color-5)","background-image":"","background-repeat":"repeat","background-position":"center center","background-size":"auto","background-attachment":"scroll","background-type":"","background-media":"","overlay-type":"","overlay-color":"","overlay-opacity":"","overlay-gradient":""},"tablet":{"background-color":"var(--ast-global-color-5)","background-image":"","background-repeat":"repeat","background-position":"center center","background-size":"auto","background-attachment":"scroll","background-type":"","background-media":"","overlay-type":"","overlay-color":"","overlay-opacity":"","overlay-gradient":""},"mobile":{"background-color":"var(--ast-global-color-5)","background-image":"","background-repeat":"repeat","background-position":"center center","background-size":"auto","background-attachment":"scroll","background-type":"","background-media":"","overlay-type":"","overlay-color":"","overlay-opacity":"","overlay-gradient":""}},"footnotes":""},"categories":[148,4],"tags":[],"class_list":["post-13300","post","type-post","status-publish","format-standard","has-post-thumbnail","hentry","category-biblioteca","category-portada"],"post_mailing_queue_ids":[],"_links":{"self":[{"href":"https:\/\/agora.xtec.cat\/ceippladelesvinyes\/wp-json\/wp\/v2\/posts\/13300","targetHints":{"allow":["GET"]}}],"collection":[{"href":"https:\/\/agora.xtec.cat\/ceippladelesvinyes\/wp-json\/wp\/v2\/posts"}],"about":[{"href":"https:\/\/agora.xtec.cat\/ceippladelesvinyes\/wp-json\/wp\/v2\/types\/post"}],"author":[{"embeddable":true,"href":"https:\/\/agora.xtec.cat\/ceippladelesvinyes\/wp-json\/wp\/v2\/users\/1"}],"replies":[{"embeddable":true,"href":"https:\/\/agora.xtec.cat\/ceippladelesvinyes\/wp-json\/wp\/v2\/comments?post=13300"}],"version-history":[{"count":1,"href":"https:\/\/agora.xtec.cat\/ceippladelesvinyes\/wp-json\/wp\/v2\/posts\/13300\/revisions"}],"predecessor-version":[{"id":13302,"href":"https:\/\/agora.xtec.cat\/ceippladelesvinyes\/wp-json\/wp\/v2\/posts\/13300\/revisions\/13302"}],"wp:featuredmedia":[{"embeddable":true,"href":"https:\/\/agora.xtec.cat\/ceippladelesvinyes\/wp-json\/wp\/v2\/media\/13301"}],"wp:attachment":[{"href":"https:\/\/agora.xtec.cat\/ceippladelesvinyes\/wp-json\/wp\/v2\/media?parent=13300"}],"wp:term":[{"taxonomy":"category","embeddable":true,"href":"https:\/\/agora.xtec.cat\/ceippladelesvinyes\/wp-json\/wp\/v2\/categories?post=13300"},{"taxonomy":"post_tag","embeddable":true,"href":"https:\/\/agora.xtec.cat\/ceippladelesvinyes\/wp-json\/wp\/v2\/tags?post=13300"}],"curies":[{"name":"wp","href":"https:\/\/api.w.org\/{rel}","templated":true}]}}