{"id":12287,"date":"2022-07-25T20:05:55","date_gmt":"2022-07-25T18:05:55","guid":{"rendered":"https:\/\/agora.xtec.cat\/ceippladelesvinyes\/?p=12287"},"modified":"2022-07-25T20:14:40","modified_gmt":"2022-07-25T18:14:40","slug":"la-traca-final","status":"publish","type":"post","link":"https:\/\/agora.xtec.cat\/ceippladelesvinyes\/general\/la-traca-final\/","title":{"rendered":"La traca final!"},"content":{"rendered":"<p>Hola Plavis!<\/p>\n<p>Quins dies m\u00e9s atape\u00efts que portem, oi? Doncs b\u00e9, avui, l&#8217;\u00faltim dia de la visita tamb\u00e9 hem realitzat un munt d&#8217;activitats.<\/p>\n<p>En comen\u00e7ar el mat\u00ed, hem anat fins a la Col\u00f2nia G\u00fcell amb els alumnes de 2n a con\u00e8ixer aquest lloc emblem\u00e0tic de la nostra poblaci\u00f3 i veure l&#8217;obra de Gaud\u00ed una mica m\u00e9s a prop.<\/p>\n<p>A la tornada, ens hem reunit per valorar la visita i les activitats i hem preparat la propera mobilitat que donar\u00e0 per tancat aquest projecte de &#8220;My world, your world, our world&#8221;.<\/p>\n<p>Just despr\u00e8s, els alumnes de 2n han pogut fer una videotrucada per parlar amb els companys de G\u00e0l\u00b7les.<\/p>\n<p>Despr\u00e9s de dinar, ha tocat el comiat. Tota l&#8217;escola reunida ha volgut delectar als nostres convidats a un tastet de can\u00e7ons i danses tradicionals. Seguidament s&#8217;han repartit els certificats de participaci\u00f3 en aquesta mobilitat. Per acabar, la colla de diables de la Col\u00f2nia G\u00fcell ha vingut a fer-nos una petita mostra dels correfocs. I com a gran cloenda, hem tornat a cantar tots plegats l&#8217;himne de l&#8217;escola amb la Vinyeta dansant.<\/p>\n<p>Els mestres han marxat amb un gran somriure i molt agra\u00efts per l&#8217;amabilitat de la nostra comunitat i pels aprenentatges compartits. See you soon! \ud83d\ude42<\/p>\n<p>&nbsp;<\/p>\n<p>Per veure fotos cliqueu <a href=\"https:\/\/photos.app.goo.gl\/mkK9jwi6ss6PzLQK9\">aqu\u00ed<\/a>.<\/p>\n<p>&nbsp;<\/p>\n<p><img loading=\"lazy\" decoding=\"async\" class=\"alignnone size-large wp-image-12288\" src=\"https:\/\/agora.xtec.cat\/ceippladelesvinyes\/wp-content\/uploads\/usu1439\/2022\/07\/Screenshot_2022-05-19-18-24-20-57_99c04817c0de5652397fc8b56c3b3817-1024x461.jpg\" alt=\"\" width=\"1024\" height=\"461\" srcset=\"https:\/\/agora.xtec.cat\/ceippladelesvinyes\/wp-content\/uploads\/usu1439\/2022\/07\/Screenshot_2022-05-19-18-24-20-57_99c04817c0de5652397fc8b56c3b3817-1024x461.jpg 1024w, https:\/\/agora.xtec.cat\/ceippladelesvinyes\/wp-content\/uploads\/usu1439\/2022\/07\/Screenshot_2022-05-19-18-24-20-57_99c04817c0de5652397fc8b56c3b3817-290x131.jpg 290w, https:\/\/agora.xtec.cat\/ceippladelesvinyes\/wp-content\/uploads\/usu1439\/2022\/07\/Screenshot_2022-05-19-18-24-20-57_99c04817c0de5652397fc8b56c3b3817-768x346.jpg 768w, https:\/\/agora.xtec.cat\/ceippladelesvinyes\/wp-content\/uploads\/usu1439\/2022\/07\/Screenshot_2022-05-19-18-24-20-57_99c04817c0de5652397fc8b56c3b3817-1536x691.jpg 1536w, https:\/\/agora.xtec.cat\/ceippladelesvinyes\/wp-content\/uploads\/usu1439\/2022\/07\/Screenshot_2022-05-19-18-24-20-57_99c04817c0de5652397fc8b56c3b3817-2048x922.jpg 2048w\" sizes=\"auto, (max-width: 1024px) 100vw, 1024px\" \/><\/p>\n","protected":false},"excerpt":{"rendered":"<p>Hola Plavis! Quins dies m\u00e9s atape\u00efts que portem, oi? Doncs b\u00e9, avui, l&#8217;\u00faltim dia de la visita tamb\u00e9 hem realitzat un munt d&#8217;activitats. En comen\u00e7ar el mat\u00ed, hem anat fins a la Col\u00f2nia G\u00fcell amb els alumnes de 2n a con\u00e8ixer aquest lloc emblem\u00e0tic de la nostra poblaci\u00f3 i veure l&#8217;obra de Gaud\u00ed una mica [&hellip;]<\/p>\n","protected":false},"author":1,"featured_media":12288,"comment_status":"open","ping_status":"closed","sticky":false,"template":"","format":"standard","meta":{"_bbp_topic_count":0,"_bbp_reply_count":0,"_bbp_total_topic_count":0,"_bbp_total_reply_count":0,"_bbp_voice_count":0,"_bbp_anonymous_reply_count":0,"_bbp_topic_count_hidden":0,"_bbp_reply_count_hidden":0,"_bbp_forum_subforum_count":0,"site-sidebar-layout":"default","site-content-layout":"","ast-site-content-layout":"","site-content-style":"default","site-sidebar-style":"default","ast-global-header-display":"","ast-banner-title-visibility":"","ast-main-header-display":"","ast-hfb-above-header-display":"","ast-hfb-below-header-display":"","ast-hfb-mobile-header-display":"","site-post-title":"","ast-breadcrumbs-content":"","ast-featured-img":"","footer-sml-layout":"","theme-transparent-header-meta":"","adv-header-id-meta":"","stick-header-meta":"","header-above-stick-meta":"","header-main-stick-meta":"","header-below-stick-meta":"","astra-migrate-meta-layouts":"default","ast-page-background-enabled":"default","ast-page-background-meta":{"desktop":{"background-color":"var(--ast-global-color-4)","background-image":"","background-repeat":"repeat","background-position":"center center","background-size":"auto","background-attachment":"scroll","background-type":"","background-media":"","overlay-type":"","overlay-color":"","overlay-opacity":"","overlay-gradient":""},"tablet":{"background-color":"","background-image":"","background-repeat":"repeat","background-position":"center center","background-size":"auto","background-attachment":"scroll","background-type":"","background-media":"","overlay-type":"","overlay-color":"","overlay-opacity":"","overlay-gradient":""},"mobile":{"background-color":"","background-image":"","background-repeat":"repeat","background-position":"center center","background-size":"auto","background-attachment":"scroll","background-type":"","background-media":"","overlay-type":"","overlay-color":"","overlay-opacity":"","overlay-gradient":""}},"ast-content-background-meta":{"desktop":{"background-color":"var(--ast-global-color-5)","background-image":"","background-repeat":"repeat","background-position":"center center","background-size":"auto","background-attachment":"scroll","background-type":"","background-media":"","overlay-type":"","overlay-color":"","overlay-opacity":"","overlay-gradient":""},"tablet":{"background-color":"var(--ast-global-color-5)","background-image":"","background-repeat":"repeat","background-position":"center center","background-size":"auto","background-attachment":"scroll","background-type":"","background-media":"","overlay-type":"","overlay-color":"","overlay-opacity":"","overlay-gradient":""},"mobile":{"background-color":"var(--ast-global-color-5)","background-image":"","background-repeat":"repeat","background-position":"center center","background-size":"auto","background-attachment":"scroll","background-type":"","background-media":"","overlay-type":"","overlay-color":"","overlay-opacity":"","overlay-gradient":""}},"footnotes":""},"categories":[385,1],"tags":[],"class_list":["post-12287","post","type-post","status-publish","format-standard","has-post-thumbnail","hentry","category-erasmus-my-world-your-world-our-world","category-general"],"post_mailing_queue_ids":[],"_links":{"self":[{"href":"https:\/\/agora.xtec.cat\/ceippladelesvinyes\/wp-json\/wp\/v2\/posts\/12287","targetHints":{"allow":["GET"]}}],"collection":[{"href":"https:\/\/agora.xtec.cat\/ceippladelesvinyes\/wp-json\/wp\/v2\/posts"}],"about":[{"href":"https:\/\/agora.xtec.cat\/ceippladelesvinyes\/wp-json\/wp\/v2\/types\/post"}],"author":[{"embeddable":true,"href":"https:\/\/agora.xtec.cat\/ceippladelesvinyes\/wp-json\/wp\/v2\/users\/1"}],"replies":[{"embeddable":true,"href":"https:\/\/agora.xtec.cat\/ceippladelesvinyes\/wp-json\/wp\/v2\/comments?post=12287"}],"version-history":[{"count":2,"href":"https:\/\/agora.xtec.cat\/ceippladelesvinyes\/wp-json\/wp\/v2\/posts\/12287\/revisions"}],"predecessor-version":[{"id":12291,"href":"https:\/\/agora.xtec.cat\/ceippladelesvinyes\/wp-json\/wp\/v2\/posts\/12287\/revisions\/12291"}],"wp:featuredmedia":[{"embeddable":true,"href":"https:\/\/agora.xtec.cat\/ceippladelesvinyes\/wp-json\/wp\/v2\/media\/12288"}],"wp:attachment":[{"href":"https:\/\/agora.xtec.cat\/ceippladelesvinyes\/wp-json\/wp\/v2\/media?parent=12287"}],"wp:term":[{"taxonomy":"category","embeddable":true,"href":"https:\/\/agora.xtec.cat\/ceippladelesvinyes\/wp-json\/wp\/v2\/categories?post=12287"},{"taxonomy":"post_tag","embeddable":true,"href":"https:\/\/agora.xtec.cat\/ceippladelesvinyes\/wp-json\/wp\/v2\/tags?post=12287"}],"curies":[{"name":"wp","href":"https:\/\/api.w.org\/{rel}","templated":true}]}}