{"id":12275,"date":"2022-07-25T19:03:05","date_gmt":"2022-07-25T17:03:05","guid":{"rendered":"https:\/\/agora.xtec.cat\/ceippladelesvinyes\/?p=12275"},"modified":"2022-07-25T19:03:05","modified_gmt":"2022-07-25T17:03:05","slug":"segon-dia-de-la-visita","status":"publish","type":"post","link":"https:\/\/agora.xtec.cat\/ceippladelesvinyes\/general\/segon-dia-de-la-visita\/","title":{"rendered":"Segon dia de la visita!"},"content":{"rendered":"<p>El dia d&#8217;avui ha estat ben ple d&#8217;activitats!<\/p>\n<p>Hem comen\u00e7at el mat\u00ed acompanyant als alumnes de P5 al camp dels cireres de l&#8217;\u00e0via de la Rita. La senyora Montserrat ha estat molt amable i juntament amb els seus n\u00e9ts ens ha explicat moltes coses sobre el conreu de les cireres.<\/p>\n<p>Tot seguit hem anat al parc de Can Lluc amb els alumnes de 3r a realitzar un taller de plantes remeieres. Tot i la calor, l&#8217;activitat ha estat molt interessant. \ud83d\ude0e<\/p>\n<p>Despr\u00e9s, hem fet una volta pel poble i hem explicat als mestres convidats llocs interessants de la nostra poblaci\u00f3.<\/p>\n<p>A la tarda, hem visitat l&#8217;hort de l&#8217;escola amb els infants de P4 i hem fet collita. \ud83d\ude00<\/p>\n<p>Per acabar aquest complert dia, hem pogut assistir a la Fira Gastron\u00f2mica que els alumnes de 5\u00e8 han preparat amb gran \u00e8xit.<\/p>\n<p>Per veure les fotos d&#8217;avui cliqueu <a href=\"https:\/\/photos.app.goo.gl\/mkK9jwi6ss6PzLQK9\">aqu\u00ed<\/a>.<\/p>\n<p><img loading=\"lazy\" decoding=\"async\" class=\"alignnone size-large wp-image-12276\" src=\"https:\/\/agora.xtec.cat\/ceippladelesvinyes\/wp-content\/uploads\/usu1439\/2022\/07\/IMG20220517095126-1-1024x768.jpg\" alt=\"\" width=\"1024\" height=\"768\" srcset=\"https:\/\/agora.xtec.cat\/ceippladelesvinyes\/wp-content\/uploads\/usu1439\/2022\/07\/IMG20220517095126-1-1024x768.jpg 1024w, https:\/\/agora.xtec.cat\/ceippladelesvinyes\/wp-content\/uploads\/usu1439\/2022\/07\/IMG20220517095126-1-290x218.jpg 290w, https:\/\/agora.xtec.cat\/ceippladelesvinyes\/wp-content\/uploads\/usu1439\/2022\/07\/IMG20220517095126-1-768x576.jpg 768w, https:\/\/agora.xtec.cat\/ceippladelesvinyes\/wp-content\/uploads\/usu1439\/2022\/07\/IMG20220517095126-1-1536x1152.jpg 1536w, https:\/\/agora.xtec.cat\/ceippladelesvinyes\/wp-content\/uploads\/usu1439\/2022\/07\/IMG20220517095126-1-2048x1536.jpg 2048w, https:\/\/agora.xtec.cat\/ceippladelesvinyes\/wp-content\/uploads\/usu1439\/2022\/07\/IMG20220517095126-1-200x150.jpg 200w\" sizes=\"auto, (max-width: 1024px) 100vw, 1024px\" \/><\/p>\n","protected":false},"excerpt":{"rendered":"<p>El dia d&#8217;avui ha estat ben ple d&#8217;activitats! Hem comen\u00e7at el mat\u00ed acompanyant als alumnes de P5 al camp dels cireres de l&#8217;\u00e0via de la Rita. La senyora Montserrat ha estat molt amable i juntament amb els seus n\u00e9ts ens ha explicat moltes coses sobre el conreu de les cireres. Tot seguit hem anat al [&hellip;]<\/p>\n","protected":false},"author":1,"featured_media":12276,"comment_status":"open","ping_status":"closed","sticky":false,"template":"","format":"standard","meta":{"_bbp_topic_count":0,"_bbp_reply_count":0,"_bbp_total_topic_count":0,"_bbp_total_reply_count":0,"_bbp_voice_count":0,"_bbp_anonymous_reply_count":0,"_bbp_topic_count_hidden":0,"_bbp_reply_count_hidden":0,"_bbp_forum_subforum_count":0,"site-sidebar-layout":"default","site-content-layout":"","ast-site-content-layout":"","site-content-style":"default","site-sidebar-style":"default","ast-global-header-display":"","ast-banner-title-visibility":"","ast-main-header-display":"","ast-hfb-above-header-display":"","ast-hfb-below-header-display":"","ast-hfb-mobile-header-display":"","site-post-title":"","ast-breadcrumbs-content":"","ast-featured-img":"","footer-sml-layout":"","theme-transparent-header-meta":"","adv-header-id-meta":"","stick-header-meta":"","header-above-stick-meta":"","header-main-stick-meta":"","header-below-stick-meta":"","astra-migrate-meta-layouts":"default","ast-page-background-enabled":"default","ast-page-background-meta":{"desktop":{"background-color":"var(--ast-global-color-4)","background-image":"","background-repeat":"repeat","background-position":"center center","background-size":"auto","background-attachment":"scroll","background-type":"","background-media":"","overlay-type":"","overlay-color":"","overlay-opacity":"","overlay-gradient":""},"tablet":{"background-color":"","background-image":"","background-repeat":"repeat","background-position":"center center","background-size":"auto","background-attachment":"scroll","background-type":"","background-media":"","overlay-type":"","overlay-color":"","overlay-opacity":"","overlay-gradient":""},"mobile":{"background-color":"","background-image":"","background-repeat":"repeat","background-position":"center center","background-size":"auto","background-attachment":"scroll","background-type":"","background-media":"","overlay-type":"","overlay-color":"","overlay-opacity":"","overlay-gradient":""}},"ast-content-background-meta":{"desktop":{"background-color":"var(--ast-global-color-5)","background-image":"","background-repeat":"repeat","background-position":"center center","background-size":"auto","background-attachment":"scroll","background-type":"","background-media":"","overlay-type":"","overlay-color":"","overlay-opacity":"","overlay-gradient":""},"tablet":{"background-color":"var(--ast-global-color-5)","background-image":"","background-repeat":"repeat","background-position":"center center","background-size":"auto","background-attachment":"scroll","background-type":"","background-media":"","overlay-type":"","overlay-color":"","overlay-opacity":"","overlay-gradient":""},"mobile":{"background-color":"var(--ast-global-color-5)","background-image":"","background-repeat":"repeat","background-position":"center center","background-size":"auto","background-attachment":"scroll","background-type":"","background-media":"","overlay-type":"","overlay-color":"","overlay-opacity":"","overlay-gradient":""}},"footnotes":""},"categories":[385,1],"tags":[],"class_list":["post-12275","post","type-post","status-publish","format-standard","has-post-thumbnail","hentry","category-erasmus-my-world-your-world-our-world","category-general"],"post_mailing_queue_ids":[],"_links":{"self":[{"href":"https:\/\/agora.xtec.cat\/ceippladelesvinyes\/wp-json\/wp\/v2\/posts\/12275","targetHints":{"allow":["GET"]}}],"collection":[{"href":"https:\/\/agora.xtec.cat\/ceippladelesvinyes\/wp-json\/wp\/v2\/posts"}],"about":[{"href":"https:\/\/agora.xtec.cat\/ceippladelesvinyes\/wp-json\/wp\/v2\/types\/post"}],"author":[{"embeddable":true,"href":"https:\/\/agora.xtec.cat\/ceippladelesvinyes\/wp-json\/wp\/v2\/users\/1"}],"replies":[{"embeddable":true,"href":"https:\/\/agora.xtec.cat\/ceippladelesvinyes\/wp-json\/wp\/v2\/comments?post=12275"}],"version-history":[{"count":1,"href":"https:\/\/agora.xtec.cat\/ceippladelesvinyes\/wp-json\/wp\/v2\/posts\/12275\/revisions"}],"predecessor-version":[{"id":12277,"href":"https:\/\/agora.xtec.cat\/ceippladelesvinyes\/wp-json\/wp\/v2\/posts\/12275\/revisions\/12277"}],"wp:featuredmedia":[{"embeddable":true,"href":"https:\/\/agora.xtec.cat\/ceippladelesvinyes\/wp-json\/wp\/v2\/media\/12276"}],"wp:attachment":[{"href":"https:\/\/agora.xtec.cat\/ceippladelesvinyes\/wp-json\/wp\/v2\/media?parent=12275"}],"wp:term":[{"taxonomy":"category","embeddable":true,"href":"https:\/\/agora.xtec.cat\/ceippladelesvinyes\/wp-json\/wp\/v2\/categories?post=12275"},{"taxonomy":"post_tag","embeddable":true,"href":"https:\/\/agora.xtec.cat\/ceippladelesvinyes\/wp-json\/wp\/v2\/tags?post=12275"}],"curies":[{"name":"wp","href":"https:\/\/api.w.org\/{rel}","templated":true}]}}