{"id":11827,"date":"2021-12-22T09:39:58","date_gmt":"2021-12-22T08:39:58","guid":{"rendered":"https:\/\/agora.xtec.cat\/ceippladelesvinyes\/?p=11827"},"modified":"2021-12-22T10:03:36","modified_gmt":"2021-12-22T09:03:36","slug":"videos-del-concert-de-nadal","status":"publish","type":"post","link":"https:\/\/agora.xtec.cat\/ceippladelesvinyes\/general\/videos-del-concert-de-nadal\/","title":{"rendered":"VIDEOS DEL CONCERT DE NADAL"},"content":{"rendered":"<p>Benvolgudes fam\u00edlies,<\/p>\n<p>Tanquem el 1r trimestre del curs 2021-2022. Aix\u00ed que aprofitem l&#8217;avinentesa per\u00a0compartir amb vosaltres els v\u00eddeos del concert de Nadal que vam celebrar tots plegats divendres passat.<\/p>\n<p>Va ser un dia molt bonic i emotiu. Esperem que ho pass\u00e9ssiu tant b\u00e9 com nosaltres.<\/p>\n<p>Bones festes a tothom!<\/p>\n<p>PD: Aix\u00f2 \u00e9s el Pla en ess\u00e8ncia, oi que s\u00ed?\u00a0 ^-^.<\/p>\n<p style=\"text-align: center;\"><strong>Classe de P3<\/strong>:\u00a0<a href=\"https:\/\/youtu.be\/vcQleriNg0Y\">https:\/\/youtu.be\/vcQleriNg0Y<\/a><\/p>\n<p style=\"text-align: center;\"><strong>Classe de P4A<\/strong>:\u00a0<a href=\"https:\/\/youtu.be\/2A3Hjc-fXO4\">https:\/\/youtu.be\/2A3Hjc-fXO4<\/a><\/p>\n<p style=\"text-align: center;\"><strong>Classe de P4B<\/strong>:\u00a0<a href=\"https:\/\/youtu.be\/oNLsEXqdWTk\">https:\/\/youtu.be\/oNLsEXqdWTk<\/a><\/p>\n<p style=\"text-align: center;\"><strong>Classe de P5<\/strong>:\u00a0<a href=\"https:\/\/youtu.be\/aucKj_WzPEU\">https:\/\/youtu.be\/aucKj_WzPEU<\/a><\/p>\n<p style=\"text-align: center;\"><strong>Classe de 1r<\/strong>:\u00a0<a href=\"https:\/\/youtu.be\/8jVYo0ErCac\">https:\/\/youtu.be\/8jVYo0ErCac<\/a><\/p>\n<p style=\"text-align: center;\"><strong>Classe de 2nA<\/strong>:\u00a0<a href=\"https:\/\/youtu.be\/fAe3qaycpjc\">https:\/\/youtu.be\/fAe3qaycpjc<\/a><\/p>\n<p style=\"text-align: center;\"><strong>Classe de 2nB<\/strong>:\u00a0<a href=\"https:\/\/youtu.be\/yd4Iu7t7GcQ\">https:\/\/youtu.be\/yd4Iu7t7GcQ<\/a><\/p>\n<p style=\"text-align: center;\"><strong>Classe de 3r<\/strong>:\u00a0<a href=\"https:\/\/youtu.be\/emW5jGpEYag\">https:\/\/youtu.be\/emW5jGpEYag<\/a><\/p>\n<p style=\"text-align: center;\"><strong>Classe de 4tA<\/strong>:\u00a0<a href=\"https:\/\/youtu.be\/guqzsqli1QU\">https:\/\/youtu.be\/guqzsqli1QU<\/a><\/p>\n<p style=\"text-align: center;\"><strong>Classe de 4tB<\/strong>:\u00a0<a href=\"https:\/\/youtu.be\/GDk3YqR0C2I\">https:\/\/youtu.be\/GDk3YqR0C2I<\/a><\/p>\n<p style=\"text-align: center;\"><strong>Classe de 4tC<\/strong>:\u00a0<a href=\"https:\/\/youtu.be\/wYoUjJPQRas\">https:\/\/youtu.be\/wYoUjJPQRas<\/a><\/p>\n<p style=\"text-align: center;\"><strong>Classe de 5\u00e8A<\/strong>:\u00a0<a href=\"https:\/\/youtu.be\/v4zZiGtqmQM\">https:\/\/youtu.be\/v4zZiGtqmQM<\/a><\/p>\n<p style=\"text-align: center;\"><strong>Classe de 5\u00e8B<\/strong>:\u00a0<a href=\"https:\/\/youtu.be\/nB6LLXMRsbw\">https:\/\/youtu.be\/nB6LLXMRsbw<\/a><\/p>\n<p style=\"text-align: center;\"><strong>Classe de 6\u00e8A<\/strong>:\u00a0<a href=\"https:\/\/youtu.be\/Ltk3FbfFZtU\">https:\/\/youtu.be\/Ltk3FbfFZtU<\/a><\/p>\n<p style=\"text-align: center;\"><strong>Classe de 6\u00e8B<\/strong>:\u00a0<a href=\"https:\/\/youtu.be\/Rd2ZEW44Pu8\">https:\/\/youtu.be\/Rd2ZEW44Pu8<\/a><\/p>\n<p style=\"text-align: center;\">\n<p>&nbsp;<\/p>\n","protected":false},"excerpt":{"rendered":"<p>Benvolgudes fam\u00edlies, Tanquem el 1r trimestre del curs 2021-2022. Aix\u00ed que aprofitem l&#8217;avinentesa per\u00a0compartir amb vosaltres els v\u00eddeos del concert de Nadal que vam celebrar tots plegats divendres passat. Va ser un dia molt bonic i emotiu. Esperem que ho pass\u00e9ssiu tant b\u00e9 com nosaltres. Bones festes a tothom! PD: Aix\u00f2 \u00e9s el Pla en [&hellip;]<\/p>\n","protected":false},"author":1,"featured_media":0,"comment_status":"open","ping_status":"closed","sticky":false,"template":"","format":"standard","meta":{"_bbp_topic_count":0,"_bbp_reply_count":0,"_bbp_total_topic_count":0,"_bbp_total_reply_count":0,"_bbp_voice_count":0,"_bbp_anonymous_reply_count":0,"_bbp_topic_count_hidden":0,"_bbp_reply_count_hidden":0,"_bbp_forum_subforum_count":0,"site-sidebar-layout":"default","site-content-layout":"","ast-site-content-layout":"","site-content-style":"default","site-sidebar-style":"default","ast-global-header-display":"","ast-banner-title-visibility":"","ast-main-header-display":"","ast-hfb-above-header-display":"","ast-hfb-below-header-display":"","ast-hfb-mobile-header-display":"","site-post-title":"","ast-breadcrumbs-content":"","ast-featured-img":"","footer-sml-layout":"","theme-transparent-header-meta":"","adv-header-id-meta":"","stick-header-meta":"","header-above-stick-meta":"","header-main-stick-meta":"","header-below-stick-meta":"","astra-migrate-meta-layouts":"default","ast-page-background-enabled":"default","ast-page-background-meta":{"desktop":{"background-color":"var(--ast-global-color-4)","background-image":"","background-repeat":"repeat","background-position":"center center","background-size":"auto","background-attachment":"scroll","background-type":"","background-media":"","overlay-type":"","overlay-color":"","overlay-opacity":"","overlay-gradient":""},"tablet":{"background-color":"","background-image":"","background-repeat":"repeat","background-position":"center center","background-size":"auto","background-attachment":"scroll","background-type":"","background-media":"","overlay-type":"","overlay-color":"","overlay-opacity":"","overlay-gradient":""},"mobile":{"background-color":"","background-image":"","background-repeat":"repeat","background-position":"center center","background-size":"auto","background-attachment":"scroll","background-type":"","background-media":"","overlay-type":"","overlay-color":"","overlay-opacity":"","overlay-gradient":""}},"ast-content-background-meta":{"desktop":{"background-color":"var(--ast-global-color-5)","background-image":"","background-repeat":"repeat","background-position":"center center","background-size":"auto","background-attachment":"scroll","background-type":"","background-media":"","overlay-type":"","overlay-color":"","overlay-opacity":"","overlay-gradient":""},"tablet":{"background-color":"var(--ast-global-color-5)","background-image":"","background-repeat":"repeat","background-position":"center center","background-size":"auto","background-attachment":"scroll","background-type":"","background-media":"","overlay-type":"","overlay-color":"","overlay-opacity":"","overlay-gradient":""},"mobile":{"background-color":"var(--ast-global-color-5)","background-image":"","background-repeat":"repeat","background-position":"center center","background-size":"auto","background-attachment":"scroll","background-type":"","background-media":"","overlay-type":"","overlay-color":"","overlay-opacity":"","overlay-gradient":""}},"footnotes":""},"categories":[148,387,113,276,1,4],"tags":[],"class_list":["post-11827","post","type-post","status-publish","format-standard","hentry","category-biblioteca","category-bloc-de-6e","category-english","category-festestradicions","category-general","category-portada"],"post_mailing_queue_ids":[],"_links":{"self":[{"href":"https:\/\/agora.xtec.cat\/ceippladelesvinyes\/wp-json\/wp\/v2\/posts\/11827","targetHints":{"allow":["GET"]}}],"collection":[{"href":"https:\/\/agora.xtec.cat\/ceippladelesvinyes\/wp-json\/wp\/v2\/posts"}],"about":[{"href":"https:\/\/agora.xtec.cat\/ceippladelesvinyes\/wp-json\/wp\/v2\/types\/post"}],"author":[{"embeddable":true,"href":"https:\/\/agora.xtec.cat\/ceippladelesvinyes\/wp-json\/wp\/v2\/users\/1"}],"replies":[{"embeddable":true,"href":"https:\/\/agora.xtec.cat\/ceippladelesvinyes\/wp-json\/wp\/v2\/comments?post=11827"}],"version-history":[{"count":3,"href":"https:\/\/agora.xtec.cat\/ceippladelesvinyes\/wp-json\/wp\/v2\/posts\/11827\/revisions"}],"predecessor-version":[{"id":11830,"href":"https:\/\/agora.xtec.cat\/ceippladelesvinyes\/wp-json\/wp\/v2\/posts\/11827\/revisions\/11830"}],"wp:attachment":[{"href":"https:\/\/agora.xtec.cat\/ceippladelesvinyes\/wp-json\/wp\/v2\/media?parent=11827"}],"wp:term":[{"taxonomy":"category","embeddable":true,"href":"https:\/\/agora.xtec.cat\/ceippladelesvinyes\/wp-json\/wp\/v2\/categories?post=11827"},{"taxonomy":"post_tag","embeddable":true,"href":"https:\/\/agora.xtec.cat\/ceippladelesvinyes\/wp-json\/wp\/v2\/tags?post=11827"}],"curies":[{"name":"wp","href":"https:\/\/api.w.org\/{rel}","templated":true}]}}