{"id":933,"date":"2020-07-17T09:13:40","date_gmt":"2020-07-17T07:13:40","guid":{"rendered":"https:\/\/agora.xtec.cat\/ceippladedalt\/?p=933"},"modified":"2025-06-12T10:24:00","modified_gmt":"2025-06-12T08:24:00","slug":"aixo-pinta-be-2015","status":"publish","type":"post","link":"https:\/\/agora.xtec.cat\/ceippladedalt\/general\/aixo-pinta-be-2015\/","title":{"rendered":"AIX\u00d2 PINTA B\u00c9 2015"},"content":{"rendered":"<p class=\"Estilo2\" align=\"center\"><span class=\"Estilo3\">&#8220;AIX\u00d2 PINTA B\u00c9&#8221;<\/span><br \/><span class=\"Estilo1\">II Concurs de Dibuix de Programes Pedag\u00f2gics i Divulgatius de la Diputaci\u00f3 de Girona<\/span><\/p>\n<p class=\"Estilo1\" align=\"center\">Els nens i les nenes de P5 han sigut els guanyadors de la categoria d&#8217;infantil.<br \/>El premi ha sigut 600 \u20ac i una activitat gratu\u00efta pel curs vinent.<br \/>Estem molt contents!!<\/p>\n<p class=\"Estilo1\" align=\"center\">\u00a0<\/p>\n<p class=\"Estilo1\" align=\"center\">\u00a0<\/p>\n\n<div class=\"wp-block-image\">\n<figure class=\"aligncenter size-full\"><a href=\"https:\/\/agora.xtec.cat\/ceippladedalt\/wp-content\/uploads\/usu2126\/2020\/07\/aixo-pinta-be-1.png\"><img loading=\"lazy\" decoding=\"async\" width=\"799\" height=\"566\" src=\"https:\/\/agora.xtec.cat\/ceippladedalt\/wp-content\/uploads\/usu2126\/2020\/07\/aixo-pinta-be-1.png\" alt=\"\" class=\"wp-image-22883\" srcset=\"https:\/\/agora.xtec.cat\/ceippladedalt\/wp-content\/uploads\/usu2126\/2020\/07\/aixo-pinta-be-1.png 799w, https:\/\/agora.xtec.cat\/ceippladedalt\/wp-content\/uploads\/usu2126\/2020\/07\/aixo-pinta-be-1-300x213.png 300w, https:\/\/agora.xtec.cat\/ceippladedalt\/wp-content\/uploads\/usu2126\/2020\/07\/aixo-pinta-be-1-768x544.png 768w\" sizes=\"auto, (max-width: 799px) 100vw, 799px\" \/><\/a><\/figure><\/div>\n\n\n<div style=\"height:55px\" aria-hidden=\"true\" class=\"wp-block-spacer\"><\/div>\n\n\n\n<p><\/p>\n\n\n\n<p style=\"text-align: center;\"><em>Resultat final dels nens i nenes de P5 en la Categoria D&#8217;Infantil;<\/em><\/p>\n<p>\u00a0<\/p>\n\n\n<div class=\"wp-block-image\">\n<figure class=\"aligncenter size-full\"><a href=\"https:\/\/agora.xtec.cat\/ceippladedalt\/wp-content\/uploads\/usu2126\/2020\/07\/Farandula-olotina-1.png\"><img loading=\"lazy\" decoding=\"async\" width=\"797\" height=\"554\" src=\"https:\/\/agora.xtec.cat\/ceippladedalt\/wp-content\/uploads\/usu2126\/2020\/07\/Farandula-olotina-1.png\" alt=\"\" class=\"wp-image-22884\" srcset=\"https:\/\/agora.xtec.cat\/ceippladedalt\/wp-content\/uploads\/usu2126\/2020\/07\/Farandula-olotina-1.png 797w, https:\/\/agora.xtec.cat\/ceippladedalt\/wp-content\/uploads\/usu2126\/2020\/07\/Farandula-olotina-1-300x209.png 300w, https:\/\/agora.xtec.cat\/ceippladedalt\/wp-content\/uploads\/usu2126\/2020\/07\/Farandula-olotina-1-768x534.png 768w\" sizes=\"auto, (max-width: 797px) 100vw, 797px\" \/><\/a><\/figure><\/div>","protected":false},"excerpt":{"rendered":"<p>&#8220;AIX\u00d2 PINTA B\u00c9&#8221;II Concurs de Dibuix de Programes Pedag\u00f2gics i Divulgatius de la Diputaci\u00f3 de Girona<br \/>\nEls nens i les nenes de P5 han sigut els guanyadors de la categoria d&#8217;infantil.El premi ha sigut 600 \u20ac i una activitat gratu\u00efta pel curs vinent.Estem molt contents!!<br \/>\n\u00a0<br \/>\n\u00a0<\/p>\n<p><a href=\"https:\/\/agora.xtec.cat\/ceippladedalt\/wp-content\/uploads\/usu2126\/2020\/07\/aixo-pinta-be-1.png\"><\/a><\/p>\n<p>Resultat&hellip;  <a href=\"https:\/\/agora.xtec.cat\/ceippladedalt\/general\/aixo-pinta-be-2015\/\" title=\"Read AIX\u00d2 PINTA B\u00c9 2015\">Llegeix m\u00e9s\u00bb<\/a><\/p>\n","protected":false},"author":1,"featured_media":934,"comment_status":"closed","ping_status":"closed","sticky":false,"template":"","format":"standard","meta":{"_bbp_topic_count":0,"_bbp_reply_count":0,"_bbp_total_topic_count":0,"_bbp_total_reply_count":0,"_bbp_voice_count":0,"_bbp_anonymous_reply_count":0,"_bbp_topic_count_hidden":0,"_bbp_reply_count_hidden":0,"_bbp_forum_subforum_count":0,"footnotes":""},"categories":[1],"tags":[],"class_list":["post-933","post","type-post","status-publish","format-standard","has-post-thumbnail","hentry","category-general"],"post_mailing_queue_ids":[],"_links":{"self":[{"href":"https:\/\/agora.xtec.cat\/ceippladedalt\/wp-json\/wp\/v2\/posts\/933","targetHints":{"allow":["GET"]}}],"collection":[{"href":"https:\/\/agora.xtec.cat\/ceippladedalt\/wp-json\/wp\/v2\/posts"}],"about":[{"href":"https:\/\/agora.xtec.cat\/ceippladedalt\/wp-json\/wp\/v2\/types\/post"}],"author":[{"embeddable":true,"href":"https:\/\/agora.xtec.cat\/ceippladedalt\/wp-json\/wp\/v2\/users\/1"}],"replies":[{"embeddable":true,"href":"https:\/\/agora.xtec.cat\/ceippladedalt\/wp-json\/wp\/v2\/comments?post=933"}],"version-history":[{"count":6,"href":"https:\/\/agora.xtec.cat\/ceippladedalt\/wp-json\/wp\/v2\/posts\/933\/revisions"}],"predecessor-version":[{"id":22895,"href":"https:\/\/agora.xtec.cat\/ceippladedalt\/wp-json\/wp\/v2\/posts\/933\/revisions\/22895"}],"wp:featuredmedia":[{"embeddable":true,"href":"https:\/\/agora.xtec.cat\/ceippladedalt\/wp-json\/wp\/v2\/media\/934"}],"wp:attachment":[{"href":"https:\/\/agora.xtec.cat\/ceippladedalt\/wp-json\/wp\/v2\/media?parent=933"}],"wp:term":[{"taxonomy":"category","embeddable":true,"href":"https:\/\/agora.xtec.cat\/ceippladedalt\/wp-json\/wp\/v2\/categories?post=933"},{"taxonomy":"post_tag","embeddable":true,"href":"https:\/\/agora.xtec.cat\/ceippladedalt\/wp-json\/wp\/v2\/tags?post=933"}],"curies":[{"name":"wp","href":"https:\/\/api.w.org\/{rel}","templated":true}]}}