{"id":926,"date":"2020-07-17T09:10:06","date_gmt":"2020-07-17T07:10:06","guid":{"rendered":"https:\/\/agora.xtec.cat\/ceippladedalt\/?p=926"},"modified":"2025-06-12T10:22:42","modified_gmt":"2025-06-12T08:22:42","slug":"concurs-interescolar-de-tintinaire-de-catalunya-2013","status":"publish","type":"post","link":"https:\/\/agora.xtec.cat\/ceippladedalt\/general\/concurs-interescolar-de-tintinaire-de-catalunya-2013\/","title":{"rendered":"CONCURS INTERESCOLAR DE TINTINAIRE DE CATALUNYA 2013"},"content":{"rendered":"\n<p class=\"has-text-align-center\">Guanyadors en el 1r concurs<br>interescolar tintinaire de Catalunya, 2013<\/p>\n\n\n<div class=\"wp-block-image\">\n<figure class=\"aligncenter size-full\"><a href=\"https:\/\/agora.xtec.cat\/ceippladedalt\/wp-content\/uploads\/usu2126\/2020\/07\/Captura.png\"><img loading=\"lazy\" decoding=\"async\" width=\"637\" height=\"478\" src=\"https:\/\/agora.xtec.cat\/ceippladedalt\/wp-content\/uploads\/usu2126\/2020\/07\/Captura.png\" alt=\"\" class=\"wp-image-22879\" srcset=\"https:\/\/agora.xtec.cat\/ceippladedalt\/wp-content\/uploads\/usu2126\/2020\/07\/Captura.png 637w, https:\/\/agora.xtec.cat\/ceippladedalt\/wp-content\/uploads\/usu2126\/2020\/07\/Captura-300x225.png 300w, https:\/\/agora.xtec.cat\/ceippladedalt\/wp-content\/uploads\/usu2126\/2020\/07\/Captura-200x150.png 200w\" sizes=\"auto, (max-width: 637px) 100vw, 637px\" \/><\/a><\/figure><\/div>\n\n\n<p style=\"text-align: center;\" align=\"center\">\u00a0<\/p>\n<p align=\"justify\"><span class=\"Estilo10\"><br \/><\/span><span class=\"Estilo7\">Premis del concurs tintinaire de Can Tonet al Caixaforum de Barcelona.<br \/>Els alumnes premiats van ser:<br \/>&#8211;\u00a0<strong>1r premi Miquel P.<\/strong>\u00a0amb un viatge a Brussel\u00b7les per a 5 persones i un lot de material de tintins.<br \/>&#8211;\u00a0<strong>2n premi per a Biel V.<\/strong>\u00a0amb un curs online de llengua anglesa i un lot de material de tintins.<br \/>&#8211;\u00a0<strong>3r premi per a Xi Z.<\/strong>\u00a0amb un lot de material tintinaire.<br \/>Enhorabona a tots tres!<\/span><\/p>\n<p><span class=\"Estilo9\">Els mestres asistents a la cerim\u00f2nia van participar en un sorteig de diferents premis i la nostra escola va estar premiada amb un viatge a Brussel\u00b7les per a 4 mestres de la comissi\u00f3 de la biblioteca que van participar en el projecte de Tint\u00edn, una subscripci\u00f3 d\u2019un any a l\u2019Associaci\u00f3 tintinaire Catalana 1001 i un curs online de llengua anglesa.<br \/>Va ser un dia molt especial i amb moltes sorpreses.<br \/>Estem molt contents!<\/span><\/p>\n\n\n\n<h2 class=\"wp-block-heading\">&nbsp;<\/h2>\n","protected":false},"excerpt":{"rendered":"<p>Guanyadors en el 1r concursinterescolar tintinaire de Catalunya, 2013<\/p>\n<p><a href=\"https:\/\/agora.xtec.cat\/ceippladedalt\/wp-content\/uploads\/usu2126\/2020\/07\/Captura.png\"><\/a><\/p>\n<p>\u00a0<br \/>\nPremis del concurs tintinaire de Can Tonet al Caixaforum de Barcelona.Els alumnes premiats van ser:&#8211;\u00a01r premi Miquel P.\u00a0amb un viatge a Brussel\u00b7les per a 5 persones i un lot de material de tintins.&#8211;\u00a02n premi per a&hellip;  <a href=\"https:\/\/agora.xtec.cat\/ceippladedalt\/general\/concurs-interescolar-de-tintinaire-de-catalunya-2013\/\" title=\"Read CONCURS INTERESCOLAR DE TINTINAIRE DE CATALUNYA 2013\">Llegeix m\u00e9s\u00bb<\/a><\/p>\n","protected":false},"author":1,"featured_media":927,"comment_status":"closed","ping_status":"closed","sticky":false,"template":"","format":"standard","meta":{"_bbp_topic_count":0,"_bbp_reply_count":0,"_bbp_total_topic_count":0,"_bbp_total_reply_count":0,"_bbp_voice_count":0,"_bbp_anonymous_reply_count":0,"_bbp_topic_count_hidden":0,"_bbp_reply_count_hidden":0,"_bbp_forum_subforum_count":0,"footnotes":""},"categories":[1],"tags":[],"class_list":["post-926","post","type-post","status-publish","format-standard","has-post-thumbnail","hentry","category-general"],"post_mailing_queue_ids":[],"_links":{"self":[{"href":"https:\/\/agora.xtec.cat\/ceippladedalt\/wp-json\/wp\/v2\/posts\/926","targetHints":{"allow":["GET"]}}],"collection":[{"href":"https:\/\/agora.xtec.cat\/ceippladedalt\/wp-json\/wp\/v2\/posts"}],"about":[{"href":"https:\/\/agora.xtec.cat\/ceippladedalt\/wp-json\/wp\/v2\/types\/post"}],"author":[{"embeddable":true,"href":"https:\/\/agora.xtec.cat\/ceippladedalt\/wp-json\/wp\/v2\/users\/1"}],"replies":[{"embeddable":true,"href":"https:\/\/agora.xtec.cat\/ceippladedalt\/wp-json\/wp\/v2\/comments?post=926"}],"version-history":[{"count":3,"href":"https:\/\/agora.xtec.cat\/ceippladedalt\/wp-json\/wp\/v2\/posts\/926\/revisions"}],"predecessor-version":[{"id":22936,"href":"https:\/\/agora.xtec.cat\/ceippladedalt\/wp-json\/wp\/v2\/posts\/926\/revisions\/22936"}],"wp:featuredmedia":[{"embeddable":true,"href":"https:\/\/agora.xtec.cat\/ceippladedalt\/wp-json\/wp\/v2\/media\/927"}],"wp:attachment":[{"href":"https:\/\/agora.xtec.cat\/ceippladedalt\/wp-json\/wp\/v2\/media?parent=926"}],"wp:term":[{"taxonomy":"category","embeddable":true,"href":"https:\/\/agora.xtec.cat\/ceippladedalt\/wp-json\/wp\/v2\/categories?post=926"},{"taxonomy":"post_tag","embeddable":true,"href":"https:\/\/agora.xtec.cat\/ceippladedalt\/wp-json\/wp\/v2\/tags?post=926"}],"curies":[{"name":"wp","href":"https:\/\/api.w.org\/{rel}","templated":true}]}}