{"id":923,"date":"2020-07-17T09:07:57","date_gmt":"2020-07-17T07:07:57","guid":{"rendered":"https:\/\/agora.xtec.cat\/ceippladedalt\/?p=923"},"modified":"2025-06-12T10:21:18","modified_gmt":"2025-06-12T08:21:18","slug":"premi-sambori-i-omnium-garrotxa-2012","status":"publish","type":"post","link":"https:\/\/agora.xtec.cat\/ceippladedalt\/general\/premi-sambori-i-omnium-garrotxa-2012\/","title":{"rendered":"PREMI SAMBORI I \u00d2MNIUM GARROTXA 2012"},"content":{"rendered":"<div class=\"Section1\">\n<p class=\"Estilo13\" align=\"center\"><strong>PREMIS SAMBORI I \u00d2MNIUM GARROTXA<\/strong>\u00a0-2012<\/p>\n<p style=\"text-align: left;\" align=\"center\">\n<p class=\"Estilo13\" style=\"text-align: left;\" align=\"center\"><span style=\"font-size: revert; color: initial;\">Cada any l\u2019escola participa en el Concurs Literari juvenil \u00d2mnium Garrotxa.<\/span><\/p>\n<\/div>\n<p class=\"Estilo23\" style=\"text-align: left;\" align=\"justify\">Aquest any hem de felicitar a dos alumnes de sis\u00e8 pels \u00e8xits aconseguits.<\/p>\n<p class=\"Estilo23\" style=\"text-align: left;\" align=\"justify\">Felicitem a<strong>\u00a0l&#8217;Albert P. pel PRIMER premi en el concurs \u00d2mnium Garrotxa<\/strong>\u00a0amb la seva obra \u201cLa vida d\u2019una gota d\u2019aigua\u201d.<br \/>\nTamb\u00e9 felicitem a l&#8217;Eva Jord\u00e0 pel TERCER premi en el concurs \u00d2mnium Garrotxa\u00a0amb el seu escrit \u201cEls animals tamb\u00e9 han de ser ensenyats\u201d.<\/p>\n<p class=\"Estilo23\" style=\"text-align: left;\" align=\"justify\">Cal destacar que el mateix\u00a0<strong>Albert P. va aconseguir el PRIMER premi Sambori<\/strong>\u00a0\u00d2mnium Demarcaci\u00f3 de l\u2019Alt Ter-Garrotxa (concurs literari de narrativa en catal\u00e0 de les comarques de la Garrotxa , Ripoll\u00e8s i Osona) amb la mateixa obra. Cal felicitar-lo una altra vegada.<\/p>\n<p class=\"Estilo23\" style=\"text-align: left;\" align=\"justify\">El premi Sambori es porta a terme a la Demarcaci\u00f3 de l\u2019Alt Ter-Garrotxa i consolida el Sambori com a premi de narrativa escolar de refer\u00e8ncia que\u00a0obre l\u2019horitz\u00f3 de Pa\u00efsos Catalans. El VI\u00e8 premi Sambori \u00d2mnim es porta a terme a nivell de tot el territori de Catalunya, La Franja i la Catalunya Nord i unifica sota un mateix nom diversos premis de narrativa escolar.<\/p>\n","protected":false},"excerpt":{"rendered":"<p>PREMIS SAMBORI I \u00d2MNIUM GARROTXA\u00a0-2012<\/p>\n<p>Cada any l\u2019escola participa en el Concurs Literari juvenil \u00d2mnium Garrotxa.<\/p>\n<p>Aquest any hem de felicitar a dos alumnes de sis\u00e8 pels \u00e8xits aconseguits.<br \/>\nFelicitem a\u00a0l&#8217;Albert P. pel PRIMER premi en el concurs \u00d2mnium Garrotxa\u00a0amb la seva obra \u201cLa vida d\u2019una gota d\u2019aigua\u201d.<br \/>\nTamb\u00e9&hellip;  <a href=\"https:\/\/agora.xtec.cat\/ceippladedalt\/general\/premi-sambori-i-omnium-garrotxa-2012\/\" title=\"Read PREMI SAMBORI I \u00d2MNIUM GARROTXA 2012\">Llegeix m\u00e9s\u00bb<\/a><\/p>\n","protected":false},"author":1,"featured_media":0,"comment_status":"closed","ping_status":"closed","sticky":false,"template":"","format":"standard","meta":{"_bbp_topic_count":0,"_bbp_reply_count":0,"_bbp_total_topic_count":0,"_bbp_total_reply_count":0,"_bbp_voice_count":0,"_bbp_anonymous_reply_count":0,"_bbp_topic_count_hidden":0,"_bbp_reply_count_hidden":0,"_bbp_forum_subforum_count":0,"footnotes":""},"categories":[1],"tags":[],"class_list":["post-923","post","type-post","status-publish","format-standard","hentry","category-general"],"post_mailing_queue_ids":[],"_links":{"self":[{"href":"https:\/\/agora.xtec.cat\/ceippladedalt\/wp-json\/wp\/v2\/posts\/923","targetHints":{"allow":["GET"]}}],"collection":[{"href":"https:\/\/agora.xtec.cat\/ceippladedalt\/wp-json\/wp\/v2\/posts"}],"about":[{"href":"https:\/\/agora.xtec.cat\/ceippladedalt\/wp-json\/wp\/v2\/types\/post"}],"author":[{"embeddable":true,"href":"https:\/\/agora.xtec.cat\/ceippladedalt\/wp-json\/wp\/v2\/users\/1"}],"replies":[{"embeddable":true,"href":"https:\/\/agora.xtec.cat\/ceippladedalt\/wp-json\/wp\/v2\/comments?post=923"}],"version-history":[{"count":3,"href":"https:\/\/agora.xtec.cat\/ceippladedalt\/wp-json\/wp\/v2\/posts\/923\/revisions"}],"predecessor-version":[{"id":22935,"href":"https:\/\/agora.xtec.cat\/ceippladedalt\/wp-json\/wp\/v2\/posts\/923\/revisions\/22935"}],"wp:attachment":[{"href":"https:\/\/agora.xtec.cat\/ceippladedalt\/wp-json\/wp\/v2\/media?parent=923"}],"wp:term":[{"taxonomy":"category","embeddable":true,"href":"https:\/\/agora.xtec.cat\/ceippladedalt\/wp-json\/wp\/v2\/categories?post=923"},{"taxonomy":"post_tag","embeddable":true,"href":"https:\/\/agora.xtec.cat\/ceippladedalt\/wp-json\/wp\/v2\/tags?post=923"}],"curies":[{"name":"wp","href":"https:\/\/api.w.org\/{rel}","templated":true}]}}