{"id":920,"date":"2020-07-17T09:06:36","date_gmt":"2020-07-17T07:06:36","guid":{"rendered":"https:\/\/agora.xtec.cat\/ceippladedalt\/?p=920"},"modified":"2025-06-12T10:21:22","modified_gmt":"2025-06-12T08:21:22","slug":"premi-sambori-i-omnium-garrotxa-2011","status":"publish","type":"post","link":"https:\/\/agora.xtec.cat\/ceippladedalt\/general\/premi-sambori-i-omnium-garrotxa-2011\/","title":{"rendered":"PREMI SAMBORI I \u00d2MNIUM GARROTXA 2011"},"content":{"rendered":"<p class=\"Estilo2\" align=\"center\">PREMIS SAMBORI I \u00d2MNIUM GARROTXA -2011<\/p>\n<p><span style=\"font-size: revert; color: initial;\">Cada any l\u2019escola participa en el Concurs Literari juvenil \u00d2mnium Garrotxa. Aquest any hem de felicitar a dos alumnes de sis\u00e8 pels \u00e8xits aconseguits.<\/span><\/p>\n<p class=\"Estilo1\">Felicitem a en Guillem G. pel segon premi en el concurs \u00d2mnium Garrotxa amb la seva obra \u201cEl meu somni\u201d, on explica que li agradaria ser un mag per poder aconseguir un m\u00f3n m\u00e9s agradable, meravell\u00f3s i feli\u00e7.<\/p>\n<p class=\"Estilo1\">Tamb\u00e9 felicitem a la Hanying F. pel seu tercer premi en el concurs \u00d2mnium Garrotxa\u00a0amb el seu escrit \u201cEl regal m\u00e9s valu\u00f3s del m\u00f3n\u201d , on ens fa adonar que el regal m\u00e9s valu\u00f3s del m\u00f3n que ens han donat els nostres pares, \u00e9s la vida.<\/p>\n<p class=\"Estilo1\">Cal destacar que el mateix Guillem G. va aconseguir el segon premi Sambori \u00d2mnium ( concurs literari de narrativa en catal\u00e0 de les comarques de la Garrotxa, Ripoll\u00e8s i Osona) amb la mateixa obra. Cal felicitar-lo una altra vegada.<\/p>\n","protected":false},"excerpt":{"rendered":"<p>PREMIS SAMBORI I \u00d2MNIUM GARROTXA -2011<br \/>\nCada any l\u2019escola participa en el Concurs Literari juvenil \u00d2mnium Garrotxa. Aquest any hem de felicitar a dos alumnes de sis\u00e8 pels \u00e8xits aconseguits.<br \/>\nFelicitem a en Guillem G. pel segon premi en el concurs \u00d2mnium Garrotxa amb la seva obra&hellip;  <a href=\"https:\/\/agora.xtec.cat\/ceippladedalt\/general\/premi-sambori-i-omnium-garrotxa-2011\/\" title=\"Read PREMI SAMBORI I \u00d2MNIUM GARROTXA 2011\">Llegeix m\u00e9s\u00bb<\/a><\/p>\n","protected":false},"author":1,"featured_media":0,"comment_status":"closed","ping_status":"closed","sticky":false,"template":"","format":"standard","meta":{"_bbp_topic_count":0,"_bbp_reply_count":0,"_bbp_total_topic_count":0,"_bbp_total_reply_count":0,"_bbp_voice_count":0,"_bbp_anonymous_reply_count":0,"_bbp_topic_count_hidden":0,"_bbp_reply_count_hidden":0,"_bbp_forum_subforum_count":0,"footnotes":""},"categories":[1],"tags":[],"class_list":["post-920","post","type-post","status-publish","format-standard","hentry","category-general"],"post_mailing_queue_ids":[],"_links":{"self":[{"href":"https:\/\/agora.xtec.cat\/ceippladedalt\/wp-json\/wp\/v2\/posts\/920","targetHints":{"allow":["GET"]}}],"collection":[{"href":"https:\/\/agora.xtec.cat\/ceippladedalt\/wp-json\/wp\/v2\/posts"}],"about":[{"href":"https:\/\/agora.xtec.cat\/ceippladedalt\/wp-json\/wp\/v2\/types\/post"}],"author":[{"embeddable":true,"href":"https:\/\/agora.xtec.cat\/ceippladedalt\/wp-json\/wp\/v2\/users\/1"}],"replies":[{"embeddable":true,"href":"https:\/\/agora.xtec.cat\/ceippladedalt\/wp-json\/wp\/v2\/comments?post=920"}],"version-history":[{"count":2,"href":"https:\/\/agora.xtec.cat\/ceippladedalt\/wp-json\/wp\/v2\/posts\/920\/revisions"}],"predecessor-version":[{"id":22933,"href":"https:\/\/agora.xtec.cat\/ceippladedalt\/wp-json\/wp\/v2\/posts\/920\/revisions\/22933"}],"wp:attachment":[{"href":"https:\/\/agora.xtec.cat\/ceippladedalt\/wp-json\/wp\/v2\/media?parent=920"}],"wp:term":[{"taxonomy":"category","embeddable":true,"href":"https:\/\/agora.xtec.cat\/ceippladedalt\/wp-json\/wp\/v2\/categories?post=920"},{"taxonomy":"post_tag","embeddable":true,"href":"https:\/\/agora.xtec.cat\/ceippladedalt\/wp-json\/wp\/v2\/tags?post=920"}],"curies":[{"name":"wp","href":"https:\/\/api.w.org\/{rel}","templated":true}]}}