{"id":916,"date":"2020-07-17T09:04:25","date_gmt":"2020-07-17T07:04:25","guid":{"rendered":"https:\/\/agora.xtec.cat\/ceippladedalt\/?p=916"},"modified":"2025-06-12T10:21:28","modified_gmt":"2025-06-12T08:21:28","slug":"premi-sambori-2010","status":"publish","type":"post","link":"https:\/\/agora.xtec.cat\/ceippladedalt\/general\/premi-sambori-2010\/","title":{"rendered":"PREMI SAMBORI 2010"},"content":{"rendered":"<p class=\"Estilo3\" align=\"center\"><span lang=\"ca\" xml:lang=\"ca\">PREMIS SAMBORI 2010 al CEIP PLA DE DALT<\/span><\/p>\n<p class=\"Estilo1\" align=\"justify\">L\u2019Aniol C. i\u00a0l\u2019 Alba E.,\u00a0alumnes\u00a0de 6\u00e8 del Ceip Pla de Dalt d\u2019Olot,\u00a0han estat guardonats amb el primer i el tercer\u00a0premi Sambori \u00d2mnium 2010 que es varen lliurar el dissabte 27 de mar\u00e7 a Taradell (Osona).<br \/>\nEl premi ha comptat a Osona, el Ripoll\u00e8s i la Garrotxa amb una participaci\u00f3 de m\u00e9s de 2000 alumnes, tot un \u00e8xit per ser el primer any que es porta a terme a la Demarcaci\u00f3 de l\u2019Alt Ter-Garrotxa i consolida el Sambori com a premi de narrativa escolar de refer\u00e8ncia que\u00a0obre l\u2019horitz\u00f3 de Pa\u00efsos Catalans. El IV premi Sambori \u00d2mnim es porta a terme a nivell de tot el territori de Catalunya, La Franja i la Catalunya Nord i unifica sota un mateix nom diversos premis de narrativa escolar.<\/p>\n","protected":false},"excerpt":{"rendered":"<p>PREMIS SAMBORI 2010 al CEIP PLA DE DALT<br \/>\nL\u2019Aniol C. i\u00a0l\u2019 Alba E.,\u00a0alumnes\u00a0de 6\u00e8 del Ceip Pla de Dalt d\u2019Olot,\u00a0han estat guardonats amb el primer i el tercer\u00a0premi Sambori \u00d2mnium 2010 que es varen lliurar el dissabte 27 de mar\u00e7 a Taradell (Osona).<br \/>\nEl premi ha comptat&hellip;  <a href=\"https:\/\/agora.xtec.cat\/ceippladedalt\/general\/premi-sambori-2010\/\" title=\"Read PREMI SAMBORI 2010\">Llegeix m\u00e9s\u00bb<\/a><\/p>\n","protected":false},"author":1,"featured_media":0,"comment_status":"closed","ping_status":"closed","sticky":false,"template":"","format":"standard","meta":{"_bbp_topic_count":0,"_bbp_reply_count":0,"_bbp_total_topic_count":0,"_bbp_total_reply_count":0,"_bbp_voice_count":0,"_bbp_anonymous_reply_count":0,"_bbp_topic_count_hidden":0,"_bbp_reply_count_hidden":0,"_bbp_forum_subforum_count":0,"footnotes":""},"categories":[1],"tags":[],"class_list":["post-916","post","type-post","status-publish","format-standard","hentry","category-general"],"post_mailing_queue_ids":[],"_links":{"self":[{"href":"https:\/\/agora.xtec.cat\/ceippladedalt\/wp-json\/wp\/v2\/posts\/916","targetHints":{"allow":["GET"]}}],"collection":[{"href":"https:\/\/agora.xtec.cat\/ceippladedalt\/wp-json\/wp\/v2\/posts"}],"about":[{"href":"https:\/\/agora.xtec.cat\/ceippladedalt\/wp-json\/wp\/v2\/types\/post"}],"author":[{"embeddable":true,"href":"https:\/\/agora.xtec.cat\/ceippladedalt\/wp-json\/wp\/v2\/users\/1"}],"replies":[{"embeddable":true,"href":"https:\/\/agora.xtec.cat\/ceippladedalt\/wp-json\/wp\/v2\/comments?post=916"}],"version-history":[{"count":2,"href":"https:\/\/agora.xtec.cat\/ceippladedalt\/wp-json\/wp\/v2\/posts\/916\/revisions"}],"predecessor-version":[{"id":918,"href":"https:\/\/agora.xtec.cat\/ceippladedalt\/wp-json\/wp\/v2\/posts\/916\/revisions\/918"}],"wp:attachment":[{"href":"https:\/\/agora.xtec.cat\/ceippladedalt\/wp-json\/wp\/v2\/media?parent=916"}],"wp:term":[{"taxonomy":"category","embeddable":true,"href":"https:\/\/agora.xtec.cat\/ceippladedalt\/wp-json\/wp\/v2\/categories?post=916"},{"taxonomy":"post_tag","embeddable":true,"href":"https:\/\/agora.xtec.cat\/ceippladedalt\/wp-json\/wp\/v2\/tags?post=916"}],"curies":[{"name":"wp","href":"https:\/\/api.w.org\/{rel}","templated":true}]}}