{"id":901,"date":"2020-07-17T08:38:50","date_gmt":"2020-07-17T06:38:50","guid":{"rendered":"https:\/\/agora.xtec.cat\/ceippladedalt\/?p=901"},"modified":"2025-06-12T08:50:30","modified_gmt":"2025-06-12T06:50:30","slug":"premi-baldiri-reixach-2008","status":"publish","type":"post","link":"https:\/\/agora.xtec.cat\/ceippladedalt\/general\/premi-baldiri-reixach-2008\/","title":{"rendered":"PREMI BALDIRI REIXACH 2008"},"content":{"rendered":"\n<p class=\"Estilo6\">PREMI BALDIRI REIXACH 2008<\/p>\n<table style=\"width: 99.7616%; height: 160px;\" border=\"0\" width=\"862\">\n<tbody>\n<tr style=\"height: 160px;\">\n<td style=\"width: 74.6137%; height: 160px;\" width=\"702\">\n<div align=\"justify\">\n<h4 class=\"Estilo1\">La Fundaci\u00f3 Llu\u00eds Carulla ha atorgat un dels premis Baldiri Reixach a l&#8217;escola CEIP Pla de Dalt d\u2019Olot (Garrotxa), per la seva traject\u00f2ria d\u2019escola pluralista i integradora basada en una pr\u00e0ctica educativa inserida en el seu entorn i en el desenvolupament del sentit de pertinen\u00e7a i arrelament al pa\u00eds.<\/h4>\n<\/div>\n<\/td>\n<td style=\"width: 48.3615%; height: 160px;\" width=\"180\">\n<div align=\"justify\"><a href=\"https:\/\/agora.xtec.cat\/ceippladedalt\/wp-content\/uploads\/usu2126\/2020\/07\/cat3-bald.png\"><img loading=\"lazy\" decoding=\"async\" class=\"alignnone size-full wp-image-22871\" src=\"https:\/\/agora.xtec.cat\/ceippladedalt\/wp-content\/uploads\/usu2126\/2020\/07\/cat3-bald.png\" alt=\"\" width=\"405\" height=\"400\" srcset=\"https:\/\/agora.xtec.cat\/ceippladedalt\/wp-content\/uploads\/usu2126\/2020\/07\/cat3-bald.png 405w, https:\/\/agora.xtec.cat\/ceippladedalt\/wp-content\/uploads\/usu2126\/2020\/07\/cat3-bald-300x296.png 300w\" sizes=\"auto, (max-width: 405px) 100vw, 405px\" \/><\/a><\/div>\n<\/td>\n<\/tr>\n<\/tbody>\n<\/table>\n<p class=\"Estilo1\" align=\"justify\">L&#8217;acte d&#8217;entrega del guard\u00f3, amb un valor de 3.300 euros, es f\u00e9u el dijous 31 de maig de 2008 al Palau de Pedralbes de Barcelona (19:00 hores)\u00a0i fou presidit pel conseller d&#8217;Educaci\u00f3, Ernest Maragall.<\/p>\n<p class=\"Estilo1\" align=\"justify\">Els premis Baldiri Reixach, de gran prestigi, estan destinats a l&#8217;est\u00edmul i el reconeixement de l&#8217;escola catalana concretats en un projecte educatiu i ling\u00fc\u00edstic que s&#8217;estigui aplicant i que assoleixi un \u00fas elevat de la llengua entre l&#8217;alumnat i el professorat, tant en l&#8217;activitat acad\u00e8mica com en la comunicaci\u00f3 informal. Tamb\u00e9 es valora la voluntat integradora en el marc d&#8217;una societat democr\u00e0tica.<\/p>\n<h3 align=\"center\"><span class=\"Estilo2\">FOTOS DE L&#8217;ENTREGA DEL PREMI BALDIRI REIXACH A L&#8217;ESCOLA CEIP PLA DE DALT;<br \/><\/span><\/h3>\n<p align=\"center\">\u00a0<\/p>\n<p>\u00a0<\/p>\n\n\n\n<figure class=\"wp-block-gallery has-nested-images columns-default is-cropped wp-block-gallery-1 is-layout-flex wp-block-gallery-is-layout-flex\">\n<figure class=\"wp-block-image size-large\"><a href=\"https:\/\/agora.xtec.cat\/ceippladedalt\/wp-content\/uploads\/usu2126\/2020\/07\/premis_br__22_-2.jpg\"><img loading=\"lazy\" decoding=\"async\" width=\"640\" height=\"427\" data-id=\"22843\" src=\"https:\/\/agora.xtec.cat\/ceippladedalt\/wp-content\/uploads\/usu2126\/2020\/07\/premis_br__22_-2.jpg\" alt=\"\" class=\"wp-image-22843\" srcset=\"https:\/\/agora.xtec.cat\/ceippladedalt\/wp-content\/uploads\/usu2126\/2020\/07\/premis_br__22_-2.jpg 640w, https:\/\/agora.xtec.cat\/ceippladedalt\/wp-content\/uploads\/usu2126\/2020\/07\/premis_br__22_-2-300x200.jpg 300w\" sizes=\"auto, (max-width: 640px) 100vw, 640px\" \/><\/a><\/figure>\n\n\n\n<figure class=\"wp-block-image size-large\"><a href=\"https:\/\/agora.xtec.cat\/ceippladedalt\/wp-content\/uploads\/usu2126\/2020\/07\/baldiri_reixach_190-2.jpg\"><img loading=\"lazy\" decoding=\"async\" width=\"640\" height=\"480\" data-id=\"22837\" src=\"https:\/\/agora.xtec.cat\/ceippladedalt\/wp-content\/uploads\/usu2126\/2020\/07\/baldiri_reixach_190-2.jpg\" alt=\"\" class=\"wp-image-22837\" srcset=\"https:\/\/agora.xtec.cat\/ceippladedalt\/wp-content\/uploads\/usu2126\/2020\/07\/baldiri_reixach_190-2.jpg 640w, https:\/\/agora.xtec.cat\/ceippladedalt\/wp-content\/uploads\/usu2126\/2020\/07\/baldiri_reixach_190-2-300x225.jpg 300w, https:\/\/agora.xtec.cat\/ceippladedalt\/wp-content\/uploads\/usu2126\/2020\/07\/baldiri_reixach_190-2-200x150.jpg 200w\" sizes=\"auto, (max-width: 640px) 100vw, 640px\" \/><\/a><\/figure>\n\n\n\n<figure class=\"wp-block-image size-large\"><a href=\"https:\/\/agora.xtec.cat\/ceippladedalt\/wp-content\/uploads\/usu2126\/2020\/07\/baldiri_reixach_163-2.jpg\"><img loading=\"lazy\" decoding=\"async\" width=\"640\" height=\"480\" data-id=\"22840\" src=\"https:\/\/agora.xtec.cat\/ceippladedalt\/wp-content\/uploads\/usu2126\/2020\/07\/baldiri_reixach_163-2.jpg\" alt=\"\" class=\"wp-image-22840\" srcset=\"https:\/\/agora.xtec.cat\/ceippladedalt\/wp-content\/uploads\/usu2126\/2020\/07\/baldiri_reixach_163-2.jpg 640w, https:\/\/agora.xtec.cat\/ceippladedalt\/wp-content\/uploads\/usu2126\/2020\/07\/baldiri_reixach_163-2-300x225.jpg 300w, https:\/\/agora.xtec.cat\/ceippladedalt\/wp-content\/uploads\/usu2126\/2020\/07\/baldiri_reixach_163-2-200x150.jpg 200w\" sizes=\"auto, (max-width: 640px) 100vw, 640px\" \/><\/a><\/figure>\n\n\n\n<figure class=\"wp-block-image size-large\"><a href=\"https:\/\/agora.xtec.cat\/ceippladedalt\/wp-content\/uploads\/usu2126\/2020\/07\/baldiri_reixach_3_comarca-2.jpg\"><img loading=\"lazy\" decoding=\"async\" width=\"640\" height=\"480\" data-id=\"22850\" src=\"https:\/\/agora.xtec.cat\/ceippladedalt\/wp-content\/uploads\/usu2126\/2020\/07\/baldiri_reixach_3_comarca-2.jpg\" alt=\"\" class=\"wp-image-22850\" srcset=\"https:\/\/agora.xtec.cat\/ceippladedalt\/wp-content\/uploads\/usu2126\/2020\/07\/baldiri_reixach_3_comarca-2.jpg 640w, https:\/\/agora.xtec.cat\/ceippladedalt\/wp-content\/uploads\/usu2126\/2020\/07\/baldiri_reixach_3_comarca-2-300x225.jpg 300w, https:\/\/agora.xtec.cat\/ceippladedalt\/wp-content\/uploads\/usu2126\/2020\/07\/baldiri_reixach_3_comarca-2-200x150.jpg 200w\" sizes=\"auto, (max-width: 640px) 100vw, 640px\" \/><\/a><\/figure>\n\n\n\n<figure class=\"wp-block-image size-large\"><a href=\"https:\/\/agora.xtec.cat\/ceippladedalt\/wp-content\/uploads\/usu2126\/2020\/07\/premis_br__26_-2.jpg\"><img loading=\"lazy\" decoding=\"async\" width=\"640\" height=\"427\" data-id=\"22852\" src=\"https:\/\/agora.xtec.cat\/ceippladedalt\/wp-content\/uploads\/usu2126\/2020\/07\/premis_br__26_-2.jpg\" alt=\"\" class=\"wp-image-22852\" srcset=\"https:\/\/agora.xtec.cat\/ceippladedalt\/wp-content\/uploads\/usu2126\/2020\/07\/premis_br__26_-2.jpg 640w, https:\/\/agora.xtec.cat\/ceippladedalt\/wp-content\/uploads\/usu2126\/2020\/07\/premis_br__26_-2-300x200.jpg 300w\" sizes=\"auto, (max-width: 640px) 100vw, 640px\" \/><\/a><\/figure>\n\n\n\n<figure class=\"wp-block-image size-large\"><a href=\"https:\/\/agora.xtec.cat\/ceippladedalt\/wp-content\/uploads\/usu2126\/2020\/07\/baldiri_reixach_162-2.jpg\"><img loading=\"lazy\" decoding=\"async\" width=\"640\" height=\"480\" data-id=\"22848\" src=\"https:\/\/agora.xtec.cat\/ceippladedalt\/wp-content\/uploads\/usu2126\/2020\/07\/baldiri_reixach_162-2.jpg\" alt=\"\" class=\"wp-image-22848\" srcset=\"https:\/\/agora.xtec.cat\/ceippladedalt\/wp-content\/uploads\/usu2126\/2020\/07\/baldiri_reixach_162-2.jpg 640w, https:\/\/agora.xtec.cat\/ceippladedalt\/wp-content\/uploads\/usu2126\/2020\/07\/baldiri_reixach_162-2-300x225.jpg 300w, https:\/\/agora.xtec.cat\/ceippladedalt\/wp-content\/uploads\/usu2126\/2020\/07\/baldiri_reixach_162-2-200x150.jpg 200w\" sizes=\"auto, (max-width: 640px) 100vw, 640px\" \/><\/a><\/figure>\n\n\n\n<figure class=\"wp-block-image size-large\"><a href=\"https:\/\/agora.xtec.cat\/ceippladedalt\/wp-content\/uploads\/usu2126\/2020\/07\/premis_br__37_-2.jpg\"><img loading=\"lazy\" decoding=\"async\" width=\"427\" height=\"640\" data-id=\"22839\" src=\"https:\/\/agora.xtec.cat\/ceippladedalt\/wp-content\/uploads\/usu2126\/2020\/07\/premis_br__37_-2.jpg\" alt=\"\" class=\"wp-image-22839\" srcset=\"https:\/\/agora.xtec.cat\/ceippladedalt\/wp-content\/uploads\/usu2126\/2020\/07\/premis_br__37_-2.jpg 427w, https:\/\/agora.xtec.cat\/ceippladedalt\/wp-content\/uploads\/usu2126\/2020\/07\/premis_br__37_-2-200x300.jpg 200w\" sizes=\"auto, (max-width: 427px) 100vw, 427px\" \/><\/a><\/figure>\n\n\n\n<figure class=\"wp-block-image size-large\"><a href=\"https:\/\/agora.xtec.cat\/ceippladedalt\/wp-content\/uploads\/usu2126\/2020\/07\/premis_br__32_-2.jpg\"><img loading=\"lazy\" decoding=\"async\" width=\"640\" height=\"427\" data-id=\"22845\" src=\"https:\/\/agora.xtec.cat\/ceippladedalt\/wp-content\/uploads\/usu2126\/2020\/07\/premis_br__32_-2.jpg\" alt=\"\" class=\"wp-image-22845\" srcset=\"https:\/\/agora.xtec.cat\/ceippladedalt\/wp-content\/uploads\/usu2126\/2020\/07\/premis_br__32_-2.jpg 640w, https:\/\/agora.xtec.cat\/ceippladedalt\/wp-content\/uploads\/usu2126\/2020\/07\/premis_br__32_-2-300x200.jpg 300w\" sizes=\"auto, (max-width: 640px) 100vw, 640px\" \/><\/a><\/figure>\n\n\n\n<figure class=\"wp-block-image size-large\"><a href=\"https:\/\/agora.xtec.cat\/ceippladedalt\/wp-content\/uploads\/usu2126\/2020\/07\/premis_br__35_-2.jpg\"><img loading=\"lazy\" decoding=\"async\" width=\"640\" height=\"427\" data-id=\"22841\" src=\"https:\/\/agora.xtec.cat\/ceippladedalt\/wp-content\/uploads\/usu2126\/2020\/07\/premis_br__35_-2.jpg\" alt=\"\" class=\"wp-image-22841\" srcset=\"https:\/\/agora.xtec.cat\/ceippladedalt\/wp-content\/uploads\/usu2126\/2020\/07\/premis_br__35_-2.jpg 640w, https:\/\/agora.xtec.cat\/ceippladedalt\/wp-content\/uploads\/usu2126\/2020\/07\/premis_br__35_-2-300x200.jpg 300w\" sizes=\"auto, (max-width: 640px) 100vw, 640px\" \/><\/a><\/figure>\n\n\n\n<figure class=\"wp-block-image size-large\"><a href=\"https:\/\/agora.xtec.cat\/ceippladedalt\/wp-content\/uploads\/usu2126\/2020\/07\/baldiris_pedralbes_1118_0000843-2.jpg\"><img loading=\"lazy\" decoding=\"async\" width=\"640\" height=\"425\" data-id=\"22847\" src=\"https:\/\/agora.xtec.cat\/ceippladedalt\/wp-content\/uploads\/usu2126\/2020\/07\/baldiris_pedralbes_1118_0000843-2.jpg\" alt=\"\" class=\"wp-image-22847\" srcset=\"https:\/\/agora.xtec.cat\/ceippladedalt\/wp-content\/uploads\/usu2126\/2020\/07\/baldiris_pedralbes_1118_0000843-2.jpg 640w, https:\/\/agora.xtec.cat\/ceippladedalt\/wp-content\/uploads\/usu2126\/2020\/07\/baldiris_pedralbes_1118_0000843-2-300x199.jpg 300w\" sizes=\"auto, (max-width: 640px) 100vw, 640px\" \/><\/a><\/figure>\n\n\n\n<figure class=\"wp-block-image size-large\"><a href=\"https:\/\/agora.xtec.cat\/ceippladedalt\/wp-content\/uploads\/usu2126\/2020\/07\/baldiri_reixac__6_-2.jpg\"><img loading=\"lazy\" decoding=\"async\" width=\"640\" height=\"480\" data-id=\"22842\" src=\"https:\/\/agora.xtec.cat\/ceippladedalt\/wp-content\/uploads\/usu2126\/2020\/07\/baldiri_reixac__6_-2.jpg\" alt=\"\" class=\"wp-image-22842\" srcset=\"https:\/\/agora.xtec.cat\/ceippladedalt\/wp-content\/uploads\/usu2126\/2020\/07\/baldiri_reixac__6_-2.jpg 640w, https:\/\/agora.xtec.cat\/ceippladedalt\/wp-content\/uploads\/usu2126\/2020\/07\/baldiri_reixac__6_-2-300x225.jpg 300w, https:\/\/agora.xtec.cat\/ceippladedalt\/wp-content\/uploads\/usu2126\/2020\/07\/baldiri_reixac__6_-2-200x150.jpg 200w\" sizes=\"auto, (max-width: 640px) 100vw, 640px\" \/><\/a><\/figure>\n\n\n\n<figure class=\"wp-block-image size-large\"><a href=\"https:\/\/agora.xtec.cat\/ceippladedalt\/wp-content\/uploads\/usu2126\/2020\/07\/baldiri_reixach_2_comarca-2.jpg\"><img loading=\"lazy\" decoding=\"async\" width=\"640\" height=\"480\" data-id=\"22851\" src=\"https:\/\/agora.xtec.cat\/ceippladedalt\/wp-content\/uploads\/usu2126\/2020\/07\/baldiri_reixach_2_comarca-2.jpg\" alt=\"\" class=\"wp-image-22851\" srcset=\"https:\/\/agora.xtec.cat\/ceippladedalt\/wp-content\/uploads\/usu2126\/2020\/07\/baldiri_reixach_2_comarca-2.jpg 640w, https:\/\/agora.xtec.cat\/ceippladedalt\/wp-content\/uploads\/usu2126\/2020\/07\/baldiri_reixach_2_comarca-2-300x225.jpg 300w, https:\/\/agora.xtec.cat\/ceippladedalt\/wp-content\/uploads\/usu2126\/2020\/07\/baldiri_reixach_2_comarca-2-200x150.jpg 200w\" sizes=\"auto, (max-width: 640px) 100vw, 640px\" \/><\/a><\/figure>\n\n\n\n<figure class=\"wp-block-image size-large\"><a href=\"https:\/\/agora.xtec.cat\/ceippladedalt\/wp-content\/uploads\/usu2126\/2020\/07\/baldiri_reixach_1_comarca-2.jpg\"><img loading=\"lazy\" decoding=\"async\" width=\"640\" height=\"522\" data-id=\"22853\" src=\"https:\/\/agora.xtec.cat\/ceippladedalt\/wp-content\/uploads\/usu2126\/2020\/07\/baldiri_reixach_1_comarca-2.jpg\" alt=\"\" class=\"wp-image-22853\" srcset=\"https:\/\/agora.xtec.cat\/ceippladedalt\/wp-content\/uploads\/usu2126\/2020\/07\/baldiri_reixach_1_comarca-2.jpg 640w, https:\/\/agora.xtec.cat\/ceippladedalt\/wp-content\/uploads\/usu2126\/2020\/07\/baldiri_reixach_1_comarca-2-300x245.jpg 300w\" sizes=\"auto, (max-width: 640px) 100vw, 640px\" \/><\/a><\/figure>\n\n\n\n<figure class=\"wp-block-image size-large\"><a href=\"https:\/\/agora.xtec.cat\/ceippladedalt\/wp-content\/uploads\/usu2126\/2020\/07\/baldiris_pedralbes_1118_0000791-2.jpg\"><img loading=\"lazy\" decoding=\"async\" width=\"640\" height=\"425\" data-id=\"22849\" src=\"https:\/\/agora.xtec.cat\/ceippladedalt\/wp-content\/uploads\/usu2126\/2020\/07\/baldiris_pedralbes_1118_0000791-2.jpg\" alt=\"\" class=\"wp-image-22849\" srcset=\"https:\/\/agora.xtec.cat\/ceippladedalt\/wp-content\/uploads\/usu2126\/2020\/07\/baldiris_pedralbes_1118_0000791-2.jpg 640w, https:\/\/agora.xtec.cat\/ceippladedalt\/wp-content\/uploads\/usu2126\/2020\/07\/baldiris_pedralbes_1118_0000791-2-300x199.jpg 300w\" sizes=\"auto, (max-width: 640px) 100vw, 640px\" \/><\/a><\/figure>\n\n\n\n<figure class=\"wp-block-image size-large\"><a href=\"https:\/\/agora.xtec.cat\/ceippladedalt\/wp-content\/uploads\/usu2126\/2020\/07\/baldiri_reixach_149-2.jpg\"><img loading=\"lazy\" decoding=\"async\" width=\"640\" height=\"480\" data-id=\"22838\" src=\"https:\/\/agora.xtec.cat\/ceippladedalt\/wp-content\/uploads\/usu2126\/2020\/07\/baldiri_reixach_149-2.jpg\" alt=\"\" class=\"wp-image-22838\" srcset=\"https:\/\/agora.xtec.cat\/ceippladedalt\/wp-content\/uploads\/usu2126\/2020\/07\/baldiri_reixach_149-2.jpg 640w, https:\/\/agora.xtec.cat\/ceippladedalt\/wp-content\/uploads\/usu2126\/2020\/07\/baldiri_reixach_149-2-300x225.jpg 300w, https:\/\/agora.xtec.cat\/ceippladedalt\/wp-content\/uploads\/usu2126\/2020\/07\/baldiri_reixach_149-2-200x150.jpg 200w\" sizes=\"auto, (max-width: 640px) 100vw, 640px\" \/><\/a><\/figure>\n\n\n\n<figure class=\"wp-block-image size-large\"><a href=\"https:\/\/agora.xtec.cat\/ceippladedalt\/wp-content\/uploads\/usu2126\/2020\/07\/baldiris_pedralbes_1118_0000848-2.jpg\"><img loading=\"lazy\" decoding=\"async\" width=\"640\" height=\"425\" data-id=\"22844\" src=\"https:\/\/agora.xtec.cat\/ceippladedalt\/wp-content\/uploads\/usu2126\/2020\/07\/baldiris_pedralbes_1118_0000848-2.jpg\" alt=\"\" class=\"wp-image-22844\" srcset=\"https:\/\/agora.xtec.cat\/ceippladedalt\/wp-content\/uploads\/usu2126\/2020\/07\/baldiris_pedralbes_1118_0000848-2.jpg 640w, https:\/\/agora.xtec.cat\/ceippladedalt\/wp-content\/uploads\/usu2126\/2020\/07\/baldiris_pedralbes_1118_0000848-2-300x199.jpg 300w\" sizes=\"auto, (max-width: 640px) 100vw, 640px\" \/><\/a><\/figure>\n\n\n\n<figure class=\"wp-block-image size-large\"><a href=\"https:\/\/agora.xtec.cat\/ceippladedalt\/wp-content\/uploads\/usu2126\/2020\/07\/baldiri_reixac__2_-3.jpg\"><img loading=\"lazy\" decoding=\"async\" width=\"640\" height=\"480\" data-id=\"22846\" src=\"https:\/\/agora.xtec.cat\/ceippladedalt\/wp-content\/uploads\/usu2126\/2020\/07\/baldiri_reixac__2_-3.jpg\" alt=\"\" class=\"wp-image-22846\" srcset=\"https:\/\/agora.xtec.cat\/ceippladedalt\/wp-content\/uploads\/usu2126\/2020\/07\/baldiri_reixac__2_-3.jpg 640w, https:\/\/agora.xtec.cat\/ceippladedalt\/wp-content\/uploads\/usu2126\/2020\/07\/baldiri_reixac__2_-3-300x225.jpg 300w, https:\/\/agora.xtec.cat\/ceippladedalt\/wp-content\/uploads\/usu2126\/2020\/07\/baldiri_reixac__2_-3-200x150.jpg 200w\" sizes=\"auto, (max-width: 640px) 100vw, 640px\" \/><\/a><\/figure>\n<\/figure>\n","protected":false},"excerpt":{"rendered":"<p>PREMI BALDIRI REIXACH 2008<\/p>\n<p>La Fundaci\u00f3 Llu\u00eds Carulla ha atorgat un dels premis Baldiri Reixach a l&#8217;escola CEIP Pla de Dalt d\u2019Olot (Garrotxa), per la seva traject\u00f2ria d\u2019escola pluralista i integradora basada en una pr\u00e0ctica educativa inserida en el seu entorn i en el desenvolupament del&hellip;  <a href=\"https:\/\/agora.xtec.cat\/ceippladedalt\/general\/premi-baldiri-reixach-2008\/\" title=\"Read PREMI BALDIRI REIXACH 2008\">Llegeix m\u00e9s\u00bb<\/a><\/p>\n","protected":false},"author":1,"featured_media":902,"comment_status":"closed","ping_status":"closed","sticky":false,"template":"","format":"standard","meta":{"_bbp_topic_count":0,"_bbp_reply_count":0,"_bbp_total_topic_count":0,"_bbp_total_reply_count":0,"_bbp_voice_count":0,"_bbp_anonymous_reply_count":0,"_bbp_topic_count_hidden":0,"_bbp_reply_count_hidden":0,"_bbp_forum_subforum_count":0,"footnotes":""},"categories":[1],"tags":[],"class_list":["post-901","post","type-post","status-publish","format-standard","has-post-thumbnail","hentry","category-general"],"post_mailing_queue_ids":[],"_links":{"self":[{"href":"https:\/\/agora.xtec.cat\/ceippladedalt\/wp-json\/wp\/v2\/posts\/901","targetHints":{"allow":["GET"]}}],"collection":[{"href":"https:\/\/agora.xtec.cat\/ceippladedalt\/wp-json\/wp\/v2\/posts"}],"about":[{"href":"https:\/\/agora.xtec.cat\/ceippladedalt\/wp-json\/wp\/v2\/types\/post"}],"author":[{"embeddable":true,"href":"https:\/\/agora.xtec.cat\/ceippladedalt\/wp-json\/wp\/v2\/users\/1"}],"replies":[{"embeddable":true,"href":"https:\/\/agora.xtec.cat\/ceippladedalt\/wp-json\/wp\/v2\/comments?post=901"}],"version-history":[{"count":7,"href":"https:\/\/agora.xtec.cat\/ceippladedalt\/wp-json\/wp\/v2\/posts\/901\/revisions"}],"predecessor-version":[{"id":23065,"href":"https:\/\/agora.xtec.cat\/ceippladedalt\/wp-json\/wp\/v2\/posts\/901\/revisions\/23065"}],"wp:featuredmedia":[{"embeddable":true,"href":"https:\/\/agora.xtec.cat\/ceippladedalt\/wp-json\/wp\/v2\/media\/902"}],"wp:attachment":[{"href":"https:\/\/agora.xtec.cat\/ceippladedalt\/wp-json\/wp\/v2\/media?parent=901"}],"wp:term":[{"taxonomy":"category","embeddable":true,"href":"https:\/\/agora.xtec.cat\/ceippladedalt\/wp-json\/wp\/v2\/categories?post=901"},{"taxonomy":"post_tag","embeddable":true,"href":"https:\/\/agora.xtec.cat\/ceippladedalt\/wp-json\/wp\/v2\/tags?post=901"}],"curies":[{"name":"wp","href":"https:\/\/api.w.org\/{rel}","templated":true}]}}