{"id":3710,"date":"2022-02-09T16:01:16","date_gmt":"2022-02-09T15:01:16","guid":{"rendered":"https:\/\/agora.xtec.cat\/ceippladedalt\/?p=3710"},"modified":"2022-02-09T16:20:46","modified_gmt":"2022-02-09T15:20:46","slug":"novetats-en-lus-de-mascareta-a-lescola","status":"publish","type":"post","link":"https:\/\/agora.xtec.cat\/ceippladedalt\/portada\/novetats-en-lus-de-mascareta-a-lescola\/","title":{"rendered":"NOVETATS EN L&#8217;\u00daS DE MASCARETA A L&#8217;ESCOLA"},"content":{"rendered":"<p><strong>NOVETATS EN L\u2019\u00daS DE MASCARETA ALS CENTRES EDUCATIUS<\/strong><\/p>\n<p><strong>\u00a0<\/strong>El dia 10 de febrer de 2022 entra en vigor el <a href=\"https:\/\/www.boe.es\/boe\/dias\/2022\/02\/09\/pdfs\/BOE-A-2022-2062.pdf\">Reial Decret 115\/2022, <\/a>de 8 de febrer, pel qual es modifica l\u2019obligatorietat de l\u2019\u00fas de mascaretes durant la situaci\u00f3 de crisi sanit\u00e0ria ocasionada per la COVID-19.<\/p>\n<p>L\u2019\u00fas de mascareta deixa de ser obligatori en els espais exteriors, amb excepci\u00f3 dels esdeveniments multitudinaris. En conseq\u00fc\u00e8ncia, en l\u2019\u00e0mbit dels centres educatius, no caldr\u00e0 fer \u00fas de la mascareta<sup>1,2<\/sup> :<\/p>\n<ul>\n<li>Al <strong>pati <\/strong>o a d\u2019altres espais exteriors dels centres<\/li>\n<li>A les <strong>excursions <\/strong>i <strong>sortides <\/strong>a l\u2019aire S\u00ed que ser\u00e0 necessari fer-la servir durant el despla\u00e7ament si s\u2019utilitza algun mitj\u00e0 de transport p\u00fablic o privat (autocar, tren, metro&#8230;).<\/li>\n<li>Als espais exteriors durant les <strong>col\u00f2nies <\/strong>o altres <strong>estades amb pernoctaci\u00f3<\/strong><\/li>\n<\/ul>\n<p>Als espais interiors caldr\u00e0 continuar fent \u00fas de la mascareta, exceptuant en el moment de l&#8217;\u00e0pat al menjador escolar o quan es faci alguna activitat que n&#8217;impedeix l&#8217;\u00fas (activitat f\u00edsica d&#8217;alta intensitat, tocar la flauta&#8230;), malgrat que es recomana que aquestes activitats es facin a l&#8217;exterior sempre que sigui possible.<\/p>\n<p><sup>1<\/sup> La norma fa refer\u00e8ncia tant a l\u2019alumnat com als i les professionals dels centres educatius.<\/p>\n<p><sup>2<\/sup> Independentment de la pres\u00e8ncia de diferents grups de conviv\u00e8ncia estable.<\/p>\n","protected":false},"excerpt":{"rendered":"<p>NOVETATS EN L\u2019\u00daS DE MASCARETA ALS CENTRES EDUCATIUS<br \/>\n\u00a0El dia 10 de febrer de 2022 entra en vigor el <a href=\"https:\/\/www.boe.es\/boe\/dias\/2022\/02\/09\/pdfs\/BOE-A-2022-2062.pdf\">Reial Decret 115\/2022, <\/a>de 8 de febrer, pel qual es modifica l\u2019obligatorietat de l\u2019\u00fas de mascaretes durant la situaci\u00f3 de crisi sanit\u00e0ria ocasionada per la COVID-19.<br \/>\nL\u2019\u00fas&hellip;  <a href=\"https:\/\/agora.xtec.cat\/ceippladedalt\/portada\/novetats-en-lus-de-mascareta-a-lescola\/\" title=\"Read NOVETATS EN L&#8217;\u00daS DE MASCARETA A L&#8217;ESCOLA\">Llegeix m\u00e9s\u00bb<\/a><\/p>\n","protected":false},"author":1,"featured_media":3711,"comment_status":"open","ping_status":"closed","sticky":false,"template":"","format":"standard","meta":{"_bbp_topic_count":0,"_bbp_reply_count":0,"_bbp_total_topic_count":0,"_bbp_total_reply_count":0,"_bbp_voice_count":0,"_bbp_anonymous_reply_count":0,"_bbp_topic_count_hidden":0,"_bbp_reply_count_hidden":0,"_bbp_forum_subforum_count":0,"footnotes":""},"categories":[4],"tags":[],"class_list":["post-3710","post","type-post","status-publish","format-standard","has-post-thumbnail","hentry","category-portada"],"post_mailing_queue_ids":[],"_links":{"self":[{"href":"https:\/\/agora.xtec.cat\/ceippladedalt\/wp-json\/wp\/v2\/posts\/3710","targetHints":{"allow":["GET"]}}],"collection":[{"href":"https:\/\/agora.xtec.cat\/ceippladedalt\/wp-json\/wp\/v2\/posts"}],"about":[{"href":"https:\/\/agora.xtec.cat\/ceippladedalt\/wp-json\/wp\/v2\/types\/post"}],"author":[{"embeddable":true,"href":"https:\/\/agora.xtec.cat\/ceippladedalt\/wp-json\/wp\/v2\/users\/1"}],"replies":[{"embeddable":true,"href":"https:\/\/agora.xtec.cat\/ceippladedalt\/wp-json\/wp\/v2\/comments?post=3710"}],"version-history":[{"count":1,"href":"https:\/\/agora.xtec.cat\/ceippladedalt\/wp-json\/wp\/v2\/posts\/3710\/revisions"}],"predecessor-version":[{"id":3712,"href":"https:\/\/agora.xtec.cat\/ceippladedalt\/wp-json\/wp\/v2\/posts\/3710\/revisions\/3712"}],"wp:featuredmedia":[{"embeddable":true,"href":"https:\/\/agora.xtec.cat\/ceippladedalt\/wp-json\/wp\/v2\/media\/3711"}],"wp:attachment":[{"href":"https:\/\/agora.xtec.cat\/ceippladedalt\/wp-json\/wp\/v2\/media?parent=3710"}],"wp:term":[{"taxonomy":"category","embeddable":true,"href":"https:\/\/agora.xtec.cat\/ceippladedalt\/wp-json\/wp\/v2\/categories?post=3710"},{"taxonomy":"post_tag","embeddable":true,"href":"https:\/\/agora.xtec.cat\/ceippladedalt\/wp-json\/wp\/v2\/tags?post=3710"}],"curies":[{"name":"wp","href":"https:\/\/api.w.org\/{rel}","templated":true}]}}