{"id":3707,"date":"2022-02-07T10:33:50","date_gmt":"2022-02-07T09:33:50","guid":{"rendered":"https:\/\/agora.xtec.cat\/ceippladedalt\/?p=3707"},"modified":"2022-02-07T10:33:50","modified_gmt":"2022-02-07T09:33:50","slug":"canvi-protocol-covid","status":"publish","type":"post","link":"https:\/\/agora.xtec.cat\/ceippladedalt\/portada\/canvi-protocol-covid\/","title":{"rendered":"CANVI PROTOCOL COVID"},"content":{"rendered":"<p style=\"font-weight: 400;\">Benvolgudes fam\u00edlies,<\/p>\n<p style=\"font-weight: 400;\">Davant la millora de l\u2019escenari epidemiol\u00f2gic, i segons indicacions del Departament de Salut, a partir del proper dilluns 7 de febrer\u00a0<strong>se susp\u00e8n la realitzaci\u00f3 dels tests d&#8217;ant\u00edgens (TAR)\u00a0a l\u2019alumnat d\u2019educaci\u00f3 infantil i prim\u00e0ria\u00a0<\/strong>quan es produeixi un o diversos casos positius al grup de conviv\u00e8ncia estable. Les persones que tinguin autoritzacions de TAR vigents durant la setmana del\u00a07 de febrer podran anar a la farm\u00e0cia per fer-se la prova.<\/p>\n<p style=\"font-weight: 400;\">La recomanaci\u00f3 dels TAR es mant\u00e9\u00a0per als col\u00b7lectius seg\u00fcents:\u00a0<strong>alumnat de\u00a0centres d\u2019educaci\u00f3 especial i personal dels centres<\/strong><strong>\u00a0<\/strong><strong>d<\/strong><strong>\u2019<\/strong><strong>educaci<\/strong><strong>\u00f3\u00a0<\/strong><strong>infantil, prim\u00e0ria i de centres d&#8217;educaci\u00f3 especial\u00a0<\/strong>amb la\u00a0pauta de vacunaci\u00f3 completa i asimptom\u00e0tic, es faran el TAR a\u00a0 la\u00a0farm\u00e0cia.<\/p>\n<p style=\"font-weight: 400;\">Tamb\u00e9 ens han informat que de manera puntual,\u00a0<strong>es podr\u00e0 activar manualment l\u2019autoritzaci\u00f3 de TAR\u00a0<\/strong>per a qualsevol alumne\/a\u00a0o docent si\u00a0aix\u00ed ho indiquen els Serveis de Vigil\u00e0ncia Epidemiol\u00f2gica.<\/p>\n<p style=\"font-weight: 400;\">En cas de<strong>\u00a0presentar simptomatologia compatible amb la covid-19<\/strong>, la persona afectada\u00a0haur\u00e0 de quedar-se a casa i posar-se en contacte amb el seu centre d\u2019atenci\u00f3 prim\u00e0ria o fer-se\u00a0un TAR al domicili. En\u00a0cas de ser positiva, haur\u00e0\u00a0de fer\u00a0un per\u00edode d\u2019a\u00efllament de 7 dies i es podr\u00e0\u00a0reincorporar al centre educatiu (sense necessitat d&#8217;una\u00a0nova prova diagn\u00f2stica pr\u00e8via a la tornada), sempre que faci 3 dies que no presenta s\u00edmptomes.<\/p>\n<p style=\"font-weight: 400;\">Agra\u00efm la vostra col\u00b7laboraci\u00f3.<\/p>\n<p style=\"font-weight: 400;\">Atentament<\/p>\n<p style=\"font-weight: 400;\"><strong>Equip directiu<\/strong><\/p>\n","protected":false},"excerpt":{"rendered":"<p>Benvolgudes fam\u00edlies,<br \/>\nDavant la millora de l\u2019escenari epidemiol\u00f2gic, i segons indicacions del Departament de Salut, a partir del proper dilluns 7 de febrer\u00a0se susp\u00e8n la realitzaci\u00f3 dels tests d&#8217;ant\u00edgens (TAR)\u00a0a l\u2019alumnat d\u2019educaci\u00f3 infantil i prim\u00e0ria\u00a0quan es produeixi un o diversos casos positius al grup de conviv\u00e8ncia&hellip;  <a href=\"https:\/\/agora.xtec.cat\/ceippladedalt\/portada\/canvi-protocol-covid\/\" title=\"Read CANVI PROTOCOL COVID\">Llegeix m\u00e9s\u00bb<\/a><\/p>\n","protected":false},"author":1,"featured_media":3705,"comment_status":"open","ping_status":"closed","sticky":false,"template":"","format":"standard","meta":{"_bbp_topic_count":0,"_bbp_reply_count":0,"_bbp_total_topic_count":0,"_bbp_total_reply_count":0,"_bbp_voice_count":0,"_bbp_anonymous_reply_count":0,"_bbp_topic_count_hidden":0,"_bbp_reply_count_hidden":0,"_bbp_forum_subforum_count":0,"footnotes":""},"categories":[4],"tags":[],"class_list":["post-3707","post","type-post","status-publish","format-standard","has-post-thumbnail","hentry","category-portada"],"post_mailing_queue_ids":[],"_links":{"self":[{"href":"https:\/\/agora.xtec.cat\/ceippladedalt\/wp-json\/wp\/v2\/posts\/3707","targetHints":{"allow":["GET"]}}],"collection":[{"href":"https:\/\/agora.xtec.cat\/ceippladedalt\/wp-json\/wp\/v2\/posts"}],"about":[{"href":"https:\/\/agora.xtec.cat\/ceippladedalt\/wp-json\/wp\/v2\/types\/post"}],"author":[{"embeddable":true,"href":"https:\/\/agora.xtec.cat\/ceippladedalt\/wp-json\/wp\/v2\/users\/1"}],"replies":[{"embeddable":true,"href":"https:\/\/agora.xtec.cat\/ceippladedalt\/wp-json\/wp\/v2\/comments?post=3707"}],"version-history":[{"count":1,"href":"https:\/\/agora.xtec.cat\/ceippladedalt\/wp-json\/wp\/v2\/posts\/3707\/revisions"}],"predecessor-version":[{"id":3708,"href":"https:\/\/agora.xtec.cat\/ceippladedalt\/wp-json\/wp\/v2\/posts\/3707\/revisions\/3708"}],"wp:featuredmedia":[{"embeddable":true,"href":"https:\/\/agora.xtec.cat\/ceippladedalt\/wp-json\/wp\/v2\/media\/3705"}],"wp:attachment":[{"href":"https:\/\/agora.xtec.cat\/ceippladedalt\/wp-json\/wp\/v2\/media?parent=3707"}],"wp:term":[{"taxonomy":"category","embeddable":true,"href":"https:\/\/agora.xtec.cat\/ceippladedalt\/wp-json\/wp\/v2\/categories?post=3707"},{"taxonomy":"post_tag","embeddable":true,"href":"https:\/\/agora.xtec.cat\/ceippladedalt\/wp-json\/wp\/v2\/tags?post=3707"}],"curies":[{"name":"wp","href":"https:\/\/api.w.org\/{rel}","templated":true}]}}