{"id":3701,"date":"2022-02-09T16:20:26","date_gmt":"2022-02-09T15:20:26","guid":{"rendered":"https:\/\/agora.xtec.cat\/ceippladedalt\/?p=3701"},"modified":"2022-02-20T22:46:29","modified_gmt":"2022-02-20T21:46:29","slug":"preinscripcio-curs-2022-23","status":"publish","type":"post","link":"https:\/\/agora.xtec.cat\/ceippladedalt\/portada\/preinscripcio-curs-2022-23\/","title":{"rendered":"PREINSCRIPCI\u00d3 CURS 2022-23. FORMULARI D&#8217;INSCRIPCI\u00d3 A LA XERRADA INFORMATIVA I A LES JORNADES DE PORTES OBERTES"},"content":{"rendered":"<p>El Departament d\u2019Educaci\u00f3 ha publicat les dates de la preinscripci\u00f3 pel curs 2022-23.<\/p>\n<p><strong>Presentaci\u00f3 de sol\u00b7licituds de preinscripci\u00f3:<\/strong><\/p>\n<p>Educaci\u00f3 infantil de segon cicle i educaci\u00f3 prim\u00e0ria del<strong> 7 al 21 de mar\u00e7<\/strong> de 2022<\/p>\n<p><strong>INFORMACIONS:<\/strong><\/p>\n<p><strong>TR\u00cdPTIC DE L&#8217;ESCOLA <a href=\"https:\/\/agora.xtec.cat\/ceippladedalt\/wp-content\/uploads\/usu2126\/2022\/02\/Triptic-febrer-2022.pdf\">Tr\u00edptic Febrer 2022<\/a><\/strong><\/p>\n<p>DIMECRES 2 DE MAR\u00c7<strong> Xerrada informativa telem\u00e0tica<\/strong> a les 19h de la tarda<\/p>\n<p>DISSABTE 5 DE MAR\u00c7 (MAT\u00cd) <strong>Jornada de Portes Obertes amb cita pr\u00e8via<\/strong><\/p>\n<ul style=\"list-style-type: disc;\">\n<li><strong><a href=\"https:\/\/docs.google.com\/forms\/d\/e\/1FAIpQLSd52zpqnMBsfxjmXS3SrnH-eBRWrl6rmnq9Tm1QMnfby-v_sg\/viewform?usp=sf_link\">Formulari<\/a> per inscriure&#8217;s a la xerrada informativa i a les jornades de portes obertes.<\/strong><\/li>\n<\/ul>\n<p><img loading=\"lazy\" decoding=\"async\" class=\"aligncenter wp-image-3714 size-large\" src=\"https:\/\/agora.xtec.cat\/ceippladedalt\/wp-content\/uploads\/usu2126\/2022\/02\/Retol1-1024x767.jpg\" alt=\"\" width=\"1024\" height=\"767\" srcset=\"https:\/\/agora.xtec.cat\/ceippladedalt\/wp-content\/uploads\/usu2126\/2022\/02\/Retol1-1024x767.jpg 1024w, https:\/\/agora.xtec.cat\/ceippladedalt\/wp-content\/uploads\/usu2126\/2022\/02\/Retol1-300x225.jpg 300w, https:\/\/agora.xtec.cat\/ceippladedalt\/wp-content\/uploads\/usu2126\/2022\/02\/Retol1-768x576.jpg 768w, https:\/\/agora.xtec.cat\/ceippladedalt\/wp-content\/uploads\/usu2126\/2022\/02\/Retol1-1536x1151.jpg 1536w, https:\/\/agora.xtec.cat\/ceippladedalt\/wp-content\/uploads\/usu2126\/2022\/02\/Retol1-200x150.jpg 200w, https:\/\/agora.xtec.cat\/ceippladedalt\/wp-content\/uploads\/usu2126\/2022\/02\/Retol1.jpg 1556w\" sizes=\"auto, (max-width: 1024px) 100vw, 1024px\" \/><\/p>\n","protected":false},"excerpt":{"rendered":"<p>El Departament d\u2019Educaci\u00f3 ha publicat les dates de la preinscripci\u00f3 pel curs 2022-23.<br \/>\nPresentaci\u00f3 de sol\u00b7licituds de preinscripci\u00f3:<br \/>\nEducaci\u00f3 infantil de segon cicle i educaci\u00f3 prim\u00e0ria del 7 al 21 de mar\u00e7 de 2022<br \/>\nINFORMACIONS:<br \/>\nTR\u00cdPTIC DE L&#8217;ESCOLA <a href=\"https:\/\/agora.xtec.cat\/ceippladedalt\/wp-content\/uploads\/usu2126\/2022\/02\/Triptic-febrer-2022.pdf\">Tr\u00edptic Febrer 2022<\/a><br \/>\nDIMECRES 2 DE MAR\u00c7 Xerrada informativa telem\u00e0tica a&hellip;  <a href=\"https:\/\/agora.xtec.cat\/ceippladedalt\/portada\/preinscripcio-curs-2022-23\/\" title=\"Read PREINSCRIPCI\u00d3 CURS 2022-23. FORMULARI D&#8217;INSCRIPCI\u00d3 A LA XERRADA INFORMATIVA I A LES JORNADES DE PORTES OBERTES\">Llegeix m\u00e9s\u00bb<\/a><\/p>\n","protected":false},"author":1,"featured_media":3713,"comment_status":"open","ping_status":"closed","sticky":false,"template":"","format":"standard","meta":{"_bbp_topic_count":0,"_bbp_reply_count":0,"_bbp_total_topic_count":0,"_bbp_total_reply_count":0,"_bbp_voice_count":0,"_bbp_anonymous_reply_count":0,"_bbp_topic_count_hidden":0,"_bbp_reply_count_hidden":0,"_bbp_forum_subforum_count":0,"footnotes":""},"categories":[4],"tags":[],"class_list":["post-3701","post","type-post","status-publish","format-standard","has-post-thumbnail","hentry","category-portada"],"post_mailing_queue_ids":[],"_links":{"self":[{"href":"https:\/\/agora.xtec.cat\/ceippladedalt\/wp-json\/wp\/v2\/posts\/3701","targetHints":{"allow":["GET"]}}],"collection":[{"href":"https:\/\/agora.xtec.cat\/ceippladedalt\/wp-json\/wp\/v2\/posts"}],"about":[{"href":"https:\/\/agora.xtec.cat\/ceippladedalt\/wp-json\/wp\/v2\/types\/post"}],"author":[{"embeddable":true,"href":"https:\/\/agora.xtec.cat\/ceippladedalt\/wp-json\/wp\/v2\/users\/1"}],"replies":[{"embeddable":true,"href":"https:\/\/agora.xtec.cat\/ceippladedalt\/wp-json\/wp\/v2\/comments?post=3701"}],"version-history":[{"count":3,"href":"https:\/\/agora.xtec.cat\/ceippladedalt\/wp-json\/wp\/v2\/posts\/3701\/revisions"}],"predecessor-version":[{"id":17526,"href":"https:\/\/agora.xtec.cat\/ceippladedalt\/wp-json\/wp\/v2\/posts\/3701\/revisions\/17526"}],"wp:featuredmedia":[{"embeddable":true,"href":"https:\/\/agora.xtec.cat\/ceippladedalt\/wp-json\/wp\/v2\/media\/3713"}],"wp:attachment":[{"href":"https:\/\/agora.xtec.cat\/ceippladedalt\/wp-json\/wp\/v2\/media?parent=3701"}],"wp:term":[{"taxonomy":"category","embeddable":true,"href":"https:\/\/agora.xtec.cat\/ceippladedalt\/wp-json\/wp\/v2\/categories?post=3701"},{"taxonomy":"post_tag","embeddable":true,"href":"https:\/\/agora.xtec.cat\/ceippladedalt\/wp-json\/wp\/v2\/tags?post=3701"}],"curies":[{"name":"wp","href":"https:\/\/api.w.org\/{rel}","templated":true}]}}