{"id":3049,"date":"2021-12-10T08:49:25","date_gmt":"2021-12-10T07:49:25","guid":{"rendered":"https:\/\/agora.xtec.cat\/ceippladedalt\/?p=3049"},"modified":"2021-12-14T08:04:47","modified_gmt":"2021-12-14T07:04:47","slug":"la-marato-que-trenca-murs","status":"publish","type":"post","link":"https:\/\/agora.xtec.cat\/ceippladedalt\/portada\/la-marato-que-trenca-murs\/","title":{"rendered":"LA MARAT\u00d3 QUE TRENCA MURS"},"content":{"rendered":"<p style=\"text-align: center;\"><strong>LA MARAT\u00d3 QUE TRENCA MURS<\/strong><\/p>\n<p><strong>L&#8217;AFA de l&#8217;escola Pla de Dalt va organitzar el divendres 10 de desembre una activitat popular &#8220;Manualitats i berenar per La Marat\u00f3&#8221; per recaptar diners en un ambient participatiu i solidari.<\/strong><img loading=\"lazy\" decoding=\"async\" class=\"alignright size-medium wp-image-3052\" src=\"https:\/\/agora.xtec.cat\/ceippladedalt\/wp-content\/uploads\/usu2126\/2021\/12\/Cartell-marato-sol-300x170.jpg\" alt=\"\" width=\"300\" height=\"170\" srcset=\"https:\/\/agora.xtec.cat\/ceippladedalt\/wp-content\/uploads\/usu2126\/2021\/12\/Cartell-marato-sol-300x170.jpg 300w, https:\/\/agora.xtec.cat\/ceippladedalt\/wp-content\/uploads\/usu2126\/2021\/12\/Cartell-marato-sol-768x434.jpg 768w, https:\/\/agora.xtec.cat\/ceippladedalt\/wp-content\/uploads\/usu2126\/2021\/12\/Cartell-marato-sol.jpg 888w\" sizes=\"auto, (max-width: 300px) 100vw, 300px\" \/><\/p>\n<ul style=\"list-style-type: disc;\">\n<li><strong>Una de cada quatre persones<\/strong> tindr\u00e0 algun problema de salut mental al llarg de la seva vida.<\/li>\n<li>Els\u00a0<strong>trastorns mentals<\/strong> s\u00f3n alteracions de la salut que impliquen una disfunci\u00f3 del pensament, les emocions i la conducta i que impacten en tots els \u00e0mbits de la vida.<\/li>\n<li>Poden afectar\u00a0<strong>totes les persones<\/strong>\u00a0de qualsevol edat, i m\u00e9s de la meitat d&#8217;aquests trastorns comencen a\u00a0<strong>l&#8217;adolesc\u00e8ncia<\/strong>, que \u00e9s un moment de canvis importants, i cal estar-hi alerta.<\/li>\n<li>La <strong>prevenci\u00f3 i el tractament preco\u00e7<\/strong> s\u00f3n fonamentals per aconseguir una evoluci\u00f3 positiva.<\/li>\n<li>El 45% de les persones amb algun problema de salut mental\u00a0<strong style=\"font-family: inherit; font-size: 1em;\">no demanen l&#8217;ajuda<\/strong><span style=\"font-family: inherit; font-size: 1em;\"> que necessitarien. Fer-ho \u00e9s el primer pas per sortir-se&#8217;n<\/span><\/li>\n<li>La salut mental encara arrossega\u00a0<strong style=\"font-family: inherit; font-size: 1em;\">estigmes i mites que cal trencar<\/strong><span style=\"font-family: inherit; font-size: 1em;\">. El coneixement \u00e9s la via m\u00e9s efica\u00e7 per aconseguir-ho.<\/span><\/li>\n<li>La\u00a0<strong style=\"font-family: inherit; font-size: 1em;\">cura i l&#8217;abordatge dels trastorns mentals<\/strong><span style=\"font-family: inherit; font-size: 1em;\">\u00a0han d&#8217;incloure tant aspectes sanitaris com\u00a0<\/span><strong style=\"font-family: inherit; font-size: 1em;\">familiars, socials i comunitaris.<\/strong><\/li>\n<\/ul>\n<p>Gr\u00e0cies a la\u00a0<strong>recerca\u00a0<\/strong>en salut mental podrem arribar a tenir un\u00a0<strong>diagn\u00f2stic<\/strong>\u00a0m\u00e9s preco\u00e7, perfeccionar els tractaments i\u00a0<strong>prevenir<\/strong>\u00a0molts trastorns. L&#8217;objectiu final \u00e9s aconseguir millorar la\u00a0<strong>qualitat<\/strong>\u00a0de vida de les persones afectades.<\/p>\n<p style=\"text-align: center;\"><strong>Moltes gr\u00e0cies per col\u00b7laborar-hi!!<\/strong><\/p>\n","protected":false},"excerpt":{"rendered":"<p>LA MARAT\u00d3 QUE TRENCA MURS<br \/>\nL&#8217;AFA de l&#8217;escola Pla de Dalt va organitzar el divendres 10 de desembre una activitat popular &#8220;Manualitats i berenar per La Marat\u00f3&#8221; per recaptar diners en un ambient participatiu i solidari.<\/p>\n<ul style=\"list-style-type: disc;\">\n<li>Una de cada quatre persones tindr\u00e0 algun problema de&hellip;  <a href=\"https:\/\/agora.xtec.cat\/ceippladedalt\/portada\/la-marato-que-trenca-murs\/\" title=\"Read LA MARAT\u00d3 QUE TRENCA MURS\">Llegeix m\u00e9s\u00bb<\/a><br \/>\n","protected":false},"author":1,"featured_media":3050,"comment_status":"open","ping_status":"closed","sticky":false,"template":"","format":"standard","meta":{"_bbp_topic_count":0,"_bbp_reply_count":0,"_bbp_total_topic_count":0,"_bbp_total_reply_count":0,"_bbp_voice_count":0,"_bbp_anonymous_reply_count":0,"_bbp_topic_count_hidden":0,"_bbp_reply_count_hidden":0,"_bbp_forum_subforum_count":0,"footnotes":""},"categories":[4],"tags":[],"class_list":["post-3049","post","type-post","status-publish","format-standard","has-post-thumbnail","hentry","category-portada"],"post_mailing_queue_ids":[],"_links":{"self":[{"href":"https:\/\/agora.xtec.cat\/ceippladedalt\/wp-json\/wp\/v2\/posts\/3049","targetHints":{"allow":["GET"]}}],"collection":[{"href":"https:\/\/agora.xtec.cat\/ceippladedalt\/wp-json\/wp\/v2\/posts"}],"about":[{"href":"https:\/\/agora.xtec.cat\/ceippladedalt\/wp-json\/wp\/v2\/types\/post"}],"author":[{"embeddable":true,"href":"https:\/\/agora.xtec.cat\/ceippladedalt\/wp-json\/wp\/v2\/users\/1"}],"replies":[{"embeddable":true,"href":"https:\/\/agora.xtec.cat\/ceippladedalt\/wp-json\/wp\/v2\/comments?post=3049"}],"version-history":[{"count":1,"href":"https:\/\/agora.xtec.cat\/ceippladedalt\/wp-json\/wp\/v2\/posts\/3049\/revisions"}],"predecessor-version":[{"id":3053,"href":"https:\/\/agora.xtec.cat\/ceippladedalt\/wp-json\/wp\/v2\/posts\/3049\/revisions\/3053"}],"wp:featuredmedia":[{"embeddable":true,"href":"https:\/\/agora.xtec.cat\/ceippladedalt\/wp-json\/wp\/v2\/media\/3050"}],"wp:attachment":[{"href":"https:\/\/agora.xtec.cat\/ceippladedalt\/wp-json\/wp\/v2\/media?parent=3049"}],"wp:term":[{"taxonomy":"category","embeddable":true,"href":"https:\/\/agora.xtec.cat\/ceippladedalt\/wp-json\/wp\/v2\/categories?post=3049"},{"taxonomy":"post_tag","embeddable":true,"href":"https:\/\/agora.xtec.cat\/ceippladedalt\/wp-json\/wp\/v2\/tags?post=3049"}],"curies":[{"name":"wp","href":"https:\/\/api.w.org\/{rel}","templated":true}]}}