{"id":3041,"date":"2021-11-10T11:55:29","date_gmt":"2021-11-10T10:55:29","guid":{"rendered":"https:\/\/agora.xtec.cat\/ceippladedalt\/?p=3041"},"modified":"2021-12-11T11:57:26","modified_gmt":"2021-12-11T10:57:26","slug":"eleccions-renovacio-consell-escolar-2021","status":"publish","type":"post","link":"https:\/\/agora.xtec.cat\/ceippladedalt\/portada\/eleccions-renovacio-consell-escolar-2021\/","title":{"rendered":"ELECCIONS RENOVACI\u00d3 CONSELL ESCOLAR 2021"},"content":{"rendered":"<p style=\"text-align: center;\"><strong>ELECCIONS CONSELL ESCOLAR 2021<\/strong><\/p>\n<p>El Departament d\u2019Ensenyament ha convocat eleccions per tal de renovar els representants als Consells Escolars dels Centres Docents p\u00fablics de Catalunya. El proc\u00e9s electoral s\u2019efectuar\u00e0 per renovar la meitat dels membres de cadascun del sectors que formen els consells escolars.<\/p>\n<p><strong><u>Qu\u00e8 \u00e9s un Consell Escolar<\/u><\/strong><strong>\u00a0?<\/strong><\/p>\n<p>El Consell Escolar del centre \u00e9s l\u2019\u00f2rgan de participaci\u00f3 de la comunitat escolar en el govern del centre, amb funcions en l\u2019\u00e0mbit de la programaci\u00f3 general, i en el seguiment i avaluaci\u00f3 de les seves activitats.<\/p>\n<p>Els membres del Consell Escolar s\u00f3n escollits per quatre anys. Cada dos anys es renova la meitat dels membres representants de mestres i la meitat dels membres representants del sector fam\u00edlies d\u2019alumnes (aquestes eleccions s\u00f3n 3 membres de cada sector).<\/p>\n<p><strong><u>Quina \u00e9s la composici\u00f3 del Consell Escolar de la nostra escola:<\/u><\/strong><\/p>\n<ul>\n<li>La directora del centre, que n\u2019\u00e9s la presidenta.<\/li>\n<li>La cap d\u2019estudis.<\/li>\n<li>La secretaria (amb veu per\u00f2 sense vot).<\/li>\n<li>1 representant de l\u2019Ajuntament.<\/li>\n<li>6 mestres elegits pel Claustre.<\/li>\n<li>6 mares\/pares elegits entre ells, incl\u00f2s 1 representant de l\u2019AFA.<\/li>\n<li>1 representant del personal d\u2019administraci\u00f3 i serveis (PAS) i\/o personal atenci\u00f3 educativa (PAE)<\/li>\n<\/ul>\n<p>TOTAL = 17 membres del Consell Escolar del Centre.<\/p>\n<p>Tots ells han de ser elegits per cadascun dels sectors corresponents (sector fam\u00edlies, sector mestres, sector serveis). Excepte:<\/p>\n<ul>\n<li>La director, la cap d\u2019estudis i la secretaria.<\/li>\n<li>La representant de l\u2019Ajuntament.<\/li>\n<li>La representant de l\u2019AFA que la designa la pr\u00f2pia associaci\u00f3.<\/li>\n<\/ul>\n<p><strong><u>Qui t\u00e9 dret de vot<\/u><\/strong><strong>\u00a0?<\/strong><\/p>\n<p>Tots els pares, mares i els\/les tutors\/es legals, els fills i filles dels quals estiguin matriculats\/des al centre en el moment de la convocat\u00f2ria de les eleccions.<\/p>\n<p><a href=\"https:\/\/educacio.gencat.cat\/ca\/arees-actuacio\/families\/recursos\/recomanacions\/eleccions-consells-escolars\/\">Per qu\u00e8 \u00e9s important que participeu les fam\u00edlies ?<\/a><\/p>\n<p><strong><u>Procediment d\u2019elecci\u00f3 o renovaci\u00f3 dels membres del Consell Escolar. SECTOR MARES i PARES<\/u><\/strong><\/p>\n<ul>\n<li>A partir del 4\u00a0<em>de novembre<\/em>podeu comprovar el cens de mares i pares. El trobareu al plaf\u00f3 situat a l\u2019entrada principal de l\u2019escola.<\/li>\n<li>Poden ser\u00a0<u>candidats\/des al sector fam\u00edlies<\/u>: tots els pares o mares o tutors legals d\u2019alumnes del centre.\u00a0<strong>Per ser candidat cal omplir un impr\u00e8s que podeu recollir a l\u2019escola i descarregar d\u2019aquest mateix article<\/strong>. Hi ha temps fins el 17 de novembre.<\/li>\n<\/ul>\n<p><a href=\"https:\/\/agora.xtec.cat\/ceippladedalt\/wp-content\/uploads\/usu2126\/2021\/11\/PRESENTACIO-CANDIDATURA-FAMILIES.pdf\">PRESENTACI\u00d3 CANDIDATURA FAM\u00cdLIES<\/a><\/p>\n<ul>\n<li><u>Votacions<\/u>: les votacions s\u00f3n personals, directes i secretes. Pot votar tant el pare com la mare o tutor\/a legal dels alumnes escolaritzats en el Centre.<\/li>\n<li><u>Mesa electoral<\/u>: A la mesa electoral hi haur\u00e0 el director i dos pares o mares que els hi hagi tocat per sorteig. Actuar\u00e0 de secretari\/a el pare o mare de menys edat.<\/li>\n<\/ul>\n<p>&nbsp;<\/p>\n<p><strong><u>Calendari de la convocat\u00f2ria d\u2019eleccions al Consell Escolar<\/u><\/strong><\/p>\n<table style=\"width: 65.0742%;\" width=\"596\">\n<tbody>\n<tr>\n<td style=\"width: 17.7066%;\" width=\"105\"><strong>DIA<\/strong><\/td>\n<td style=\"width: 11.6965%;\" width=\"76\"><strong>HORA<\/strong><\/td>\n<td style=\"width: 27.4247%;\" colspan=\"2\" width=\"151\"><strong>LLOC<\/strong><\/td>\n<td style=\"width: 103.891%;\" width=\"265\"><strong>ACTE<\/strong><\/td>\n<\/tr>\n<tr>\n<td style=\"width: 17.7066%;\" width=\"105\">DIMARTS 2\/11\/2021<\/td>\n<td style=\"width: 11.6965%;\" width=\"76\">09:00h<\/td>\n<td style=\"width: 27.4247%;\" colspan=\"2\" width=\"151\">Plaf\u00f3 de l\u2019entrada<\/td>\n<td style=\"width: 103.891%;\" width=\"265\">Publicaci\u00f3 de la <em>RESOLUCI\u00d3 EDU\/3043\/2021, de 6 d\u2019octubre publicat al DOGC N\u00fam. 8521 \u2013 13.10.2021<\/em><\/td>\n<\/tr>\n<tr>\n<td style=\"width: 17.7066%;\" width=\"105\">DIMECRES 3\/11\/2021<\/td>\n<td style=\"width: 11.6965%;\" width=\"76\">09:00h<\/td>\n<td style=\"width: 27.4247%;\" colspan=\"2\" width=\"151\">Plaf\u00f3 de l\u2019entrada<\/td>\n<td style=\"width: 103.891%;\" width=\"265\">Publicaci\u00f3 del cens sector FAM\u00cdLIES, MESTRES, PAS I PAE<\/td>\n<\/tr>\n<tr>\n<td style=\"width: 17.7066%;\" width=\"105\">DIJOUS 4\/11\/2021<\/td>\n<td style=\"width: 11.6965%;\" width=\"76\">13:00h<\/td>\n<td style=\"width: 27.4247%;\" colspan=\"2\" width=\"151\">Despatx direcci\u00f3<\/td>\n<td style=\"width: 103.891%;\" width=\"265\">Sorteig designaci\u00f3 membres<\/p>\n<p>mesa sector FAM\u00cdLIES.<\/td>\n<\/tr>\n<tr>\n<td style=\"width: 17.7066%;\" width=\"105\">DEL 4 AL 8\/11\/2021<\/td>\n<td style=\"width: 11.6965%;\" width=\"76\">09:00h \u2013 09:30h<\/td>\n<td style=\"width: 27.4247%;\" colspan=\"2\" width=\"151\">Despatx direcci\u00f3<\/td>\n<td style=\"width: 103.891%;\" width=\"265\">Presentaci\u00f3 reclamacions al cens<\/td>\n<\/tr>\n<tr>\n<td style=\"width: 17.7066%;\" width=\"105\">DIVENDRES 12\/11\/2021<\/td>\n<td style=\"width: 11.6965%;\" width=\"76\">12:30h<\/td>\n<td style=\"width: 27.4247%;\" colspan=\"2\" width=\"151\">Despatx direcci\u00f3<\/td>\n<td style=\"width: 103.891%;\" width=\"265\">Constituci\u00f3 Mesa sector MESTRES<\/td>\n<\/tr>\n<tr>\n<td style=\"width: 17.7066%;\" width=\"105\">DIVENDRES 12\/11\/2021<\/td>\n<td style=\"width: 11.6965%;\" width=\"76\">15:00h<\/td>\n<td style=\"width: 27.4247%;\" colspan=\"2\" width=\"151\">Despatx direcci\u00f3<\/td>\n<td style=\"width: 103.891%;\" width=\"265\">Constituci\u00f3 Mesa sector FAM\u00cdLIES<\/td>\n<\/tr>\n<tr>\n<td style=\"width: 17.7066%;\" width=\"105\">DE L\u201911 AL 17\/11\/2021<\/td>\n<td style=\"width: 11.6965%;\" width=\"76\">09:00h \u2013 16:30h<\/td>\n<td style=\"width: 27.4247%;\" colspan=\"2\" width=\"151\">Despatx direcci\u00f3<\/td>\n<td style=\"width: 103.891%;\" width=\"265\"><strong>Presentaci\u00f3 candidatures<\/strong><\/p>\n<p>Presentaci\u00f3 sol\u00b7licitud supervisors mesa<\/td>\n<\/tr>\n<tr>\n<td style=\"width: 17.7066%;\" width=\"105\">DIJOUS 18\/11\/2021<\/td>\n<td style=\"width: 11.6965%;\" width=\"76\">10:00h \u2013 17:00h<\/td>\n<td style=\"width: 27.4247%;\" colspan=\"2\" width=\"151\">Taulell anuncis exterior AFA<\/td>\n<td style=\"width: 103.891%;\" width=\"265\">Publicaci\u00f3 de candidatures<\/td>\n<\/tr>\n<tr>\n<td style=\"width: 17.7066%;\" width=\"105\">DIMARTS 23\/11\/2021<\/td>\n<td style=\"width: 11.6965%;\" width=\"76\">10:30h \u2013 11:30h<\/td>\n<td style=\"width: 27.4247%;\" colspan=\"2\" width=\"151\">Claustre d\u2019escola<\/td>\n<td style=\"width: 103.891%;\" width=\"265\">Elecci\u00f3 sector MESTRES<\/td>\n<\/tr>\n<tr>\n<td style=\"width: 17.7066%;\" width=\"105\">DIMARTS 23\/11\/2021<\/td>\n<td style=\"width: 38.0064%;\" colspan=\"2\" width=\"123\">08:15h a 08:50<\/p>\n<p>12:30 a 14:00<\/p>\n<p>16:30 a 17:30h<\/td>\n<td style=\"width: 1.11483%;\" width=\"104\">Biblioteca<\/td>\n<td style=\"width: 103.891%;\" width=\"265\"><strong>Elecci\u00f3 sector FAM\u00cdLIES<\/strong><\/td>\n<\/tr>\n<tr>\n<td style=\"width: 17.7066%;\" width=\"105\">DIMECRES 24\/11\/2021<\/td>\n<td style=\"width: 11.6965%;\" width=\"76\">10:00h \u2013 17:00<\/td>\n<td style=\"width: 27.4247%;\" colspan=\"2\" width=\"151\">Taulell anuncis de l&#8217;escola<\/td>\n<td style=\"width: 103.891%;\" width=\"265\">Proclamaci\u00f3 candidats\/es electes<\/td>\n<\/tr>\n<tr>\n<td style=\"width: 17.7066%;\" width=\"105\"><strong><span style=\"color: #ff0000;\">DIMARTS 14\/12\/2021<\/span><\/strong><\/td>\n<td style=\"width: 11.6965%;\" width=\"76\">19:45h<\/td>\n<td style=\"width: 27.4247%;\" colspan=\"2\" width=\"151\">Telem\u00e0ticament<\/td>\n<td style=\"width: 103.891%;\" width=\"265\">Constituci\u00f3 Consell Escolar (renovat)<\/td>\n<\/tr>\n<tr>\n<td style=\"width: 17.7066%;\" width=\"105\"><\/td>\n<td style=\"width: 11.6965%;\" width=\"76\"><\/td>\n<td style=\"width: 26.3099%;\" width=\"47\"><\/td>\n<td style=\"width: 1.11483%;\" width=\"104\"><\/td>\n<td style=\"width: 103.891%;\" width=\"265\"><\/td>\n<\/tr>\n<\/tbody>\n<\/table>\n<p><em>(RESOLUCI\u00d3 EDU\/3043\/2021, de 6 d\u2019octubre publicat al DOGC N\u00fam. 8521 \u2013 13.10.2021)<\/em><\/p>\n<p>M\u00e9s informaci\u00f3 al seg\u00fcent\u00a0<a href=\"https:\/\/educacio.gencat.cat\/ca\/arees-actuacio\/centres-serveis-educatius\/centres\/consells-escolars-centres\/centres-publics\">enlla\u00e7<\/a>.<\/p>\n<p><em>Anna Poch Massa<\/em><\/p>\n<p>Presidenta del Consell Escolar de l\u2019escola Pla de Dalt<\/p>\n","protected":false},"excerpt":{"rendered":"<p>ELECCIONS CONSELL ESCOLAR 2021<br \/>\nEl Departament d\u2019Ensenyament ha convocat eleccions per tal de renovar els representants als Consells Escolars dels Centres Docents p\u00fablics de Catalunya. El proc\u00e9s electoral s\u2019efectuar\u00e0 per renovar la meitat dels membres de cadascun del sectors que formen els consells escolars.<br \/>\nQu\u00e8 \u00e9s un&hellip;  <a href=\"https:\/\/agora.xtec.cat\/ceippladedalt\/portada\/eleccions-renovacio-consell-escolar-2021\/\" title=\"Read ELECCIONS RENOVACI\u00d3 CONSELL ESCOLAR 2021\">Llegeix m\u00e9s\u00bb<\/a><\/p>\n","protected":false},"author":1,"featured_media":3011,"comment_status":"open","ping_status":"closed","sticky":false,"template":"","format":"standard","meta":{"_bbp_topic_count":0,"_bbp_reply_count":0,"_bbp_total_topic_count":0,"_bbp_total_reply_count":0,"_bbp_voice_count":0,"_bbp_anonymous_reply_count":0,"_bbp_topic_count_hidden":0,"_bbp_reply_count_hidden":0,"_bbp_forum_subforum_count":0,"footnotes":""},"categories":[4],"tags":[],"class_list":["post-3041","post","type-post","status-publish","format-standard","has-post-thumbnail","hentry","category-portada"],"post_mailing_queue_ids":[],"_links":{"self":[{"href":"https:\/\/agora.xtec.cat\/ceippladedalt\/wp-json\/wp\/v2\/posts\/3041","targetHints":{"allow":["GET"]}}],"collection":[{"href":"https:\/\/agora.xtec.cat\/ceippladedalt\/wp-json\/wp\/v2\/posts"}],"about":[{"href":"https:\/\/agora.xtec.cat\/ceippladedalt\/wp-json\/wp\/v2\/types\/post"}],"author":[{"embeddable":true,"href":"https:\/\/agora.xtec.cat\/ceippladedalt\/wp-json\/wp\/v2\/users\/1"}],"replies":[{"embeddable":true,"href":"https:\/\/agora.xtec.cat\/ceippladedalt\/wp-json\/wp\/v2\/comments?post=3041"}],"version-history":[{"count":2,"href":"https:\/\/agora.xtec.cat\/ceippladedalt\/wp-json\/wp\/v2\/posts\/3041\/revisions"}],"predecessor-version":[{"id":3043,"href":"https:\/\/agora.xtec.cat\/ceippladedalt\/wp-json\/wp\/v2\/posts\/3041\/revisions\/3043"}],"wp:featuredmedia":[{"embeddable":true,"href":"https:\/\/agora.xtec.cat\/ceippladedalt\/wp-json\/wp\/v2\/media\/3011"}],"wp:attachment":[{"href":"https:\/\/agora.xtec.cat\/ceippladedalt\/wp-json\/wp\/v2\/media?parent=3041"}],"wp:term":[{"taxonomy":"category","embeddable":true,"href":"https:\/\/agora.xtec.cat\/ceippladedalt\/wp-json\/wp\/v2\/categories?post=3041"},{"taxonomy":"post_tag","embeddable":true,"href":"https:\/\/agora.xtec.cat\/ceippladedalt\/wp-json\/wp\/v2\/tags?post=3041"}],"curies":[{"name":"wp","href":"https:\/\/api.w.org\/{rel}","templated":true}]}}