{"id":2664,"date":"2021-10-04T09:51:25","date_gmt":"2021-10-04T07:51:25","guid":{"rendered":"https:\/\/agora.xtec.cat\/ceippladedalt\/?p=2664"},"modified":"2021-10-05T08:42:33","modified_gmt":"2021-10-05T06:42:33","slug":"activitats-extraescolars","status":"publish","type":"post","link":"https:\/\/agora.xtec.cat\/ceippladedalt\/portada\/activitats-extraescolars\/","title":{"rendered":"ACTIVITATS EXTRAESCOLARS"},"content":{"rendered":"<p style=\"text-align: left;\">Benvolgudes fam\u00edlies,<\/p>\n<p style=\"text-align: left;\">Aquest curs l&#8217;AFA de l&#8217;escola ofereix les seg\u00fcents extraescolars:<\/p>\n<p><img loading=\"lazy\" decoding=\"async\" class=\"aligncenter wp-image-2709 size-large\" src=\"https:\/\/agora.xtec.cat\/ceippladedalt\/wp-content\/uploads\/usu2126\/2021\/10\/Cartell-extraescolars-823x1024.jpg\" alt=\"\" width=\"823\" height=\"1024\" srcset=\"https:\/\/agora.xtec.cat\/ceippladedalt\/wp-content\/uploads\/usu2126\/2021\/10\/Cartell-extraescolars-823x1024.jpg 823w, https:\/\/agora.xtec.cat\/ceippladedalt\/wp-content\/uploads\/usu2126\/2021\/10\/Cartell-extraescolars-241x300.jpg 241w, https:\/\/agora.xtec.cat\/ceippladedalt\/wp-content\/uploads\/usu2126\/2021\/10\/Cartell-extraescolars-768x955.jpg 768w, https:\/\/agora.xtec.cat\/ceippladedalt\/wp-content\/uploads\/usu2126\/2021\/10\/Cartell-extraescolars-1235x1536.jpg 1235w, https:\/\/agora.xtec.cat\/ceippladedalt\/wp-content\/uploads\/usu2126\/2021\/10\/Cartell-extraescolars.jpg 1242w\" sizes=\"auto, (max-width: 823px) 100vw, 823px\" \/><\/p>\n<p>Per a m\u00e9s informaci\u00f3 o dubtes podeu contactar al tel\u00e8fon 628907733 (Ivan) o al correu info@recreatactivitats.com.<\/p>\n<p style=\"text-align: center;\"><strong>Animeu-vos! Encara hi sou a temps!!<\/strong><\/p>\n","protected":false},"excerpt":{"rendered":"<p>Benvolgudes fam\u00edlies,<br \/>\nAquest curs l&#8217;AFA de l&#8217;escola ofereix les seg\u00fcents extraescolars:<\/p>\n<p>Per a m\u00e9s informaci\u00f3 o dubtes podeu contactar al tel\u00e8fon 628907733 (Ivan) o al correu info@recreatactivitats.com.<br \/>\nAnimeu-vos! Encara hi sou a temps!!<\/p>\n","protected":false},"author":1,"featured_media":2710,"comment_status":"open","ping_status":"closed","sticky":false,"template":"","format":"standard","meta":{"_bbp_topic_count":0,"_bbp_reply_count":0,"_bbp_total_topic_count":0,"_bbp_total_reply_count":0,"_bbp_voice_count":0,"_bbp_anonymous_reply_count":0,"_bbp_topic_count_hidden":0,"_bbp_reply_count_hidden":0,"_bbp_forum_subforum_count":0,"footnotes":""},"categories":[4],"tags":[],"class_list":["post-2664","post","type-post","status-publish","format-standard","has-post-thumbnail","hentry","category-portada"],"post_mailing_queue_ids":[],"_links":{"self":[{"href":"https:\/\/agora.xtec.cat\/ceippladedalt\/wp-json\/wp\/v2\/posts\/2664","targetHints":{"allow":["GET"]}}],"collection":[{"href":"https:\/\/agora.xtec.cat\/ceippladedalt\/wp-json\/wp\/v2\/posts"}],"about":[{"href":"https:\/\/agora.xtec.cat\/ceippladedalt\/wp-json\/wp\/v2\/types\/post"}],"author":[{"embeddable":true,"href":"https:\/\/agora.xtec.cat\/ceippladedalt\/wp-json\/wp\/v2\/users\/1"}],"replies":[{"embeddable":true,"href":"https:\/\/agora.xtec.cat\/ceippladedalt\/wp-json\/wp\/v2\/comments?post=2664"}],"version-history":[{"count":3,"href":"https:\/\/agora.xtec.cat\/ceippladedalt\/wp-json\/wp\/v2\/posts\/2664\/revisions"}],"predecessor-version":[{"id":2713,"href":"https:\/\/agora.xtec.cat\/ceippladedalt\/wp-json\/wp\/v2\/posts\/2664\/revisions\/2713"}],"wp:featuredmedia":[{"embeddable":true,"href":"https:\/\/agora.xtec.cat\/ceippladedalt\/wp-json\/wp\/v2\/media\/2710"}],"wp:attachment":[{"href":"https:\/\/agora.xtec.cat\/ceippladedalt\/wp-json\/wp\/v2\/media?parent=2664"}],"wp:term":[{"taxonomy":"category","embeddable":true,"href":"https:\/\/agora.xtec.cat\/ceippladedalt\/wp-json\/wp\/v2\/categories?post=2664"},{"taxonomy":"post_tag","embeddable":true,"href":"https:\/\/agora.xtec.cat\/ceippladedalt\/wp-json\/wp\/v2\/tags?post=2664"}],"curies":[{"name":"wp","href":"https:\/\/api.w.org\/{rel}","templated":true}]}}