{"id":2450,"date":"2021-09-10T12:57:23","date_gmt":"2021-09-10T10:57:23","guid":{"rendered":"https:\/\/agora.xtec.cat\/ceippladedalt\/?p=2450"},"modified":"2021-09-10T14:55:51","modified_gmt":"2021-09-10T12:55:51","slug":"pla-dobertura-setembre-2021-22","status":"publish","type":"post","link":"https:\/\/agora.xtec.cat\/ceippladedalt\/portada\/pla-dobertura-setembre-2021-22\/","title":{"rendered":"ACCESSOS I PLA D&#8217;OBERTURA SETEMBRE 2021-22"},"content":{"rendered":"<p>Benvolgudes fam\u00edlies,<\/p>\n<p>Us presentem el <a href=\"https:\/\/agora.xtec.cat\/ceippladedalt\/wp-content\/uploads\/usu2126\/2021\/09\/PLA-DOBERTURA-CURS-2021-2022-APROVAT-PER-CONSELL-ESCOLAR-EL-2-DE-SETEMBRE-DE-2021.pdf\">PLA D&#8217;OBERTURA CURS 2021-2022 <\/a>\u00a0en el marc de la pand\u00e8mia per covid-19 i aprovat en Consell Escolar el dia 2 de setembre. El trobareu en el men\u00fa DOCUMENTS a la web de l&#8217;escola.<\/p>\n<p>Aquest document estableix les bases perqu\u00e8 el curs es pugui dur a terme amb les m\u00e0ximes garanties, i busca l\u2019equilibri entre la protecci\u00f3 de la salut, la gesti\u00f3 correcta de la pand\u00e8mia i el dret a una educaci\u00f3 de qualitat.<\/p>\n<p>Al llarg del curs, s&#8217;aniran fent actualitzacions d&#8217;aquest document, de cares a adaptar-nos a les diferents situacions en qu\u00e8 ens trobem.<\/p>\n<p>Un canvi important s\u00f3n els 4 accessos a l&#8217;escola dels diferents nivells. Els alumnes entraran a l&#8217;escola i s&#8217;agruparan al pati per cursos.<\/p>\n<p><em>PORTA 1<\/em>\u00a0 \u00a0 <strong>1A, 1B, 2A, 2B, 4A i 4B<\/strong><\/p>\n<p><em>PORTA 2<\/em>\u00a0 \u00a0 <strong>P4A, P4B, P5A i P5B<\/strong><\/p>\n<p><em>PORTA 3<\/em>\u00a0 \u00a0 <strong>P3A i P3B<\/strong><\/p>\n<p><em>PORTA 4<\/em>\u00a0 \u00a0 <strong>3A, 3B, 5A, 5B, 6A i 6B<\/strong><\/p>\n<p><img loading=\"lazy\" decoding=\"async\" class=\"aligncenter wp-image-2451 size-large\" src=\"https:\/\/agora.xtec.cat\/ceippladedalt\/wp-content\/uploads\/usu2126\/2021\/09\/Entrades-i-sortides-rectificat-21-22-746x1024.jpg\" alt=\"\" width=\"746\" height=\"1024\" srcset=\"https:\/\/agora.xtec.cat\/ceippladedalt\/wp-content\/uploads\/usu2126\/2021\/09\/Entrades-i-sortides-rectificat-21-22-746x1024.jpg 746w, https:\/\/agora.xtec.cat\/ceippladedalt\/wp-content\/uploads\/usu2126\/2021\/09\/Entrades-i-sortides-rectificat-21-22-218x300.jpg 218w, https:\/\/agora.xtec.cat\/ceippladedalt\/wp-content\/uploads\/usu2126\/2021\/09\/Entrades-i-sortides-rectificat-21-22-768x1055.jpg 768w, https:\/\/agora.xtec.cat\/ceippladedalt\/wp-content\/uploads\/usu2126\/2021\/09\/Entrades-i-sortides-rectificat-21-22-1119x1536.jpg 1119w, https:\/\/agora.xtec.cat\/ceippladedalt\/wp-content\/uploads\/usu2126\/2021\/09\/Entrades-i-sortides-rectificat-21-22.jpg 1388w\" sizes=\"auto, (max-width: 746px) 100vw, 746px\" \/><\/p>\n<p style=\"text-align: right;\"><em>A \u00faltima hora s&#8217;ha fet un canvi organitzatiu que no queda reflectit en el Pla d&#8217;Obertura (els 4ts entraran per la porta 1 i els 3rs per la porta 4) que aprovarem en el proper Consell Escolar.<\/em><\/p>\n<p><strong>Recordeu respectar les mesures de seguretat.<\/strong><\/p>\n<p style=\"text-align: right;\"><strong>Us esperem amb molta il\u00b7lusi\u00f3!!<\/strong><\/p>\n","protected":false},"excerpt":{"rendered":"<p>Benvolgudes fam\u00edlies,<br \/>\nUs presentem el <a href=\"https:\/\/agora.xtec.cat\/ceippladedalt\/wp-content\/uploads\/usu2126\/2021\/09\/PLA-DOBERTURA-CURS-2021-2022-APROVAT-PER-CONSELL-ESCOLAR-EL-2-DE-SETEMBRE-DE-2021.pdf\">PLA D&#8217;OBERTURA CURS 2021-2022 <\/a>\u00a0en el marc de la pand\u00e8mia per covid-19 i aprovat en Consell Escolar el dia 2 de setembre. El trobareu en el men\u00fa DOCUMENTS a la web de l&#8217;escola.<br \/>\nAquest document estableix les bases perqu\u00e8 el curs&hellip;  <a href=\"https:\/\/agora.xtec.cat\/ceippladedalt\/portada\/pla-dobertura-setembre-2021-22\/\" title=\"Read ACCESSOS I PLA D&#8217;OBERTURA SETEMBRE 2021-22\">Llegeix m\u00e9s\u00bb<\/a><\/p>\n","protected":false},"author":1,"featured_media":2453,"comment_status":"open","ping_status":"closed","sticky":false,"template":"","format":"standard","meta":{"_bbp_topic_count":0,"_bbp_reply_count":0,"_bbp_total_topic_count":0,"_bbp_total_reply_count":0,"_bbp_voice_count":0,"_bbp_anonymous_reply_count":0,"_bbp_topic_count_hidden":0,"_bbp_reply_count_hidden":0,"_bbp_forum_subforum_count":0,"footnotes":""},"categories":[4],"tags":[],"class_list":["post-2450","post","type-post","status-publish","format-standard","has-post-thumbnail","hentry","category-portada"],"post_mailing_queue_ids":[],"_links":{"self":[{"href":"https:\/\/agora.xtec.cat\/ceippladedalt\/wp-json\/wp\/v2\/posts\/2450","targetHints":{"allow":["GET"]}}],"collection":[{"href":"https:\/\/agora.xtec.cat\/ceippladedalt\/wp-json\/wp\/v2\/posts"}],"about":[{"href":"https:\/\/agora.xtec.cat\/ceippladedalt\/wp-json\/wp\/v2\/types\/post"}],"author":[{"embeddable":true,"href":"https:\/\/agora.xtec.cat\/ceippladedalt\/wp-json\/wp\/v2\/users\/1"}],"replies":[{"embeddable":true,"href":"https:\/\/agora.xtec.cat\/ceippladedalt\/wp-json\/wp\/v2\/comments?post=2450"}],"version-history":[{"count":2,"href":"https:\/\/agora.xtec.cat\/ceippladedalt\/wp-json\/wp\/v2\/posts\/2450\/revisions"}],"predecessor-version":[{"id":2456,"href":"https:\/\/agora.xtec.cat\/ceippladedalt\/wp-json\/wp\/v2\/posts\/2450\/revisions\/2456"}],"wp:featuredmedia":[{"embeddable":true,"href":"https:\/\/agora.xtec.cat\/ceippladedalt\/wp-json\/wp\/v2\/media\/2453"}],"wp:attachment":[{"href":"https:\/\/agora.xtec.cat\/ceippladedalt\/wp-json\/wp\/v2\/media?parent=2450"}],"wp:term":[{"taxonomy":"category","embeddable":true,"href":"https:\/\/agora.xtec.cat\/ceippladedalt\/wp-json\/wp\/v2\/categories?post=2450"},{"taxonomy":"post_tag","embeddable":true,"href":"https:\/\/agora.xtec.cat\/ceippladedalt\/wp-json\/wp\/v2\/tags?post=2450"}],"curies":[{"name":"wp","href":"https:\/\/api.w.org\/{rel}","templated":true}]}}