{"id":23721,"date":"2026-04-20T11:04:42","date_gmt":"2026-04-20T09:04:42","guid":{"rendered":"https:\/\/agora.xtec.cat\/ceippladedalt\/?p=23721"},"modified":"2026-04-20T11:06:02","modified_gmt":"2026-04-20T09:06:02","slug":"xerrades-dipsalut-3r-trimestre","status":"publish","type":"post","link":"https:\/\/agora.xtec.cat\/ceippladedalt\/portada\/xerrades-dipsalut-3r-trimestre\/","title":{"rendered":"XERRADES DIPSALUT 3R TRIMESTRE"},"content":{"rendered":"\n<p><strong>XERRADES: GESTI\u00d3 FAMILIAR DE LES PANTALLES I PREVENCI\u00d3 DE VIOL\u00c8NCIES SEXUALS A L&#8217;ADOLESC\u00c8NCIA<\/strong><\/p>\n\n\n\n<p>Des del Programa per a fam\u00edlies \u2013 Dipsalut,<strong>&nbsp;ja hem obert les inscripcions a les c\u00e0psules del mes de maig!!<\/strong><\/p>\n\n\n\n<p>Ja podeu consultar els horaris a:&nbsp;<a href=\"https:\/\/families.dipsalut.cat\/ca\/capsules-abril-maig.html\" target=\"_blank\" rel=\"noreferrer noopener\">https:\/\/families.dipsalut.cat\/ca\/capsules-abril-maig.html<\/a><\/p>\n\n\n\n<p>Salut i gr\u00e0cies,<\/p>\n\n\n\n<p><em>Programa per a fam\u00edlies \u00b7 Dipsalut<\/em><\/p>\n\n\n\n<p><strong>+ info!<\/strong><\/p>\n\n\n\n<p><strong><em>Gesti\u00f3 familiar de les pantalles<\/em><\/strong><\/p>\n\n\n\n<p><strong>Quan les pantalles entren&nbsp;a les vides de fills, filles<\/strong>&nbsp;o persones menors que conviuen amb nosaltres, tot s\u00f3n preguntes.<br>En aquesta c\u00e0psula es plantejaran i treballaran&nbsp;<strong>situacions quotidianes relacionades amb el m\u00f2bil, l\u2019ordinador, els videojocs o les xarxes socials.<\/strong><br>S\u2019exposaran<strong>&nbsp;els usos, els mals usos i\/o usos problem\u00e0tics de les pantalles&nbsp;<\/strong>i es tractaran els riscos associats. Es reflexionar\u00e0 conjuntament sobre&nbsp;<strong>pautes educatives i l\u00edmits<\/strong>, aix\u00ed com sobre propostes espec\u00edfiques per aplicar.<\/p>\n\n\n\n<p><strong>C\u00e0psula per a referents adults amb infants a c\u00e0rrec (entre 6 i 12 anys).<\/strong><\/p>\n\n\n\n<p>Imparteix&nbsp;la formaci\u00f3&nbsp;<strong>Mireia Espejo<\/strong>, s\u00f2cia treballadora de la&nbsp;<strong>Cooperativa EdPac<\/strong>.<\/p>\n\n\n\n<p><strong><u><a href=\"https:\/\/families.dipsalut.cat\/ca\/inscripcions-on-line.html?cid=25045\" target=\"_blank\" rel=\"noreferrer noopener\">Enlla\u00e7 formulari d\u2019inscripcions<\/a><\/u><\/strong><\/p>\n\n\n\n<p><strong><em>Si no t&#8217;haguessis fet la foto!&nbsp;<\/em><\/strong><\/p>\n\n\n\n<p><strong><em>Prevenci\u00f3 de les viol\u00e8ncies sexuals i el sexpreading a l&#8217;adolesc\u00e8ncia<\/em><\/strong><\/p>\n\n\n\n<p><strong>Com puc parlar de sexualitat amb les persones adolescents?<\/strong>&nbsp;Quin paper hi juguen les xarxes socials? Qu\u00e8 \u00e9s el&nbsp;<strong><em>sexpreading<\/em><\/strong>? Com podem&nbsp;<strong>prevenir les viol\u00e8ncies sexuals<\/strong>&nbsp;i qu\u00e8 podem fer les fam\u00edlies en l&#8217;erradicaci\u00f3 d&#8217;aquestes? En aquesta c\u00e0psula volem generar un&nbsp;<strong>espai de confian\u00e7a on compartir&nbsp;<\/strong>dubtes, inquietuds,&nbsp;<strong>experi\u00e8ncies i recursos&nbsp;<\/strong>davant la prevenci\u00f3 de les viol\u00e8ncies sexuals amb la gent jove.<\/p>\n\n\n\n<p><strong>C\u00e0psula recomanada per a persones que conviuen amb adolescents i\/o tenen adolescents a c\u00e0rrec.<\/strong><\/p>\n\n\n\n<p>A c\u00e0rrec de&nbsp;<strong>Mart\u00ed Gallofre Garreta<\/strong>&nbsp;i&nbsp;<strong>Carmen Atienza Del Castillo<\/strong>, socis i formadors de la&nbsp;<strong>Cooperativa Candela<\/strong>.<\/p>\n\n\n\n<p><strong><a href=\"https:\/\/families.dipsalut.cat\/ca\/inscripcions-on-line.html?cid=25046\" target=\"_blank\" rel=\"noreferrer noopener\">Enlla\u00e7 formulari d\u2019inscripcions<\/a><\/strong><\/p>\n\n\n","protected":false},"excerpt":{"rendered":"<p>XERRADES: GESTI\u00d3 FAMILIAR DE LES PANTALLES I PREVENCI\u00d3 DE VIOL\u00c8NCIES SEXUALS A L&#8217;ADOLESC\u00c8NCIA<\/p>\n<p>Des del Programa per a fam\u00edlies \u2013 Dipsalut,&nbsp;ja hem obert les inscripcions a les c\u00e0psules del mes de maig!!<\/p>\n<p>Ja podeu consultar els horaris a:&nbsp;<a href=\"https:\/\/families.dipsalut.cat\/ca\/capsules-abril-maig.html\" target=\"_blank\" rel=\"noreferrer noopener\">https:\/\/families.dipsalut.cat\/ca\/capsules-abril-maig.html<\/a><\/p>\n<p>Salut i gr\u00e0cies,<\/p>\n<p>Programa per a fam\u00edlies&hellip;  <a href=\"https:\/\/agora.xtec.cat\/ceippladedalt\/portada\/xerrades-dipsalut-3r-trimestre\/\" title=\"Read XERRADES DIPSALUT 3R TRIMESTRE\">Llegeix m\u00e9s\u00bb<\/a><\/p>\n","protected":false},"author":1,"featured_media":23722,"comment_status":"open","ping_status":"open","sticky":false,"template":"","format":"standard","meta":{"_bbp_topic_count":0,"_bbp_reply_count":0,"_bbp_total_topic_count":0,"_bbp_total_reply_count":0,"_bbp_voice_count":0,"_bbp_anonymous_reply_count":0,"_bbp_topic_count_hidden":0,"_bbp_reply_count_hidden":0,"_bbp_forum_subforum_count":0,"footnotes":""},"categories":[10,11,12,13,14,15,4],"tags":[],"class_list":["post-23721","post","type-post","status-publish","format-standard","has-post-thumbnail","hentry","category-1r","category-2n","category-3r","category-4t","category-5e","category-6e","category-portada"],"post_mailing_queue_ids":[],"_links":{"self":[{"href":"https:\/\/agora.xtec.cat\/ceippladedalt\/wp-json\/wp\/v2\/posts\/23721","targetHints":{"allow":["GET"]}}],"collection":[{"href":"https:\/\/agora.xtec.cat\/ceippladedalt\/wp-json\/wp\/v2\/posts"}],"about":[{"href":"https:\/\/agora.xtec.cat\/ceippladedalt\/wp-json\/wp\/v2\/types\/post"}],"author":[{"embeddable":true,"href":"https:\/\/agora.xtec.cat\/ceippladedalt\/wp-json\/wp\/v2\/users\/1"}],"replies":[{"embeddable":true,"href":"https:\/\/agora.xtec.cat\/ceippladedalt\/wp-json\/wp\/v2\/comments?post=23721"}],"version-history":[{"count":2,"href":"https:\/\/agora.xtec.cat\/ceippladedalt\/wp-json\/wp\/v2\/posts\/23721\/revisions"}],"predecessor-version":[{"id":23724,"href":"https:\/\/agora.xtec.cat\/ceippladedalt\/wp-json\/wp\/v2\/posts\/23721\/revisions\/23724"}],"wp:featuredmedia":[{"embeddable":true,"href":"https:\/\/agora.xtec.cat\/ceippladedalt\/wp-json\/wp\/v2\/media\/23722"}],"wp:attachment":[{"href":"https:\/\/agora.xtec.cat\/ceippladedalt\/wp-json\/wp\/v2\/media?parent=23721"}],"wp:term":[{"taxonomy":"category","embeddable":true,"href":"https:\/\/agora.xtec.cat\/ceippladedalt\/wp-json\/wp\/v2\/categories?post=23721"},{"taxonomy":"post_tag","embeddable":true,"href":"https:\/\/agora.xtec.cat\/ceippladedalt\/wp-json\/wp\/v2\/tags?post=23721"}],"curies":[{"name":"wp","href":"https:\/\/api.w.org\/{rel}","templated":true}]}}