{"id":23717,"date":"2026-04-20T10:58:12","date_gmt":"2026-04-20T08:58:12","guid":{"rendered":"https:\/\/agora.xtec.cat\/ceippladedalt\/?p=23717"},"modified":"2026-04-20T10:59:54","modified_gmt":"2026-04-20T08:59:54","slug":"guia-activa-lestiu-2026","status":"publish","type":"post","link":"https:\/\/agora.xtec.cat\/ceippladedalt\/cursos\/i3\/guia-activa-lestiu-2026\/","title":{"rendered":"GUIA ACTIVA L&#8217;ESTIU 2026"},"content":{"rendered":"\n<p>Arriba la Guia Activa l\u2019Estiu 2026 amb una gran varietat de propostes<\/p>\n\n\n\n<p><strong>La Guia Activa l\u2019Estiu recull totes les propostes per a infants i joves organitzades pels ajuntaments de la Garrotxa i per empreses i entitats privades.&nbsp;A finals d\u2019aquest mes d\u2019abril s\u2019obre el per\u00edode d\u2019inscripcions per a les diferents activitats.<\/strong><\/p>\n\n\n\n<p>Pensem que les activitats d\u2019estiu s\u00f3n una continu\u00eftat a la tasca educativa que desenvolupeu mestres i professors\/es en el dia a dia dels vostres centres educatius i que actuen com un<strong>&nbsp;Recurs Educatiu&nbsp;<\/strong>important i complementari a l\u2019educaci\u00f3 formal.<\/p>\n\n\n\n<p>Ja es pot consultar la Guia Activa l\u2019Estiu 2026, elaborada pel Consell Comarcal de la Garrotxa i l\u2019Ajuntament d\u2019Olot. La guia agrupa en un sol document totes les propostes educatives, esportives, culturals i de lleure que s\u2019organitzen durant el per\u00edode de vacances estivals a Olot i la comarca. Hi ha propostes per a infants i joves menors de 18 anys dissenyades i creades per professionals de cada sector. La guia es divideix en tres blocs: les activitats de l\u2019Estiu Riu (aquelles organitzades des de l\u2019Ajuntament d\u2019Olot), les que organitzen la resta d\u2019Ajuntaments de la Garrotxa i les d\u2019entitats i empreses. L\u2019objectiu \u00e9s que cada fam\u00edlia trobi una activitat adaptada a les seves necessitats, i fer de l\u2019estiu un temps d\u2019oci i una oportunitat per adquirir noves experi\u00e8ncies i aprenentatges.<\/p>\n\n\n\n<p>Estiu Riu 2026<\/p>\n\n\n\n<p>L\u2019Estiu&nbsp; Riu \u00e9s el conjunt d\u2019activitats d\u2019educaci\u00f3 en el lleure municipals organitzades per l\u2019\u00c0rea de Cultura i Educaci\u00f3 i l\u2019\u00c0rea d\u2019Esports de l\u2019Ajuntament d\u2019Olot durant el per\u00edode de vacances d\u2019estiu escolars.<\/p>\n\n\n\n<p>Aquest any com a novetat s\u2019estrena una nova p\u00e0gina web per realitzar les inscripcions. Una web pensada per facilitar l\u2019acc\u00e9s a tothom, m\u00e9s agra\u00efda i m\u00e9s intu\u00eftiva.<\/p>\n\n\n\n<p>Des de l\u2019Estiu Riu s\u2019organitzen cada any casals amb activitats l\u00fadiques, educatives i esportives de tot tipus per a infants i joves de totes les edats: casal de joves, casal per a infants i joves amb diversitat funcional, casalet de les Fonts &nbsp;(per a infants que comen\u00e7aran i3), esplai de petits Malagrida i <strong>esplai de petits Pla de Dalt (per a infants de Infantil i 1r de prim\u00e0ria)<\/strong> i el casal Bisaroques (per a infants de 2n a 6\u00e8 de prim\u00e0ria).<\/p>\n\n\n\n<p>En l&#8217;\u00e0mbit d&#8217;esports, es comptar\u00e0 amb casals esportius per a infants de 4 a 12 anys, com&nbsp;s\u00f3n&nbsp;el casal&nbsp;d&#8217;hoquei, patinatge, b\u00e0squet i gimn\u00e0stica. A m\u00e9s com cada any hi haur\u00e0 els tres casals aqu\u00e0tics, casal de les petxines, casal de nataci\u00f3 i el casal de joves de nataci\u00f3, on hi haur\u00e0 diferents opcions de piscina i nataci\u00f3. A la tardes hi haur\u00e0 els cursets de nataci\u00f3 per infants de 3 mesos a 11 anys.<\/p>\n\n\n\n<p><strong>ENLLA\u00c7 A LA GUIA.<\/strong><\/p>\n\n\n\n<p><a href=\"https:\/\/oloteducacio.cat\/wp-content\/uploads\/2026\/04\/GUIA-ESTIU-2026.pdf\">https:\/\/oloteducacio.cat\/wp-content\/uploads\/2026\/04\/GUIA-ESTIU-2026.pdf<\/a><\/p>\n\n\n\n<p>La informaci\u00f3 de cada activitat aix\u00ed com de la inscripci\u00f3 a les activitats la trobareu a la GUIA.<\/p>\n\n\n\n<figure class=\"wp-block-image size-full\"><a href=\"https:\/\/agora.xtec.cat\/ceippladedalt\/wp-content\/uploads\/usu2126\/2026\/04\/images.jpg\"><img loading=\"lazy\" decoding=\"async\" width=\"201\" height=\"251\" src=\"https:\/\/agora.xtec.cat\/ceippladedalt\/wp-content\/uploads\/usu2126\/2026\/04\/images.jpg\" alt=\"\" class=\"wp-image-23719\"\/><\/a><\/figure>\n","protected":false},"excerpt":{"rendered":"<p>Arriba la Guia Activa l\u2019Estiu 2026 amb una gran varietat de propostes<\/p>\n<p>La Guia Activa l\u2019Estiu recull totes les propostes per a infants i joves organitzades pels ajuntaments de la Garrotxa i per empreses i entitats privades.&nbsp;A finals d\u2019aquest mes d\u2019abril s\u2019obre el per\u00edode d\u2019inscripcions per&hellip;  <a href=\"https:\/\/agora.xtec.cat\/ceippladedalt\/cursos\/i3\/guia-activa-lestiu-2026\/\" title=\"Read GUIA ACTIVA L&#8217;ESTIU 2026\">Llegeix m\u00e9s\u00bb<\/a><\/p>\n","protected":false},"author":1,"featured_media":23719,"comment_status":"open","ping_status":"open","sticky":false,"template":"","format":"standard","meta":{"_bbp_topic_count":0,"_bbp_reply_count":0,"_bbp_total_topic_count":0,"_bbp_total_reply_count":0,"_bbp_voice_count":0,"_bbp_anonymous_reply_count":0,"_bbp_topic_count_hidden":0,"_bbp_reply_count_hidden":0,"_bbp_forum_subforum_count":0,"footnotes":""},"categories":[10,11,12,13,14,15,3,8,65,4],"tags":[],"class_list":["post-23717","post","type-post","status-publish","format-standard","has-post-thumbnail","hentry","category-1r","category-2n","category-3r","category-4t","category-5e","category-6e","category-i3","category-i4","category-i5","category-portada"],"post_mailing_queue_ids":[],"_links":{"self":[{"href":"https:\/\/agora.xtec.cat\/ceippladedalt\/wp-json\/wp\/v2\/posts\/23717","targetHints":{"allow":["GET"]}}],"collection":[{"href":"https:\/\/agora.xtec.cat\/ceippladedalt\/wp-json\/wp\/v2\/posts"}],"about":[{"href":"https:\/\/agora.xtec.cat\/ceippladedalt\/wp-json\/wp\/v2\/types\/post"}],"author":[{"embeddable":true,"href":"https:\/\/agora.xtec.cat\/ceippladedalt\/wp-json\/wp\/v2\/users\/1"}],"replies":[{"embeddable":true,"href":"https:\/\/agora.xtec.cat\/ceippladedalt\/wp-json\/wp\/v2\/comments?post=23717"}],"version-history":[{"count":2,"href":"https:\/\/agora.xtec.cat\/ceippladedalt\/wp-json\/wp\/v2\/posts\/23717\/revisions"}],"predecessor-version":[{"id":23720,"href":"https:\/\/agora.xtec.cat\/ceippladedalt\/wp-json\/wp\/v2\/posts\/23717\/revisions\/23720"}],"wp:featuredmedia":[{"embeddable":true,"href":"https:\/\/agora.xtec.cat\/ceippladedalt\/wp-json\/wp\/v2\/media\/23719"}],"wp:attachment":[{"href":"https:\/\/agora.xtec.cat\/ceippladedalt\/wp-json\/wp\/v2\/media?parent=23717"}],"wp:term":[{"taxonomy":"category","embeddable":true,"href":"https:\/\/agora.xtec.cat\/ceippladedalt\/wp-json\/wp\/v2\/categories?post=23717"},{"taxonomy":"post_tag","embeddable":true,"href":"https:\/\/agora.xtec.cat\/ceippladedalt\/wp-json\/wp\/v2\/tags?post=23717"}],"curies":[{"name":"wp","href":"https:\/\/api.w.org\/{rel}","templated":true}]}}