{"id":23709,"date":"2026-04-06T20:50:13","date_gmt":"2026-04-06T18:50:13","guid":{"rendered":"https:\/\/agora.xtec.cat\/ceippladedalt\/?p=23709"},"modified":"2026-04-06T20:50:14","modified_gmt":"2026-04-06T18:50:14","slug":"abelles-i-pasqua","status":"publish","type":"post","link":"https:\/\/agora.xtec.cat\/ceippladedalt\/cursos\/i3\/abelles-i-pasqua\/","title":{"rendered":"ABELLES I PASQUA"},"content":{"rendered":"\n<figure class=\"wp-block-image\"><img decoding=\"async\" src=\"https:\/\/agora.xtec.cat\/ceippladedalt\/wp-content\/uploads\/usu2126\/2026\/04\/ABELLES-1024x574.jpg\" alt=\"\" \/><\/figure>\n\n\n\n<p>Els Patufets i les Ratetes hem apr\u00e8s molt de la Situaci\u00f3 d&#8217;Aprenentage de Les Abelles,  ja podeu veure totes les fotos del treball a classe i de la sortida ! Tamb\u00e9  ens ho vam passar molt b\u00e9 celebrant la pasqua! <\/p>\n","protected":false},"excerpt":{"rendered":"<p>Els Patufets i les Ratetes hem apr\u00e8s molt de la Situaci\u00f3 d&#8217;Aprenentage de Les Abelles,  ja podeu veure totes les fotos del treball a classe i de la sortida ! Tamb\u00e9  ens ho vam passar molt b\u00e9 celebrant la pasqua! <\/p>\n","protected":false},"author":91,"featured_media":23710,"comment_status":"open","ping_status":"open","sticky":false,"template":"","format":"standard","meta":{"_bbp_topic_count":0,"_bbp_reply_count":0,"_bbp_total_topic_count":0,"_bbp_total_reply_count":0,"_bbp_voice_count":0,"_bbp_anonymous_reply_count":0,"_bbp_topic_count_hidden":0,"_bbp_reply_count_hidden":0,"_bbp_forum_subforum_count":0,"footnotes":""},"categories":[3],"tags":[],"class_list":["post-23709","post","type-post","status-publish","format-standard","has-post-thumbnail","hentry","category-i3"],"post_mailing_queue_ids":[],"_links":{"self":[{"href":"https:\/\/agora.xtec.cat\/ceippladedalt\/wp-json\/wp\/v2\/posts\/23709","targetHints":{"allow":["GET"]}}],"collection":[{"href":"https:\/\/agora.xtec.cat\/ceippladedalt\/wp-json\/wp\/v2\/posts"}],"about":[{"href":"https:\/\/agora.xtec.cat\/ceippladedalt\/wp-json\/wp\/v2\/types\/post"}],"author":[{"embeddable":true,"href":"https:\/\/agora.xtec.cat\/ceippladedalt\/wp-json\/wp\/v2\/users\/91"}],"replies":[{"embeddable":true,"href":"https:\/\/agora.xtec.cat\/ceippladedalt\/wp-json\/wp\/v2\/comments?post=23709"}],"version-history":[{"count":1,"href":"https:\/\/agora.xtec.cat\/ceippladedalt\/wp-json\/wp\/v2\/posts\/23709\/revisions"}],"predecessor-version":[{"id":23711,"href":"https:\/\/agora.xtec.cat\/ceippladedalt\/wp-json\/wp\/v2\/posts\/23709\/revisions\/23711"}],"wp:featuredmedia":[{"embeddable":true,"href":"https:\/\/agora.xtec.cat\/ceippladedalt\/wp-json\/wp\/v2\/media\/23710"}],"wp:attachment":[{"href":"https:\/\/agora.xtec.cat\/ceippladedalt\/wp-json\/wp\/v2\/media?parent=23709"}],"wp:term":[{"taxonomy":"category","embeddable":true,"href":"https:\/\/agora.xtec.cat\/ceippladedalt\/wp-json\/wp\/v2\/categories?post=23709"},{"taxonomy":"post_tag","embeddable":true,"href":"https:\/\/agora.xtec.cat\/ceippladedalt\/wp-json\/wp\/v2\/tags?post=23709"}],"curies":[{"name":"wp","href":"https:\/\/api.w.org\/{rel}","templated":true}]}}