{"id":2369,"date":"2021-06-16T10:40:45","date_gmt":"2021-06-16T08:40:45","guid":{"rendered":"https:\/\/agora.xtec.cat\/ceippladedalt\/?p=2369"},"modified":"2021-06-16T10:40:45","modified_gmt":"2021-06-16T08:40:45","slug":"a-lestiu-tota-biblio-viu","status":"publish","type":"post","link":"https:\/\/agora.xtec.cat\/ceippladedalt\/portada\/a-lestiu-tota-biblio-viu\/","title":{"rendered":"A L&#8217;ESTIU TOTA BIBLIO VIU!"},"content":{"rendered":"<p>Aquest estiu a la sala infantil de la biblioteca d&#8217;Olot tenen una proposta per als infants de<b>\u00a09 a 12 anys<\/b>\u00a0(que hagin finalitzat\u00a0<b>3r, 4t, 5\u00e8 o 6\u00e8 de prim\u00e0ria<\/b>).<\/p>\n<p>Es tracta de\u00a0<b><i>A l&#8217;estiu tota biblio viu!<\/i><\/b>, un quadern d&#8217;estiu amb activitats relacionades amb la lectura. Cada infant que acabi el quadern rebr\u00e0 un obsequi i participar\u00e0 al sorteig d&#8217;un lot de llibres.<\/p>\n<p>Els quaderns es podran recollir a la biblioteca a partir del<b>\u00a023 de juny<\/b>\u00a0fins que s&#8217;acabin (les unitats s\u00f3n limitades).<\/p>\n<p>Durant tot l&#8217;estiu a la sala infantil hi haur\u00e0 un expositor amb els llibres necessaris per fer les activitats del quadern, els infants poden fer el quadern a casa o venir a la biblioteca.<\/p>\n<p><em><strong>Animeu-vos!\u00a0<\/strong><\/em><\/p>\n<p><a href=\"https:\/\/agora.xtec.cat\/ceippladedalt\/wp-content\/uploads\/usu2126\/2021\/06\/CARTELL-Biblio-estiu.pdf\">CARTELL DE A L&#8217;ESTIU TOTA BIBLIO VIU!<\/a><\/p>\n","protected":false},"excerpt":{"rendered":"<p>Aquest estiu a la sala infantil de la biblioteca d&#8217;Olot tenen una proposta per als infants de\u00a09 a 12 anys\u00a0(que hagin finalitzat\u00a03r, 4t, 5\u00e8 o 6\u00e8 de prim\u00e0ria).<br \/>\nEs tracta de\u00a0A l&#8217;estiu tota biblio viu!, un quadern d&#8217;estiu amb activitats relacionades amb la lectura. Cada infant&hellip;  <a href=\"https:\/\/agora.xtec.cat\/ceippladedalt\/portada\/a-lestiu-tota-biblio-viu\/\" title=\"Read A L&#8217;ESTIU TOTA BIBLIO VIU!\">Llegeix m\u00e9s\u00bb<\/a><\/p>\n","protected":false},"author":1,"featured_media":2371,"comment_status":"open","ping_status":"closed","sticky":false,"template":"","format":"standard","meta":{"_bbp_topic_count":0,"_bbp_reply_count":0,"_bbp_total_topic_count":0,"_bbp_total_reply_count":0,"_bbp_voice_count":0,"_bbp_anonymous_reply_count":0,"_bbp_topic_count_hidden":0,"_bbp_reply_count_hidden":0,"_bbp_forum_subforum_count":0,"footnotes":""},"categories":[68,4],"tags":[],"class_list":["post-2369","post","type-post","status-publish","format-standard","has-post-thumbnail","hentry","category-biblioteca","category-portada"],"post_mailing_queue_ids":[],"_links":{"self":[{"href":"https:\/\/agora.xtec.cat\/ceippladedalt\/wp-json\/wp\/v2\/posts\/2369","targetHints":{"allow":["GET"]}}],"collection":[{"href":"https:\/\/agora.xtec.cat\/ceippladedalt\/wp-json\/wp\/v2\/posts"}],"about":[{"href":"https:\/\/agora.xtec.cat\/ceippladedalt\/wp-json\/wp\/v2\/types\/post"}],"author":[{"embeddable":true,"href":"https:\/\/agora.xtec.cat\/ceippladedalt\/wp-json\/wp\/v2\/users\/1"}],"replies":[{"embeddable":true,"href":"https:\/\/agora.xtec.cat\/ceippladedalt\/wp-json\/wp\/v2\/comments?post=2369"}],"version-history":[{"count":1,"href":"https:\/\/agora.xtec.cat\/ceippladedalt\/wp-json\/wp\/v2\/posts\/2369\/revisions"}],"predecessor-version":[{"id":2372,"href":"https:\/\/agora.xtec.cat\/ceippladedalt\/wp-json\/wp\/v2\/posts\/2369\/revisions\/2372"}],"wp:featuredmedia":[{"embeddable":true,"href":"https:\/\/agora.xtec.cat\/ceippladedalt\/wp-json\/wp\/v2\/media\/2371"}],"wp:attachment":[{"href":"https:\/\/agora.xtec.cat\/ceippladedalt\/wp-json\/wp\/v2\/media?parent=2369"}],"wp:term":[{"taxonomy":"category","embeddable":true,"href":"https:\/\/agora.xtec.cat\/ceippladedalt\/wp-json\/wp\/v2\/categories?post=2369"},{"taxonomy":"post_tag","embeddable":true,"href":"https:\/\/agora.xtec.cat\/ceippladedalt\/wp-json\/wp\/v2\/tags?post=2369"}],"curies":[{"name":"wp","href":"https:\/\/api.w.org\/{rel}","templated":true}]}}