{"id":23672,"date":"2026-02-24T09:52:15","date_gmt":"2026-02-24T08:52:15","guid":{"rendered":"https:\/\/agora.xtec.cat\/ceippladedalt\/?p=23672"},"modified":"2026-02-24T09:54:27","modified_gmt":"2026-02-24T08:54:27","slug":"preinscripcio-1r-eso-del-6-al-18-de-marc","status":"publish","type":"post","link":"https:\/\/agora.xtec.cat\/ceippladedalt\/portada\/preinscripcio-1r-eso-del-6-al-18-de-marc\/","title":{"rendered":"PREINSCRIPCI\u00d3 1R ESO del 6 al 18 de mar\u00e7"},"content":{"rendered":"\n<p class=\"has-medium-font-size\"><strong>REUNI\u00d3 DE FAM\u00cdLIES DE 6\u00c8<\/strong><\/p>\n\n\n\n<p>L&#8217;alumnat de 6\u00e8 s&#8217;ha de preinscriure a 1r d&#8217;ESO del 6 al 18 de mar\u00e7. Per aquesta ra\u00f3, ahir va tenir lloc una reuni\u00f3 informativa per a les fam\u00edlies de 6\u00e8 on la <strong>inspectora Sra. Merc\u00e8 Juanola, <\/strong>va explicar la normativa, els barems i diverses informacions relacionades amb la preinscripci\u00f3 de l&#8217;alumnat de 6\u00e8 a secund\u00e0ria.<\/p>\n\n\n\n<p><strong>Us deixem la <a href=\"https:\/\/drive.google.com\/file\/d\/1GlNXpp9WG9nIe75XEai1xorGBMBxCRIt\/view?usp=sharing\">presentaci\u00f3 <\/a>de la reuni\u00f3.<\/strong><\/p>\n\n\n\n<p>Tamb\u00e9 informar-vos a l&#8217;<a href=\"https:\/\/oloteducacio.cat\/secundaria-obligatoria-12-16\/inscripcions-secundaria\/preinscripcio-per-al-proper-curs\/\">IME d&#8217;Olot<\/a> trobareu tota la informaci\u00f3 relativa al proc\u00e9s de preinscripci\u00f3 a 1r d&#8217;ESO. Tamb\u00e9 us podeu adre\u00e7ar a l&#8217;institut de refer\u00e8ncia que trieu en primera opci\u00f3. <\/p>\n\n\n\n<p><strong>Us deixem l&#8217;enlla\u00e7 de les diverses <a href=\"https:\/\/drive.google.com\/file\/d\/1vAPOOwScaqki34lupZohDEBANZS-cuet\/view?usp=sharing\">REUNIONS INFORMATIVES <\/a>que tindran lloc a diversos centres secund\u00e0ria de la ciutat.<\/strong><\/p>\n\n\n\n\n\n<p>M\u00e9s informaci\u00f3: <a href=\"https:\/\/preinscripcio.gencat.cat\/ca\/estudis\/eso\/inici\/\">PREINSCRIPCI\u00d3 SECUND\u00c0RIA CURS 2026-27<\/a><\/p>\n\n\n\n<figure class=\"wp-block-image size-full\"><a href=\"https:\/\/agora.xtec.cat\/ceippladedalt\/wp-content\/uploads\/usu2126\/2026\/02\/preinscripcio-2026-2027-760x428-1.png\"><img loading=\"lazy\" decoding=\"async\" width=\"760\" height=\"428\" src=\"https:\/\/agora.xtec.cat\/ceippladedalt\/wp-content\/uploads\/usu2126\/2026\/02\/preinscripcio-2026-2027-760x428-1.png\" alt=\"\" class=\"wp-image-23676\" srcset=\"https:\/\/agora.xtec.cat\/ceippladedalt\/wp-content\/uploads\/usu2126\/2026\/02\/preinscripcio-2026-2027-760x428-1.png 760w, https:\/\/agora.xtec.cat\/ceippladedalt\/wp-content\/uploads\/usu2126\/2026\/02\/preinscripcio-2026-2027-760x428-1-300x169.png 300w\" sizes=\"auto, (max-width: 760px) 100vw, 760px\" \/><\/a><\/figure>\n","protected":false},"excerpt":{"rendered":"<p>REUNI\u00d3 DE FAM\u00cdLIES DE 6\u00c8<\/p>\n<p>L&#8217;alumnat de 6\u00e8 s&#8217;ha de preinscriure a 1r d&#8217;ESO del 6 al 18 de mar\u00e7. Per aquesta ra\u00f3, ahir va tenir lloc una reuni\u00f3 informativa per a les fam\u00edlies de 6\u00e8 on la inspectora Sra. Merc\u00e8 Juanola, va explicar la normativa,&hellip;  <a href=\"https:\/\/agora.xtec.cat\/ceippladedalt\/portada\/preinscripcio-1r-eso-del-6-al-18-de-marc\/\" title=\"Read PREINSCRIPCI\u00d3 1R ESO del 6 al 18 de mar\u00e7\">Llegeix m\u00e9s\u00bb<\/a><\/p>\n","protected":false},"author":1,"featured_media":23677,"comment_status":"open","ping_status":"open","sticky":false,"template":"","format":"standard","meta":{"_bbp_topic_count":0,"_bbp_reply_count":0,"_bbp_total_topic_count":0,"_bbp_total_reply_count":0,"_bbp_voice_count":0,"_bbp_anonymous_reply_count":0,"_bbp_topic_count_hidden":0,"_bbp_reply_count_hidden":0,"_bbp_forum_subforum_count":0,"footnotes":""},"categories":[15,4],"tags":[],"class_list":["post-23672","post","type-post","status-publish","format-standard","has-post-thumbnail","hentry","category-6e","category-portada"],"post_mailing_queue_ids":[],"_links":{"self":[{"href":"https:\/\/agora.xtec.cat\/ceippladedalt\/wp-json\/wp\/v2\/posts\/23672","targetHints":{"allow":["GET"]}}],"collection":[{"href":"https:\/\/agora.xtec.cat\/ceippladedalt\/wp-json\/wp\/v2\/posts"}],"about":[{"href":"https:\/\/agora.xtec.cat\/ceippladedalt\/wp-json\/wp\/v2\/types\/post"}],"author":[{"embeddable":true,"href":"https:\/\/agora.xtec.cat\/ceippladedalt\/wp-json\/wp\/v2\/users\/1"}],"replies":[{"embeddable":true,"href":"https:\/\/agora.xtec.cat\/ceippladedalt\/wp-json\/wp\/v2\/comments?post=23672"}],"version-history":[{"count":3,"href":"https:\/\/agora.xtec.cat\/ceippladedalt\/wp-json\/wp\/v2\/posts\/23672\/revisions"}],"predecessor-version":[{"id":23680,"href":"https:\/\/agora.xtec.cat\/ceippladedalt\/wp-json\/wp\/v2\/posts\/23672\/revisions\/23680"}],"wp:featuredmedia":[{"embeddable":true,"href":"https:\/\/agora.xtec.cat\/ceippladedalt\/wp-json\/wp\/v2\/media\/23677"}],"wp:attachment":[{"href":"https:\/\/agora.xtec.cat\/ceippladedalt\/wp-json\/wp\/v2\/media?parent=23672"}],"wp:term":[{"taxonomy":"category","embeddable":true,"href":"https:\/\/agora.xtec.cat\/ceippladedalt\/wp-json\/wp\/v2\/categories?post=23672"},{"taxonomy":"post_tag","embeddable":true,"href":"https:\/\/agora.xtec.cat\/ceippladedalt\/wp-json\/wp\/v2\/tags?post=23672"}],"curies":[{"name":"wp","href":"https:\/\/api.w.org\/{rel}","templated":true}]}}