{"id":23654,"date":"2026-02-19T17:29:34","date_gmt":"2026-02-19T16:29:34","guid":{"rendered":"https:\/\/agora.xtec.cat\/ceippladedalt\/?p=23654"},"modified":"2026-02-19T17:29:35","modified_gmt":"2026-02-19T16:29:35","slug":"concurs-de-dibuix-de-les-jjcc","status":"publish","type":"post","link":"https:\/\/agora.xtec.cat\/ceippladedalt\/portada\/concurs-de-dibuix-de-les-jjcc\/","title":{"rendered":"CONCURS DE DIBUIX DE LES JJCC"},"content":{"rendered":"\n<p><strong>CONCURS DE DIBUIX DE LES JORNADES CULTURALS 2026<\/strong><\/p>\n\n\n\n<p>Cada any organitzem un concurs de dibuix per les jornades culturals de l&#8217;escola. L&#8217;alumnat de cicle inicial, cicle mitj\u00e0 i cicle superior participa en tres categories per escollir el dibuix del tr\u00edptic de les jornades, de la contraportada de la revista i de la pancarta de les jornades, respectivament.<\/p>\n\n\n\n<p>Les jornades culturals les dediquem a Anton\u00ed Gaud\u00ed, per aix\u00f2, volem felicitar i recon\u00e8ixer de tot cor l\u2019esfor\u00e7, la dedicaci\u00f3 i la il\u00b7lusi\u00f3 de tot l\u2019alumnat de prim\u00e0ria que ha participat en el concurs de dibuix.<\/p>\n\n\n\n<p>Cada un dels treballs presentats reflecteix no nom\u00e9s la creativitat i el talent dels nostres infants, sin\u00f3 tamb\u00e9 la seva capacitat d\u2019observar, interpretar i fer seva l\u2019obra d\u2019un artista tan universal. Tots els dibuixos s\u00f3n bonics, originals i plens de detall; cadascun t\u00e9 un valor especial i \u00fanic que els fa mereixedors d\u2019elogi.<\/p>\n\n\n\n<p>El jurat ho ha tingut realment dif\u00edcil a l\u2019hora de deliberar i escollir els representants, perqu\u00e8 la qualitat de les propostes ha estat molt alta. <\/p>\n\n\n\n<p>Ens sentim molt orgullosos de tots i totes. <\/p>\n\n\n\n<figure class=\"wp-block-image size-large\"><a href=\"https:\/\/agora.xtec.cat\/ceippladedalt\/wp-content\/uploads\/usu2126\/2026\/02\/IMG_9164.jpg\"><img loading=\"lazy\" decoding=\"async\" width=\"1024\" height=\"768\" src=\"https:\/\/agora.xtec.cat\/ceippladedalt\/wp-content\/uploads\/usu2126\/2026\/02\/IMG_9164-1024x768.jpg\" alt=\"\" class=\"wp-image-23655\" srcset=\"https:\/\/agora.xtec.cat\/ceippladedalt\/wp-content\/uploads\/usu2126\/2026\/02\/IMG_9164-1024x768.jpg 1024w, https:\/\/agora.xtec.cat\/ceippladedalt\/wp-content\/uploads\/usu2126\/2026\/02\/IMG_9164-300x225.jpg 300w, https:\/\/agora.xtec.cat\/ceippladedalt\/wp-content\/uploads\/usu2126\/2026\/02\/IMG_9164-768x576.jpg 768w, https:\/\/agora.xtec.cat\/ceippladedalt\/wp-content\/uploads\/usu2126\/2026\/02\/IMG_9164-1536x1152.jpg 1536w, https:\/\/agora.xtec.cat\/ceippladedalt\/wp-content\/uploads\/usu2126\/2026\/02\/IMG_9164-200x150.jpg 200w, https:\/\/agora.xtec.cat\/ceippladedalt\/wp-content\/uploads\/usu2126\/2026\/02\/IMG_9164.jpg 2016w\" sizes=\"auto, (max-width: 1024px) 100vw, 1024px\" \/><\/a><\/figure>\n\n\n\n<p>Volem felicitar especialment a <strong>l&#8217;Arlet <\/strong>(cicle inicial), a la <strong>Martina <\/strong>(cicle mitj\u00e0) i en <strong>Gael <\/strong>(cicle superior) com a guanyadores i guanyador de les tres categories. Enhorabona!!<\/p>\n\n\n\n<figure class=\"wp-block-image size-full is-resized\"><a href=\"https:\/\/agora.xtec.cat\/ceippladedalt\/wp-content\/uploads\/usu2126\/2026\/02\/FA8F555C-DB79-43B8-8FC3-C8B87B1550C6.jpg\"><img loading=\"lazy\" decoding=\"async\" width=\"308\" height=\"308\" src=\"https:\/\/agora.xtec.cat\/ceippladedalt\/wp-content\/uploads\/usu2126\/2026\/02\/FA8F555C-DB79-43B8-8FC3-C8B87B1550C6.jpg\" alt=\"\" class=\"wp-image-23656\" style=\"width:309px;height:auto\" srcset=\"https:\/\/agora.xtec.cat\/ceippladedalt\/wp-content\/uploads\/usu2126\/2026\/02\/FA8F555C-DB79-43B8-8FC3-C8B87B1550C6.jpg 308w, https:\/\/agora.xtec.cat\/ceippladedalt\/wp-content\/uploads\/usu2126\/2026\/02\/FA8F555C-DB79-43B8-8FC3-C8B87B1550C6-300x300.jpg 300w, https:\/\/agora.xtec.cat\/ceippladedalt\/wp-content\/uploads\/usu2126\/2026\/02\/FA8F555C-DB79-43B8-8FC3-C8B87B1550C6-150x150.jpg 150w\" sizes=\"auto, (max-width: 308px) 100vw, 308px\" \/><\/a><\/figure>\n\n\n\n<p class=\"has-text-align-center has-medium-font-size\">Gr\u00e0cies per la vostra participaci\u00f3 <\/p>\n\n\n\n<p class=\"has-text-align-center has-medium-font-size\">i per omplir l\u2019escola <\/p>\n\n\n\n<p class=\"has-text-align-center has-medium-font-size\">d\u2019art, color i inspiraci\u00f3!<\/p>\n\n\n\n<p><\/p>\n","protected":false},"excerpt":{"rendered":"<p>CONCURS DE DIBUIX DE LES JORNADES CULTURALS 2026<\/p>\n<p>Cada any organitzem un concurs de dibuix per les jornades culturals de l&#8217;escola. L&#8217;alumnat de cicle inicial, cicle mitj\u00e0 i cicle superior participa en tres categories per escollir el dibuix del tr\u00edptic de les jornades, de la contraportada&hellip;  <a href=\"https:\/\/agora.xtec.cat\/ceippladedalt\/portada\/concurs-de-dibuix-de-les-jjcc\/\" title=\"Read CONCURS DE DIBUIX DE LES JJCC\">Llegeix m\u00e9s\u00bb<\/a><\/p>\n","protected":false},"author":1,"featured_media":23655,"comment_status":"open","ping_status":"open","sticky":false,"template":"","format":"standard","meta":{"_bbp_topic_count":0,"_bbp_reply_count":0,"_bbp_total_topic_count":0,"_bbp_total_reply_count":0,"_bbp_voice_count":0,"_bbp_anonymous_reply_count":0,"_bbp_topic_count_hidden":0,"_bbp_reply_count_hidden":0,"_bbp_forum_subforum_count":0,"footnotes":""},"categories":[4],"tags":[],"class_list":["post-23654","post","type-post","status-publish","format-standard","has-post-thumbnail","hentry","category-portada"],"post_mailing_queue_ids":[],"_links":{"self":[{"href":"https:\/\/agora.xtec.cat\/ceippladedalt\/wp-json\/wp\/v2\/posts\/23654","targetHints":{"allow":["GET"]}}],"collection":[{"href":"https:\/\/agora.xtec.cat\/ceippladedalt\/wp-json\/wp\/v2\/posts"}],"about":[{"href":"https:\/\/agora.xtec.cat\/ceippladedalt\/wp-json\/wp\/v2\/types\/post"}],"author":[{"embeddable":true,"href":"https:\/\/agora.xtec.cat\/ceippladedalt\/wp-json\/wp\/v2\/users\/1"}],"replies":[{"embeddable":true,"href":"https:\/\/agora.xtec.cat\/ceippladedalt\/wp-json\/wp\/v2\/comments?post=23654"}],"version-history":[{"count":1,"href":"https:\/\/agora.xtec.cat\/ceippladedalt\/wp-json\/wp\/v2\/posts\/23654\/revisions"}],"predecessor-version":[{"id":23657,"href":"https:\/\/agora.xtec.cat\/ceippladedalt\/wp-json\/wp\/v2\/posts\/23654\/revisions\/23657"}],"wp:featuredmedia":[{"embeddable":true,"href":"https:\/\/agora.xtec.cat\/ceippladedalt\/wp-json\/wp\/v2\/media\/23655"}],"wp:attachment":[{"href":"https:\/\/agora.xtec.cat\/ceippladedalt\/wp-json\/wp\/v2\/media?parent=23654"}],"wp:term":[{"taxonomy":"category","embeddable":true,"href":"https:\/\/agora.xtec.cat\/ceippladedalt\/wp-json\/wp\/v2\/categories?post=23654"},{"taxonomy":"post_tag","embeddable":true,"href":"https:\/\/agora.xtec.cat\/ceippladedalt\/wp-json\/wp\/v2\/tags?post=23654"}],"curies":[{"name":"wp","href":"https:\/\/api.w.org\/{rel}","templated":true}]}}