{"id":23641,"date":"2026-02-11T16:59:47","date_gmt":"2026-02-11T15:59:47","guid":{"rendered":"https:\/\/agora.xtec.cat\/ceippladedalt\/?p=23641"},"modified":"2026-02-11T17:06:44","modified_gmt":"2026-02-11T16:06:44","slug":"xxx-jornades-culturals-i-carnaval","status":"publish","type":"post","link":"https:\/\/agora.xtec.cat\/ceippladedalt\/portada\/xxx-jornades-culturals-i-carnaval\/","title":{"rendered":"XXX JORNADES CULTURALS I CARNAVAL"},"content":{"rendered":"\n<p class=\"has-text-align-center\"><strong>JORNADES CULTURALS I CARNAVAL &#8220;ANY GAUD\u00cd&#8221;<\/strong><\/p>\n\n\n\n<p>Les XXX Jornades Culturals de l&#8217;escola les dedicarem a Anton\u00ed Gaud\u00ed en el seu centenari. Farem un munt d&#8217;activitats i tallers que faran un recorregut per la vida i l&#8217;obra d&#8217;aquest arquitecte tan reconegut.<\/p>\n\n\n\n<p>Coneixerem les seves obres m\u00e9s emblem\u00e0tiques, la seva manera de treballar, els materials amb qu\u00e8 treballava, en qu\u00e8 s&#8217;inspirava i, tamb\u00e9, el moviment art\u00edstic conegut com a Modernisme.<\/p>\n\n\n\n<p>Us deixem el tr\u00edptic de les jornades culturals i el carnestoltes de l&#8217;escola:<\/p>\n\n\n\n<figure class=\"wp-block-image size-large\"><a href=\"https:\/\/agora.xtec.cat\/ceippladedalt\/wp-content\/uploads\/usu2126\/2026\/02\/B1C0C1B0-8FE5-4AAD-8675-4071710EFF25.jpeg\"><img loading=\"lazy\" decoding=\"async\" width=\"768\" height=\"1024\" src=\"https:\/\/agora.xtec.cat\/ceippladedalt\/wp-content\/uploads\/usu2126\/2026\/02\/B1C0C1B0-8FE5-4AAD-8675-4071710EFF25-768x1024.jpeg\" alt=\"\" class=\"wp-image-23642\" srcset=\"https:\/\/agora.xtec.cat\/ceippladedalt\/wp-content\/uploads\/usu2126\/2026\/02\/B1C0C1B0-8FE5-4AAD-8675-4071710EFF25-768x1024.jpeg 768w, https:\/\/agora.xtec.cat\/ceippladedalt\/wp-content\/uploads\/usu2126\/2026\/02\/B1C0C1B0-8FE5-4AAD-8675-4071710EFF25-225x300.jpeg 225w, https:\/\/agora.xtec.cat\/ceippladedalt\/wp-content\/uploads\/usu2126\/2026\/02\/B1C0C1B0-8FE5-4AAD-8675-4071710EFF25-1152x1536.jpeg 1152w, https:\/\/agora.xtec.cat\/ceippladedalt\/wp-content\/uploads\/usu2126\/2026\/02\/B1C0C1B0-8FE5-4AAD-8675-4071710EFF25.jpeg 1500w\" sizes=\"auto, (max-width: 768px) 100vw, 768px\" \/><\/a><\/figure>\n","protected":false},"excerpt":{"rendered":"<p>JORNADES CULTURALS I CARNAVAL &#8220;ANY GAUD\u00cd&#8221;<\/p>\n<p>Les XXX Jornades Culturals de l&#8217;escola les dedicarem a Anton\u00ed Gaud\u00ed en el seu centenari. Farem un munt d&#8217;activitats i tallers que faran un recorregut per la vida i l&#8217;obra d&#8217;aquest arquitecte tan reconegut.<\/p>\n<p>Coneixerem les seves obres m\u00e9s emblem\u00e0tiques, la&hellip;  <a href=\"https:\/\/agora.xtec.cat\/ceippladedalt\/portada\/xxx-jornades-culturals-i-carnaval\/\" title=\"Read XXX JORNADES CULTURALS I CARNAVAL\">Llegeix m\u00e9s\u00bb<\/a><\/p>\n","protected":false},"author":1,"featured_media":23644,"comment_status":"open","ping_status":"open","sticky":false,"template":"","format":"standard","meta":{"_bbp_topic_count":0,"_bbp_reply_count":0,"_bbp_total_topic_count":0,"_bbp_total_reply_count":0,"_bbp_voice_count":0,"_bbp_anonymous_reply_count":0,"_bbp_topic_count_hidden":0,"_bbp_reply_count_hidden":0,"_bbp_forum_subforum_count":0,"footnotes":""},"categories":[4],"tags":[],"class_list":["post-23641","post","type-post","status-publish","format-standard","has-post-thumbnail","hentry","category-portada"],"post_mailing_queue_ids":[],"_links":{"self":[{"href":"https:\/\/agora.xtec.cat\/ceippladedalt\/wp-json\/wp\/v2\/posts\/23641","targetHints":{"allow":["GET"]}}],"collection":[{"href":"https:\/\/agora.xtec.cat\/ceippladedalt\/wp-json\/wp\/v2\/posts"}],"about":[{"href":"https:\/\/agora.xtec.cat\/ceippladedalt\/wp-json\/wp\/v2\/types\/post"}],"author":[{"embeddable":true,"href":"https:\/\/agora.xtec.cat\/ceippladedalt\/wp-json\/wp\/v2\/users\/1"}],"replies":[{"embeddable":true,"href":"https:\/\/agora.xtec.cat\/ceippladedalt\/wp-json\/wp\/v2\/comments?post=23641"}],"version-history":[{"count":3,"href":"https:\/\/agora.xtec.cat\/ceippladedalt\/wp-json\/wp\/v2\/posts\/23641\/revisions"}],"predecessor-version":[{"id":23646,"href":"https:\/\/agora.xtec.cat\/ceippladedalt\/wp-json\/wp\/v2\/posts\/23641\/revisions\/23646"}],"wp:featuredmedia":[{"embeddable":true,"href":"https:\/\/agora.xtec.cat\/ceippladedalt\/wp-json\/wp\/v2\/media\/23644"}],"wp:attachment":[{"href":"https:\/\/agora.xtec.cat\/ceippladedalt\/wp-json\/wp\/v2\/media?parent=23641"}],"wp:term":[{"taxonomy":"category","embeddable":true,"href":"https:\/\/agora.xtec.cat\/ceippladedalt\/wp-json\/wp\/v2\/categories?post=23641"},{"taxonomy":"post_tag","embeddable":true,"href":"https:\/\/agora.xtec.cat\/ceippladedalt\/wp-json\/wp\/v2\/tags?post=23641"}],"curies":[{"name":"wp","href":"https:\/\/api.w.org\/{rel}","templated":true}]}}