{"id":23631,"date":"2026-02-06T10:57:50","date_gmt":"2026-02-06T09:57:50","guid":{"rendered":"https:\/\/agora.xtec.cat\/ceippladedalt\/?p=23631"},"modified":"2026-02-06T10:57:50","modified_gmt":"2026-02-06T09:57:50","slug":"xerrada-informativa-futurs-i3","status":"publish","type":"post","link":"https:\/\/agora.xtec.cat\/ceippladedalt\/portada\/xerrada-informativa-futurs-i3\/","title":{"rendered":"XERRADA INFORMATIVA FUTURS I3"},"content":{"rendered":"\n<p><strong>XERRADA INFORMATIVA DIRIGIDA A FAM\u00cdLIES DE FUTURS I3<\/strong><\/p>\n\n\n\n<p>El proper dilluns 9 de febrer, tindr\u00e0 lloc una xerrada informativa al Casal Mari\u00e0 per explicar el proc\u00e9s de preinscripci\u00f3 d&#8217;I3. Aquesta xerrada va especialment dirigida a fam\u00edlies de futurs I3.<\/p>\n\n\n\n<figure class=\"wp-block-image size-large\"><a href=\"https:\/\/agora.xtec.cat\/ceippladedalt\/wp-content\/uploads\/usu2126\/2026\/02\/xerrada-preinscripcio-1080x1920-1-scaled.jpg\"><img loading=\"lazy\" decoding=\"async\" width=\"576\" height=\"1024\" src=\"https:\/\/agora.xtec.cat\/ceippladedalt\/wp-content\/uploads\/usu2126\/2026\/02\/xerrada-preinscripcio-1080x1920-1-576x1024.jpg\" alt=\"\" class=\"wp-image-23632\" srcset=\"https:\/\/agora.xtec.cat\/ceippladedalt\/wp-content\/uploads\/usu2126\/2026\/02\/xerrada-preinscripcio-1080x1920-1-576x1024.jpg 576w, https:\/\/agora.xtec.cat\/ceippladedalt\/wp-content\/uploads\/usu2126\/2026\/02\/xerrada-preinscripcio-1080x1920-1-169x300.jpg 169w, https:\/\/agora.xtec.cat\/ceippladedalt\/wp-content\/uploads\/usu2126\/2026\/02\/xerrada-preinscripcio-1080x1920-1-768x1365.jpg 768w, https:\/\/agora.xtec.cat\/ceippladedalt\/wp-content\/uploads\/usu2126\/2026\/02\/xerrada-preinscripcio-1080x1920-1-864x1536.jpg 864w, https:\/\/agora.xtec.cat\/ceippladedalt\/wp-content\/uploads\/usu2126\/2026\/02\/xerrada-preinscripcio-1080x1920-1-1152x2048.jpg 1152w, https:\/\/agora.xtec.cat\/ceippladedalt\/wp-content\/uploads\/usu2126\/2026\/02\/xerrada-preinscripcio-1080x1920-1-scaled.jpg 1440w\" sizes=\"auto, (max-width: 576px) 100vw, 576px\" \/><\/a><\/figure>\n\n\n\n<p><\/p>\n","protected":false},"excerpt":{"rendered":"<p>XERRADA INFORMATIVA DIRIGIDA A FAM\u00cdLIES DE FUTURS I3<\/p>\n<p>El proper dilluns 9 de febrer, tindr\u00e0 lloc una xerrada informativa al Casal Mari\u00e0 per explicar el proc\u00e9s de preinscripci\u00f3 d&#8217;I3. Aquesta xerrada va especialment dirigida a fam\u00edlies de futurs I3.<\/p>\n<p><a href=\"https:\/\/agora.xtec.cat\/ceippladedalt\/wp-content\/uploads\/usu2126\/2026\/02\/xerrada-preinscripcio-1080x1920-1-scaled.jpg\"><\/a><\/p>\n","protected":false},"author":1,"featured_media":23632,"comment_status":"open","ping_status":"open","sticky":false,"template":"","format":"standard","meta":{"_bbp_topic_count":0,"_bbp_reply_count":0,"_bbp_total_topic_count":0,"_bbp_total_reply_count":0,"_bbp_voice_count":0,"_bbp_anonymous_reply_count":0,"_bbp_topic_count_hidden":0,"_bbp_reply_count_hidden":0,"_bbp_forum_subforum_count":0,"footnotes":""},"categories":[4],"tags":[],"class_list":["post-23631","post","type-post","status-publish","format-standard","has-post-thumbnail","hentry","category-portada"],"post_mailing_queue_ids":[],"_links":{"self":[{"href":"https:\/\/agora.xtec.cat\/ceippladedalt\/wp-json\/wp\/v2\/posts\/23631","targetHints":{"allow":["GET"]}}],"collection":[{"href":"https:\/\/agora.xtec.cat\/ceippladedalt\/wp-json\/wp\/v2\/posts"}],"about":[{"href":"https:\/\/agora.xtec.cat\/ceippladedalt\/wp-json\/wp\/v2\/types\/post"}],"author":[{"embeddable":true,"href":"https:\/\/agora.xtec.cat\/ceippladedalt\/wp-json\/wp\/v2\/users\/1"}],"replies":[{"embeddable":true,"href":"https:\/\/agora.xtec.cat\/ceippladedalt\/wp-json\/wp\/v2\/comments?post=23631"}],"version-history":[{"count":1,"href":"https:\/\/agora.xtec.cat\/ceippladedalt\/wp-json\/wp\/v2\/posts\/23631\/revisions"}],"predecessor-version":[{"id":23633,"href":"https:\/\/agora.xtec.cat\/ceippladedalt\/wp-json\/wp\/v2\/posts\/23631\/revisions\/23633"}],"wp:featuredmedia":[{"embeddable":true,"href":"https:\/\/agora.xtec.cat\/ceippladedalt\/wp-json\/wp\/v2\/media\/23632"}],"wp:attachment":[{"href":"https:\/\/agora.xtec.cat\/ceippladedalt\/wp-json\/wp\/v2\/media?parent=23631"}],"wp:term":[{"taxonomy":"category","embeddable":true,"href":"https:\/\/agora.xtec.cat\/ceippladedalt\/wp-json\/wp\/v2\/categories?post=23631"},{"taxonomy":"post_tag","embeddable":true,"href":"https:\/\/agora.xtec.cat\/ceippladedalt\/wp-json\/wp\/v2\/tags?post=23631"}],"curies":[{"name":"wp","href":"https:\/\/api.w.org\/{rel}","templated":true}]}}