{"id":23626,"date":"2026-02-10T19:04:38","date_gmt":"2026-02-10T18:04:38","guid":{"rendered":"https:\/\/agora.xtec.cat\/ceippladedalt\/?p=23626"},"modified":"2026-03-02T09:15:23","modified_gmt":"2026-03-02T08:15:23","slug":"calendari-de-preinscripcio-i-matricula-26-27","status":"publish","type":"post","link":"https:\/\/agora.xtec.cat\/ceippladedalt\/general\/calendari-de-preinscripcio-i-matricula-26-27\/","title":{"rendered":"CALENDARI DE PREINSCRIPCI\u00d3 I MATR\u00cdCULA 26\/27"},"content":{"rendered":"\n<p class=\"has-text-align-center has-medium-font-size\"><strong>CALENDARI DE PREINSCRIPCI\u00d3 I MATRICULACI\u00d3 2026-202<\/strong>7<\/p>\n\n\n\n<h3 class=\"wp-block-heading has-text-align-center\"><strong><a href=\"https:\/\/drive.google.com\/file\/d\/1zSJHNTxtj7YzV8oC_hl7I7r8Ir4QkWuM\/view?usp=sharing\" data-type=\"link\" data-id=\"https:\/\/drive.google.com\/file\/d\/1zSJHNTxtj7YzV8oC_hl7I7r8Ir4QkWuM\/view?usp=sharing\">RESOLUCI\u00d3 EDF\/293\/2026, de 6 de febrer<\/a><\/strong><\/h3>\n\n\n\n<p class=\"has-text-align-center\"><strong>Educaci\u00f3 infantil i prim\u00e0ria<\/strong><\/p>\n\n\n\n<p class=\"has-black-color has-text-color has-link-color wp-elements-75e8aa6b9782a66f0fe4ea04b7876a41\">Benvolgudes fam\u00edlies,<\/p>\n\n\n\n<p class=\"has-black-color has-text-color has-link-color wp-elements-10e60a1e8db65587b409a0bf60f0caf9\">Ja teniu informaci\u00f3 sobre la Preinscripci\u00f3 escolar al web&nbsp;<strong><a href=\"https:\/\/preinscripcio.gencat.cat\/ca\/inici\/\" target=\"_blank\" rel=\"noreferrer noopener\">preinscripcio.gencat.cat<\/a><\/strong>, que neix de la voluntat d\u2019acompanyar millor les fam\u00edlies durant el proc\u00e9s de preinscripci\u00f3 2026-2027 als ensenyaments obligatoris.<\/p>\n\n\n\n<p class=\"has-text-align-center\"><a href=\"https:\/\/preinscripcio.gencat.cat\/ca\/estudis\/infantil-3-6\/preinscriute\/sollicitud\/\"><strong>SOL\u00b7LICITUD DE PREINSCRIPCI\u00d3 D&#8217;EDUCACI\u00d3 INFANTIL (3-6 ANYS)<\/strong><\/a><\/p>\n\n\n\n<p class=\"has-text-align-center\"><strong><a href=\"https:\/\/preinscripcio.gencat.cat\/ca\/estudis\/primaria\/preinscriute\/sollicitud\/\">SOL\u00b7LICITUD DE PREINSCRIPCI\u00d3 D&#8217;EDUCACI\u00d3 PRIM\u00c0RIA (6-12 ANYS)<\/a><\/strong><\/p>\n\n\n\n<p><strong>CALENDARI<\/strong><\/p>\n\n\n\n<figure class=\"wp-block-table\"><table><tbody><tr><td><strong>Publicaci\u00f3 de l\u2018oferta inicial<\/strong><\/td><td><strong>3 mar\u00e7<\/strong><\/td><\/tr><tr><td><strong>Presentaci\u00f3 de&nbsp;sol\u00b7licituds<\/strong><\/td><td><strong>Del 4 al 18 de mar\u00e7<\/strong><\/td><\/tr><tr><td><strong>Presentaci\u00f3 de documentaci\u00f3<\/strong><\/td><td><strong>19 de mar\u00e7<\/strong><\/td><\/tr><tr><td><strong>Publicaci\u00f3 de la&nbsp;llista de sol\u00b7licituds amb la&nbsp;puntuaci\u00f3 provisional <\/strong><\/td><td><strong>15 d\u2019abril<\/strong><\/td><\/tr><tr><td><strong>Presentaci\u00f3 de reclamacions a la llista amb la puntuaci\u00f3 provisional<\/strong><\/td><td><strong>Del 15 al 20 d\u2019abril<\/strong><\/td><\/tr><tr><td><strong>Gesti\u00f3 de reclamacions<\/strong><\/td><td><strong>Del 15 al 20 d\u2019abril<\/strong><\/td><\/tr><tr><td><strong>Publicaci\u00f3 de la&nbsp;llista amb la puntuaci\u00f3 definitiva, un cop resoltes de les reclamacions<\/strong><\/td><td><strong>23 d&#8217;abril<\/strong><\/td><\/tr><tr><td><strong>Sorteig del n\u00famero per al desempat<\/strong><\/td><td><strong>28 d&#8217;abril<\/strong><\/td><\/tr><tr><td><strong>Publicaci\u00f3 de les&nbsp;llistes ordenades definitives<\/strong><\/td><td><strong>29 d&#8217;abril<\/strong><\/td><\/tr><tr><td><strong>Ampliaci\u00f3 de petici\u00f3 de centres per alumnes NEE B les sol\u00b7licituds que no han obtingut cap assignaci\u00f3<\/strong><\/td><td><strong>21 i 22 de maig<\/strong><\/td><\/tr><tr><td><strong>Ampliaci\u00f3 de petici\u00f3 de centres per alumnes ordinaris les sol\u00b7licituds que no han obtingut cap assignaci\u00f3<\/strong><\/td><td><strong>Del 13 al 14 maig (NESE)<br>1 al 3 de juny (Ordinaris)<\/strong><\/td><\/tr><tr><td><strong>Publicaci\u00f3 de l<\/strong>\u2019<strong>oferta final<\/strong><\/td><td><strong>10 juny<\/strong><\/td><\/tr><tr><td><strong>Publicaci\u00f3 llista&nbsp; alumnes preinscrits,&nbsp;llista d\u2019alumnes assignats<\/strong>&nbsp;i la&nbsp;<strong>llista d\u2019espera<\/strong><\/td><td><strong>10 juny<\/strong><\/td><\/tr><tr><td><strong>Per\u00edode de matriculaci\u00f3<\/strong><\/td><td><strong>Del 22 al 30 de juny<\/strong><\/td><\/tr><\/tbody><\/table><\/figure>\n\n\n\n<p><strong>Per\u00edode de reclamaci\u00f3 sobre l\u2019assignaci\u00f3 de pla\u00e7a del proc\u00e9s de preinscripci\u00f3 pel curs 26-27, nom\u00e9s els dies 10, 11 i 12 de juny.<\/strong>&nbsp;Us facilitem el seg\u00fcent enlla\u00e7 per poder entrar la reclamaci\u00f3 de manera telem\u00e0tica (tamb\u00e9 us podeu adre\u00e7ar a l\u2019OME).<\/p>\n\n\n\n<p><strong>Enlla\u00e7 al formulari de reclamaci\u00f3<\/strong>: <a href=\"https:\/\/educacio.gencat.cat\/ca\/tramits\/tramits-temes\/reclamacions-assignacions-preinscripcio-obligatoris?moda=1\">https:\/\/educacio.gencat.cat\/ca\/tramit<\/a><\/p>\n","protected":false},"excerpt":{"rendered":"<p>CALENDARI DE PREINSCRIPCI\u00d3 I MATRICULACI\u00d3 2026-2027<\/p>\n<p><a href=\"https:\/\/drive.google.com\/file\/d\/1zSJHNTxtj7YzV8oC_hl7I7r8Ir4QkWuM\/view?usp=sharing\" data-type=\"link\" data-id=\"https:\/\/drive.google.com\/file\/d\/1zSJHNTxtj7YzV8oC_hl7I7r8Ir4QkWuM\/view?usp=sharing\">RESOLUCI\u00d3 EDF\/293\/2026, de 6 de febrer<\/a><\/p>\n<p>Educaci\u00f3 infantil i prim\u00e0ria<\/p>\n<p>Benvolgudes fam\u00edlies,<\/p>\n<p>Ja teniu informaci\u00f3 sobre la Preinscripci\u00f3 escolar al web&nbsp;<a href=\"https:\/\/preinscripcio.gencat.cat\/ca\/inici\/\" target=\"_blank\" rel=\"noreferrer noopener\">preinscripcio.gencat.cat<\/a>, que neix de la voluntat d\u2019acompanyar millor les fam\u00edlies durant el proc\u00e9s de preinscripci\u00f3 2026-2027&hellip;  <a href=\"https:\/\/agora.xtec.cat\/ceippladedalt\/general\/calendari-de-preinscripcio-i-matricula-26-27\/\" title=\"Read CALENDARI DE PREINSCRIPCI\u00d3 I MATR\u00cdCULA 26\/27\">Llegeix m\u00e9s\u00bb<\/a><\/p>\n","protected":false},"author":1,"featured_media":23629,"comment_status":"open","ping_status":"open","sticky":false,"template":"","format":"standard","meta":{"_bbp_topic_count":0,"_bbp_reply_count":0,"_bbp_total_topic_count":0,"_bbp_total_reply_count":0,"_bbp_voice_count":0,"_bbp_anonymous_reply_count":0,"_bbp_topic_count_hidden":0,"_bbp_reply_count_hidden":0,"_bbp_forum_subforum_count":0,"footnotes":""},"categories":[1,4],"tags":[],"class_list":["post-23626","post","type-post","status-publish","format-standard","has-post-thumbnail","hentry","category-general","category-portada"],"post_mailing_queue_ids":[],"_links":{"self":[{"href":"https:\/\/agora.xtec.cat\/ceippladedalt\/wp-json\/wp\/v2\/posts\/23626","targetHints":{"allow":["GET"]}}],"collection":[{"href":"https:\/\/agora.xtec.cat\/ceippladedalt\/wp-json\/wp\/v2\/posts"}],"about":[{"href":"https:\/\/agora.xtec.cat\/ceippladedalt\/wp-json\/wp\/v2\/types\/post"}],"author":[{"embeddable":true,"href":"https:\/\/agora.xtec.cat\/ceippladedalt\/wp-json\/wp\/v2\/users\/1"}],"replies":[{"embeddable":true,"href":"https:\/\/agora.xtec.cat\/ceippladedalt\/wp-json\/wp\/v2\/comments?post=23626"}],"version-history":[{"count":6,"href":"https:\/\/agora.xtec.cat\/ceippladedalt\/wp-json\/wp\/v2\/posts\/23626\/revisions"}],"predecessor-version":[{"id":23681,"href":"https:\/\/agora.xtec.cat\/ceippladedalt\/wp-json\/wp\/v2\/posts\/23626\/revisions\/23681"}],"wp:featuredmedia":[{"embeddable":true,"href":"https:\/\/agora.xtec.cat\/ceippladedalt\/wp-json\/wp\/v2\/media\/23629"}],"wp:attachment":[{"href":"https:\/\/agora.xtec.cat\/ceippladedalt\/wp-json\/wp\/v2\/media?parent=23626"}],"wp:term":[{"taxonomy":"category","embeddable":true,"href":"https:\/\/agora.xtec.cat\/ceippladedalt\/wp-json\/wp\/v2\/categories?post=23626"},{"taxonomy":"post_tag","embeddable":true,"href":"https:\/\/agora.xtec.cat\/ceippladedalt\/wp-json\/wp\/v2\/tags?post=23626"}],"curies":[{"name":"wp","href":"https:\/\/api.w.org\/{rel}","templated":true}]}}