{"id":23614,"date":"2026-02-02T12:31:30","date_gmt":"2026-02-02T11:31:30","guid":{"rendered":"https:\/\/agora.xtec.cat\/ceippladedalt\/?p=23614"},"modified":"2026-02-02T12:31:31","modified_gmt":"2026-02-02T11:31:31","slug":"denip-2026","status":"publish","type":"post","link":"https:\/\/agora.xtec.cat\/ceippladedalt\/portada\/denip-2026\/","title":{"rendered":"DENIP 2026"},"content":{"rendered":"\n<p><strong>DIA ESCOLAR PER LA NO VIOL\u00c8NCIA I LA PAU<\/strong><\/p>\n\n\n\n<p>Avui 30 de gener, tenim la oportunitat per a pensar en com podem fer un m\u00f3n m\u00e9s just i pac\u00edfic. Aquest dia ens recorda que la pau no nom\u00e9s vol dir acabar amb els conflictes, sin\u00f3 tamb\u00e9 eliminar la discriminaci\u00f3 i la viol\u00e8ncia en totes les seves formes.<\/p>\n\n\n\n<p>Aquestes setmanes tota l&#8217;escola hem treballat unes din\u00e0miques per detectar les viol\u00e8ncies i hem treballat la can\u00e7\u00f3 l&#8217;Escola que volem del grup musical Xiula, que ens parla de comprometre&#8217;ns amb el m\u00f3n on vivim; d&#8217;aprendre a relacionar-nos des del respecte i l&#8217;estima; a conviure amb la frustraci\u00f3 i la impaci\u00e8ncia i cultivar l&#8217;estima cap a les coses tal com son i tal com les vivim.<\/p>\n\n\n\n<p>Tota forma de viol\u00e8ncia -f\u00edsica, verbal, relacional, discriminat\u00f2ria o digital- fa mal i no t\u00e9 m\u00e9s lloc a la nostra escola.<\/p>\n\n\n\n<p>Volem una escola on totes les persones ens tractem b\u00e9, ens sentim segures i felices.<\/p>\n\n\n\n<p>Per tot aix\u00f2, ens comprometem a ajudar-nos, a parlar amb calma, a respectar-nos i tenir cura els uns dels altres.<\/p>\n\n\n\n<figure class=\"wp-block-image size-large\"><a href=\"https:\/\/agora.xtec.cat\/ceippladedalt\/wp-content\/uploads\/usu2126\/2026\/02\/96A9FDB0-17BA-489A-9F2B-58A88E5656EF.jpeg\"><img loading=\"lazy\" decoding=\"async\" width=\"1024\" height=\"768\" src=\"https:\/\/agora.xtec.cat\/ceippladedalt\/wp-content\/uploads\/usu2126\/2026\/02\/96A9FDB0-17BA-489A-9F2B-58A88E5656EF-1024x768.jpeg\" alt=\"\" class=\"wp-image-23615\" srcset=\"https:\/\/agora.xtec.cat\/ceippladedalt\/wp-content\/uploads\/usu2126\/2026\/02\/96A9FDB0-17BA-489A-9F2B-58A88E5656EF-1024x768.jpeg 1024w, https:\/\/agora.xtec.cat\/ceippladedalt\/wp-content\/uploads\/usu2126\/2026\/02\/96A9FDB0-17BA-489A-9F2B-58A88E5656EF-300x225.jpeg 300w, https:\/\/agora.xtec.cat\/ceippladedalt\/wp-content\/uploads\/usu2126\/2026\/02\/96A9FDB0-17BA-489A-9F2B-58A88E5656EF-768x576.jpeg 768w, https:\/\/agora.xtec.cat\/ceippladedalt\/wp-content\/uploads\/usu2126\/2026\/02\/96A9FDB0-17BA-489A-9F2B-58A88E5656EF-1536x1152.jpeg 1536w, https:\/\/agora.xtec.cat\/ceippladedalt\/wp-content\/uploads\/usu2126\/2026\/02\/96A9FDB0-17BA-489A-9F2B-58A88E5656EF-200x150.jpeg 200w, https:\/\/agora.xtec.cat\/ceippladedalt\/wp-content\/uploads\/usu2126\/2026\/02\/96A9FDB0-17BA-489A-9F2B-58A88E5656EF.jpeg 2000w\" sizes=\"auto, (max-width: 1024px) 100vw, 1024px\" \/><\/a><\/figure>\n\n\n","protected":false},"excerpt":{"rendered":"<p>DIA ESCOLAR PER LA NO VIOL\u00c8NCIA I LA PAU<\/p>\n<p>Avui 30 de gener, tenim la oportunitat per a pensar en com podem fer un m\u00f3n m\u00e9s just i pac\u00edfic. Aquest dia ens recorda que la pau no nom\u00e9s vol dir acabar amb els conflictes, sin\u00f3 tamb\u00e9&hellip;  <a href=\"https:\/\/agora.xtec.cat\/ceippladedalt\/portada\/denip-2026\/\" title=\"Read DENIP 2026\">Llegeix m\u00e9s\u00bb<\/a><\/p>\n","protected":false},"author":1,"featured_media":23615,"comment_status":"open","ping_status":"open","sticky":false,"template":"","format":"standard","meta":{"_bbp_topic_count":0,"_bbp_reply_count":0,"_bbp_total_topic_count":0,"_bbp_total_reply_count":0,"_bbp_voice_count":0,"_bbp_anonymous_reply_count":0,"_bbp_topic_count_hidden":0,"_bbp_reply_count_hidden":0,"_bbp_forum_subforum_count":0,"footnotes":""},"categories":[4],"tags":[],"class_list":["post-23614","post","type-post","status-publish","format-standard","has-post-thumbnail","hentry","category-portada"],"post_mailing_queue_ids":[],"_links":{"self":[{"href":"https:\/\/agora.xtec.cat\/ceippladedalt\/wp-json\/wp\/v2\/posts\/23614","targetHints":{"allow":["GET"]}}],"collection":[{"href":"https:\/\/agora.xtec.cat\/ceippladedalt\/wp-json\/wp\/v2\/posts"}],"about":[{"href":"https:\/\/agora.xtec.cat\/ceippladedalt\/wp-json\/wp\/v2\/types\/post"}],"author":[{"embeddable":true,"href":"https:\/\/agora.xtec.cat\/ceippladedalt\/wp-json\/wp\/v2\/users\/1"}],"replies":[{"embeddable":true,"href":"https:\/\/agora.xtec.cat\/ceippladedalt\/wp-json\/wp\/v2\/comments?post=23614"}],"version-history":[{"count":1,"href":"https:\/\/agora.xtec.cat\/ceippladedalt\/wp-json\/wp\/v2\/posts\/23614\/revisions"}],"predecessor-version":[{"id":23616,"href":"https:\/\/agora.xtec.cat\/ceippladedalt\/wp-json\/wp\/v2\/posts\/23614\/revisions\/23616"}],"wp:featuredmedia":[{"embeddable":true,"href":"https:\/\/agora.xtec.cat\/ceippladedalt\/wp-json\/wp\/v2\/media\/23615"}],"wp:attachment":[{"href":"https:\/\/agora.xtec.cat\/ceippladedalt\/wp-json\/wp\/v2\/media?parent=23614"}],"wp:term":[{"taxonomy":"category","embeddable":true,"href":"https:\/\/agora.xtec.cat\/ceippladedalt\/wp-json\/wp\/v2\/categories?post=23614"},{"taxonomy":"post_tag","embeddable":true,"href":"https:\/\/agora.xtec.cat\/ceippladedalt\/wp-json\/wp\/v2\/tags?post=23614"}],"curies":[{"name":"wp","href":"https:\/\/api.w.org\/{rel}","templated":true}]}}