{"id":23604,"date":"2026-01-28T22:57:37","date_gmt":"2026-01-28T21:57:37","guid":{"rendered":"https:\/\/agora.xtec.cat\/ceippladedalt\/?p=23604"},"modified":"2026-01-28T23:08:42","modified_gmt":"2026-01-28T22:08:42","slug":"preinscripcio-curs-2026-2027","status":"publish","type":"post","link":"https:\/\/agora.xtec.cat\/ceippladedalt\/general\/preinscripcio-curs-2026-2027\/","title":{"rendered":"PREINSCRIPCI\u00d3 CURS 2026-2027"},"content":{"rendered":"\n<p><strong>PREINSCRIPCI\u00d3 CURS 2026-2027 I JORNADA DE PORTES OBERTES<\/strong><\/p>\n\n\n\n<p><strong>A punt per comen\u00e7ar!<\/strong><\/p>\n\n\n\n<p>Informaci\u00f3 sobre la&nbsp;<strong><a href=\"https:\/\/preinscripcio.gencat.cat\/ca\/inici\/\">preinscripci\u00f3 escolar 2026-2027<\/a><\/strong>.<\/p>\n\n\n\n<p>Si has de preinscriure el teu fill o filla a educaci\u00f3 infantil (3-6), prim\u00e0ria o secund\u00e0ria obligat\u00f2ria, t\u2019avancem algunes dates, entre les quals destaquem les de<strong>&nbsp;presentaci\u00f3 de sol\u00b7licituds<\/strong>:<\/p>\n\n\n\n<p>Educaci\u00f3 infantil (3-6 anys) i educaci\u00f3 prim\u00e0ria del <strong>4 al 18 de mar\u00e7 de 2026<\/strong><\/p>\n\n\n\n<p>Educaci\u00f3 secund\u00e0ria obligat\u00f2ria del <strong>6 al 18 de mar\u00e7 de 2026<\/strong><\/p>\n\n\n\n<figure class=\"wp-block-image size-large\"><a href=\"https:\/\/agora.xtec.cat\/ceippladedalt\/wp-content\/uploads\/usu2126\/2026\/01\/35475712-DFD9-4689-9EF2-715EAE64F5FD-scaled.jpeg\"><img loading=\"lazy\" decoding=\"async\" width=\"1024\" height=\"249\" src=\"https:\/\/agora.xtec.cat\/ceippladedalt\/wp-content\/uploads\/usu2126\/2026\/01\/35475712-DFD9-4689-9EF2-715EAE64F5FD-1024x249.jpeg\" alt=\"\" class=\"wp-image-23606\" srcset=\"https:\/\/agora.xtec.cat\/ceippladedalt\/wp-content\/uploads\/usu2126\/2026\/01\/35475712-DFD9-4689-9EF2-715EAE64F5FD-1024x249.jpeg 1024w, https:\/\/agora.xtec.cat\/ceippladedalt\/wp-content\/uploads\/usu2126\/2026\/01\/35475712-DFD9-4689-9EF2-715EAE64F5FD-300x73.jpeg 300w, https:\/\/agora.xtec.cat\/ceippladedalt\/wp-content\/uploads\/usu2126\/2026\/01\/35475712-DFD9-4689-9EF2-715EAE64F5FD-768x187.jpeg 768w, https:\/\/agora.xtec.cat\/ceippladedalt\/wp-content\/uploads\/usu2126\/2026\/01\/35475712-DFD9-4689-9EF2-715EAE64F5FD-1536x374.jpeg 1536w, https:\/\/agora.xtec.cat\/ceippladedalt\/wp-content\/uploads\/usu2126\/2026\/01\/35475712-DFD9-4689-9EF2-715EAE64F5FD-2048x499.jpeg 2048w\" sizes=\"auto, (max-width: 1024px) 100vw, 1024px\" \/><\/a><\/figure>\n\n\n\n<p><strong>El dissabte 28 de febrer a les 10h farem una JORNADA DE PORTES OBERTES i REUNI\u00d3 INFORMATIVA per grups. Si no pogu\u00e9ssiu assistir podeu trucar 972261044 i concertar una visita personalitzada.<\/strong><\/p>\n\n\n\n<h5 class=\"wp-block-heading has-text-align-center\"><strong>Cal omplir el&nbsp;<a href=\"https:\/\/docs.google.com\/forms\/d\/e\/1FAIpQLSd52zpqnMBsfxjmXS3SrnH-eBRWrl6rmnq9Tm1QMnfby-v_sg\/viewform?usp=sf_link\">formulari<\/a>&nbsp;d\u2019inscripci\u00f3 a les portes obertes.&nbsp;<\/strong><\/h5>\n\n\n\n<p class=\"has-text-align-center\"><strong>Us hi esperem!<\/strong><\/p>\n\n\n\n<figure class=\"wp-block-image size-large\"><a href=\"https:\/\/agora.xtec.cat\/ceippladedalt\/wp-content\/uploads\/usu2126\/2026\/01\/0A525022-EC29-4BFA-A224-DE5A64C7F20C-1-scaled.jpeg\"><img loading=\"lazy\" decoding=\"async\" width=\"1024\" height=\"341\" src=\"https:\/\/agora.xtec.cat\/ceippladedalt\/wp-content\/uploads\/usu2126\/2026\/01\/0A525022-EC29-4BFA-A224-DE5A64C7F20C-1-1024x341.jpeg\" alt=\"\" class=\"wp-image-23600\" srcset=\"https:\/\/agora.xtec.cat\/ceippladedalt\/wp-content\/uploads\/usu2126\/2026\/01\/0A525022-EC29-4BFA-A224-DE5A64C7F20C-1-1024x341.jpeg 1024w, https:\/\/agora.xtec.cat\/ceippladedalt\/wp-content\/uploads\/usu2126\/2026\/01\/0A525022-EC29-4BFA-A224-DE5A64C7F20C-1-300x100.jpeg 300w, https:\/\/agora.xtec.cat\/ceippladedalt\/wp-content\/uploads\/usu2126\/2026\/01\/0A525022-EC29-4BFA-A224-DE5A64C7F20C-1-768x256.jpeg 768w, https:\/\/agora.xtec.cat\/ceippladedalt\/wp-content\/uploads\/usu2126\/2026\/01\/0A525022-EC29-4BFA-A224-DE5A64C7F20C-1-1536x512.jpeg 1536w, https:\/\/agora.xtec.cat\/ceippladedalt\/wp-content\/uploads\/usu2126\/2026\/01\/0A525022-EC29-4BFA-A224-DE5A64C7F20C-1-2048x683.jpeg 2048w\" sizes=\"auto, (max-width: 1024px) 100vw, 1024px\" \/><\/a><\/figure>\n","protected":false},"excerpt":{"rendered":"<p>PREINSCRIPCI\u00d3 CURS 2026-2027 I JORNADA DE PORTES OBERTES<\/p>\n<p>A punt per comen\u00e7ar!<\/p>\n<p>Informaci\u00f3 sobre la&nbsp;<a href=\"https:\/\/preinscripcio.gencat.cat\/ca\/inici\/\">preinscripci\u00f3 escolar 2026-2027<\/a>.<\/p>\n<p>Si has de preinscriure el teu fill o filla a educaci\u00f3 infantil (3-6), prim\u00e0ria o secund\u00e0ria obligat\u00f2ria, t\u2019avancem algunes dates, entre les quals destaquem les de&nbsp;presentaci\u00f3 de sol\u00b7licituds:<\/p>\n<p>Educaci\u00f3 infantil (3-6&hellip;  <a href=\"https:\/\/agora.xtec.cat\/ceippladedalt\/general\/preinscripcio-curs-2026-2027\/\" title=\"Read PREINSCRIPCI\u00d3 CURS 2026-2027\">Llegeix m\u00e9s\u00bb<\/a><\/p>\n","protected":false},"author":1,"featured_media":23609,"comment_status":"open","ping_status":"open","sticky":false,"template":"","format":"standard","meta":{"_bbp_topic_count":0,"_bbp_reply_count":0,"_bbp_total_topic_count":0,"_bbp_total_reply_count":0,"_bbp_voice_count":0,"_bbp_anonymous_reply_count":0,"_bbp_topic_count_hidden":0,"_bbp_reply_count_hidden":0,"_bbp_forum_subforum_count":0,"footnotes":""},"categories":[1,4],"tags":[],"class_list":["post-23604","post","type-post","status-publish","format-standard","has-post-thumbnail","hentry","category-general","category-portada"],"post_mailing_queue_ids":[],"_links":{"self":[{"href":"https:\/\/agora.xtec.cat\/ceippladedalt\/wp-json\/wp\/v2\/posts\/23604","targetHints":{"allow":["GET"]}}],"collection":[{"href":"https:\/\/agora.xtec.cat\/ceippladedalt\/wp-json\/wp\/v2\/posts"}],"about":[{"href":"https:\/\/agora.xtec.cat\/ceippladedalt\/wp-json\/wp\/v2\/types\/post"}],"author":[{"embeddable":true,"href":"https:\/\/agora.xtec.cat\/ceippladedalt\/wp-json\/wp\/v2\/users\/1"}],"replies":[{"embeddable":true,"href":"https:\/\/agora.xtec.cat\/ceippladedalt\/wp-json\/wp\/v2\/comments?post=23604"}],"version-history":[{"count":6,"href":"https:\/\/agora.xtec.cat\/ceippladedalt\/wp-json\/wp\/v2\/posts\/23604\/revisions"}],"predecessor-version":[{"id":23613,"href":"https:\/\/agora.xtec.cat\/ceippladedalt\/wp-json\/wp\/v2\/posts\/23604\/revisions\/23613"}],"wp:featuredmedia":[{"embeddable":true,"href":"https:\/\/agora.xtec.cat\/ceippladedalt\/wp-json\/wp\/v2\/media\/23609"}],"wp:attachment":[{"href":"https:\/\/agora.xtec.cat\/ceippladedalt\/wp-json\/wp\/v2\/media?parent=23604"}],"wp:term":[{"taxonomy":"category","embeddable":true,"href":"https:\/\/agora.xtec.cat\/ceippladedalt\/wp-json\/wp\/v2\/categories?post=23604"},{"taxonomy":"post_tag","embeddable":true,"href":"https:\/\/agora.xtec.cat\/ceippladedalt\/wp-json\/wp\/v2\/tags?post=23604"}],"curies":[{"name":"wp","href":"https:\/\/api.w.org\/{rel}","templated":true}]}}