{"id":23597,"date":"2026-01-28T22:39:21","date_gmt":"2026-01-28T21:39:21","guid":{"rendered":"https:\/\/agora.xtec.cat\/ceippladedalt\/?p=23597"},"modified":"2026-01-28T22:39:42","modified_gmt":"2026-01-28T21:39:42","slug":"xerrades","status":"publish","type":"post","link":"https:\/\/agora.xtec.cat\/ceippladedalt\/cursos\/i3\/xerrades\/","title":{"rendered":"XERRADES"},"content":{"rendered":"\n<p><strong>XERRADES PER A FAM\u00cdLIES<\/strong><\/p>\n\n\n\n<p><strong>La lectura aporta<\/strong>\u00a0una \u00e0mplia gamma de\u00a0<strong>beneficis per al desenvolupament dels infants<\/strong>.\u00a0A m\u00e9s de\u00a0<strong>fomentar la lectura<\/strong>\u00a0a l\u2019escola,\u00a0fer-ho\u00a0<strong>a\u00a0casa<\/strong>, on l\u2019entorn familiar i l\u2019exposici\u00f3 al llenguatge s\u00f3n claus, contribuir\u00e0 significativament a augmentar l\u2019inter\u00e8s de l\u2019infant per la lectura.<\/p>\n\n\n\n<p><strong>Com introduir els infants en la lectura i ajudar-los a ser bons lectors? <\/strong><\/p>\n\n\n\n<p>Dues xerrades a c\u00e0rrec d&#8217;<strong>\u00c0gata Losantos<\/strong>. <\/p>\n\n\n\n<p><strong>No us les perdeu!!<\/strong><\/p>\n\n\n\n<figure class=\"wp-block-image size-large\"><a href=\"https:\/\/agora.xtec.cat\/ceippladedalt\/wp-content\/uploads\/usu2126\/2026\/01\/F7269D08-F5C9-413C-A35F-86054A60FB73-scaled.jpeg\"><img loading=\"lazy\" decoding=\"async\" width=\"1024\" height=\"683\" src=\"https:\/\/agora.xtec.cat\/ceippladedalt\/wp-content\/uploads\/usu2126\/2026\/01\/F7269D08-F5C9-413C-A35F-86054A60FB73-1024x683.jpeg\" alt=\"\" class=\"wp-image-23581\" srcset=\"https:\/\/agora.xtec.cat\/ceippladedalt\/wp-content\/uploads\/usu2126\/2026\/01\/F7269D08-F5C9-413C-A35F-86054A60FB73-1024x683.jpeg 1024w, https:\/\/agora.xtec.cat\/ceippladedalt\/wp-content\/uploads\/usu2126\/2026\/01\/F7269D08-F5C9-413C-A35F-86054A60FB73-300x200.jpeg 300w, https:\/\/agora.xtec.cat\/ceippladedalt\/wp-content\/uploads\/usu2126\/2026\/01\/F7269D08-F5C9-413C-A35F-86054A60FB73-768x512.jpeg 768w, https:\/\/agora.xtec.cat\/ceippladedalt\/wp-content\/uploads\/usu2126\/2026\/01\/F7269D08-F5C9-413C-A35F-86054A60FB73-1536x1024.jpeg 1536w, https:\/\/agora.xtec.cat\/ceippladedalt\/wp-content\/uploads\/usu2126\/2026\/01\/F7269D08-F5C9-413C-A35F-86054A60FB73-2048x1365.jpeg 2048w\" sizes=\"auto, (max-width: 1024px) 100vw, 1024px\" \/><\/a><\/figure>\n","protected":false},"excerpt":{"rendered":"<p>XERRADES PER A FAM\u00cdLIES<\/p>\n<p>La lectura aporta\u00a0una \u00e0mplia gamma de\u00a0beneficis per al desenvolupament dels infants.\u00a0A m\u00e9s de\u00a0fomentar la lectura\u00a0a l\u2019escola,\u00a0fer-ho\u00a0a\u00a0casa, on l\u2019entorn familiar i l\u2019exposici\u00f3 al llenguatge s\u00f3n claus, contribuir\u00e0 significativament a augmentar l\u2019inter\u00e8s de l\u2019infant per la lectura.<\/p>\n<p>Com introduir els infants en la lectura i&hellip;  <a href=\"https:\/\/agora.xtec.cat\/ceippladedalt\/cursos\/i3\/xerrades\/\" title=\"Read XERRADES\">Llegeix m\u00e9s\u00bb<\/a><\/p>\n","protected":false},"author":1,"featured_media":23581,"comment_status":"open","ping_status":"open","sticky":false,"template":"","format":"standard","meta":{"_bbp_topic_count":0,"_bbp_reply_count":0,"_bbp_total_topic_count":0,"_bbp_total_reply_count":0,"_bbp_voice_count":0,"_bbp_anonymous_reply_count":0,"_bbp_topic_count_hidden":0,"_bbp_reply_count_hidden":0,"_bbp_forum_subforum_count":0,"footnotes":""},"categories":[10,11,12,13,14,15,3,8,65,4],"tags":[],"class_list":["post-23597","post","type-post","status-publish","format-standard","has-post-thumbnail","hentry","category-1r","category-2n","category-3r","category-4t","category-5e","category-6e","category-i3","category-i4","category-i5","category-portada"],"post_mailing_queue_ids":[],"_links":{"self":[{"href":"https:\/\/agora.xtec.cat\/ceippladedalt\/wp-json\/wp\/v2\/posts\/23597","targetHints":{"allow":["GET"]}}],"collection":[{"href":"https:\/\/agora.xtec.cat\/ceippladedalt\/wp-json\/wp\/v2\/posts"}],"about":[{"href":"https:\/\/agora.xtec.cat\/ceippladedalt\/wp-json\/wp\/v2\/types\/post"}],"author":[{"embeddable":true,"href":"https:\/\/agora.xtec.cat\/ceippladedalt\/wp-json\/wp\/v2\/users\/1"}],"replies":[{"embeddable":true,"href":"https:\/\/agora.xtec.cat\/ceippladedalt\/wp-json\/wp\/v2\/comments?post=23597"}],"version-history":[{"count":1,"href":"https:\/\/agora.xtec.cat\/ceippladedalt\/wp-json\/wp\/v2\/posts\/23597\/revisions"}],"predecessor-version":[{"id":23598,"href":"https:\/\/agora.xtec.cat\/ceippladedalt\/wp-json\/wp\/v2\/posts\/23597\/revisions\/23598"}],"wp:featuredmedia":[{"embeddable":true,"href":"https:\/\/agora.xtec.cat\/ceippladedalt\/wp-json\/wp\/v2\/media\/23581"}],"wp:attachment":[{"href":"https:\/\/agora.xtec.cat\/ceippladedalt\/wp-json\/wp\/v2\/media?parent=23597"}],"wp:term":[{"taxonomy":"category","embeddable":true,"href":"https:\/\/agora.xtec.cat\/ceippladedalt\/wp-json\/wp\/v2\/categories?post=23597"},{"taxonomy":"post_tag","embeddable":true,"href":"https:\/\/agora.xtec.cat\/ceippladedalt\/wp-json\/wp\/v2\/tags?post=23597"}],"curies":[{"name":"wp","href":"https:\/\/api.w.org\/{rel}","templated":true}]}}