{"id":23592,"date":"2026-01-27T12:08:55","date_gmt":"2026-01-27T11:08:55","guid":{"rendered":"https:\/\/agora.xtec.cat\/ceippladedalt\/?p=23592"},"modified":"2026-01-27T12:13:23","modified_gmt":"2026-01-27T11:13:23","slug":"cinema-infantil-en-catala","status":"publish","type":"post","link":"https:\/\/agora.xtec.cat\/ceippladedalt\/portada\/cinema-infantil-en-catala\/","title":{"rendered":"CINEMA INFANTIL EN CATAL\u00c0"},"content":{"rendered":"\n<p class=\"has-medium-font-size\">CINEMA INFANTIL EN CATAL\u00c0<\/p>\n\n\n\n<p>Ja est\u00e0 en marxa un nou cicle CINC. El primer cap de setmana de projecci\u00f3 de les pel\u00b7l\u00edcules \u00e9s el del&nbsp;<strong>21 i 22 de febrer<\/strong>. Us enviem informaci\u00f3 del&nbsp;<a href=\"https:\/\/www.gencat.cat\/llengua\/cinema\/cinc.html\" target=\"_blank\" rel=\"noreferrer noopener\">cicle de cinema infantil en catal\u00e0&nbsp;<\/a>(CINC) per si fos del vostre inter\u00e8s. <\/p>\n\n\n\n<figure class=\"wp-block-image size-large\"><a href=\"https:\/\/agora.xtec.cat\/ceippladedalt\/wp-content\/uploads\/usu2126\/2026\/01\/IMG_8863.jpg\"><img loading=\"lazy\" decoding=\"async\" width=\"718\" height=\"1024\" src=\"https:\/\/agora.xtec.cat\/ceippladedalt\/wp-content\/uploads\/usu2126\/2026\/01\/IMG_8863-718x1024.jpg\" alt=\"\" class=\"wp-image-23594\" srcset=\"https:\/\/agora.xtec.cat\/ceippladedalt\/wp-content\/uploads\/usu2126\/2026\/01\/IMG_8863-718x1024.jpg 718w, https:\/\/agora.xtec.cat\/ceippladedalt\/wp-content\/uploads\/usu2126\/2026\/01\/IMG_8863-210x300.jpg 210w, https:\/\/agora.xtec.cat\/ceippladedalt\/wp-content\/uploads\/usu2126\/2026\/01\/IMG_8863-768x1095.jpg 768w, https:\/\/agora.xtec.cat\/ceippladedalt\/wp-content\/uploads\/usu2126\/2026\/01\/IMG_8863.jpg 898w\" sizes=\"auto, (max-width: 718px) 100vw, 718px\" \/><\/a><\/figure>\n","protected":false},"excerpt":{"rendered":"<p>CINEMA INFANTIL EN CATAL\u00c0<\/p>\n<p>Ja est\u00e0 en marxa un nou cicle CINC. El primer cap de setmana de projecci\u00f3 de les pel\u00b7l\u00edcules \u00e9s el del&nbsp;21 i 22 de febrer. Us enviem informaci\u00f3 del&nbsp;<a href=\"https:\/\/www.gencat.cat\/llengua\/cinema\/cinc.html\" target=\"_blank\" rel=\"noreferrer noopener\">cicle de cinema infantil en catal\u00e0&nbsp;<\/a>(CINC) per si fos del&hellip;  <a href=\"https:\/\/agora.xtec.cat\/ceippladedalt\/portada\/cinema-infantil-en-catala\/\" title=\"Read CINEMA INFANTIL EN CATAL\u00c0\">Llegeix m\u00e9s\u00bb<\/a><\/p>\n","protected":false},"author":1,"featured_media":23594,"comment_status":"open","ping_status":"open","sticky":false,"template":"","format":"standard","meta":{"_bbp_topic_count":0,"_bbp_reply_count":0,"_bbp_total_topic_count":0,"_bbp_total_reply_count":0,"_bbp_voice_count":0,"_bbp_anonymous_reply_count":0,"_bbp_topic_count_hidden":0,"_bbp_reply_count_hidden":0,"_bbp_forum_subforum_count":0,"footnotes":""},"categories":[4],"tags":[],"class_list":["post-23592","post","type-post","status-publish","format-standard","has-post-thumbnail","hentry","category-portada"],"post_mailing_queue_ids":[],"_links":{"self":[{"href":"https:\/\/agora.xtec.cat\/ceippladedalt\/wp-json\/wp\/v2\/posts\/23592","targetHints":{"allow":["GET"]}}],"collection":[{"href":"https:\/\/agora.xtec.cat\/ceippladedalt\/wp-json\/wp\/v2\/posts"}],"about":[{"href":"https:\/\/agora.xtec.cat\/ceippladedalt\/wp-json\/wp\/v2\/types\/post"}],"author":[{"embeddable":true,"href":"https:\/\/agora.xtec.cat\/ceippladedalt\/wp-json\/wp\/v2\/users\/1"}],"replies":[{"embeddable":true,"href":"https:\/\/agora.xtec.cat\/ceippladedalt\/wp-json\/wp\/v2\/comments?post=23592"}],"version-history":[{"count":3,"href":"https:\/\/agora.xtec.cat\/ceippladedalt\/wp-json\/wp\/v2\/posts\/23592\/revisions"}],"predecessor-version":[{"id":23596,"href":"https:\/\/agora.xtec.cat\/ceippladedalt\/wp-json\/wp\/v2\/posts\/23592\/revisions\/23596"}],"wp:featuredmedia":[{"embeddable":true,"href":"https:\/\/agora.xtec.cat\/ceippladedalt\/wp-json\/wp\/v2\/media\/23594"}],"wp:attachment":[{"href":"https:\/\/agora.xtec.cat\/ceippladedalt\/wp-json\/wp\/v2\/media?parent=23592"}],"wp:term":[{"taxonomy":"category","embeddable":true,"href":"https:\/\/agora.xtec.cat\/ceippladedalt\/wp-json\/wp\/v2\/categories?post=23592"},{"taxonomy":"post_tag","embeddable":true,"href":"https:\/\/agora.xtec.cat\/ceippladedalt\/wp-json\/wp\/v2\/tags?post=23592"}],"curies":[{"name":"wp","href":"https:\/\/api.w.org\/{rel}","templated":true}]}}