{"id":23573,"date":"2026-01-20T12:22:23","date_gmt":"2026-01-20T11:22:23","guid":{"rendered":"https:\/\/agora.xtec.cat\/ceippladedalt\/?p=23573"},"modified":"2026-01-20T12:37:47","modified_gmt":"2026-01-20T11:37:47","slug":"dipsalut-capsules-en-linia","status":"publish","type":"post","link":"https:\/\/agora.xtec.cat\/ceippladedalt\/cursos\/i3\/dipsalut-capsules-en-linia\/","title":{"rendered":"DIPSALUT C\u00c0PSULES EN L\u00cdNIA"},"content":{"rendered":"\n<p class=\"has-medium-font-size\"><strong>Dipsalut &#8211; C\u00e0psules en l\u00ednia<\/strong><\/p>\n\n\n\n<p>Benvolgudes fam\u00edlies,<\/p>\n\n\n\n<p>Des de Dipsalut, organisme de Salut P\u00fablica de la Diputaci\u00f3 de Girona, presentem les&nbsp;<strong>c\u00e0psules en l\u00ednia<\/strong>&nbsp;<strong>per aquest segon trimestre del curs<\/strong>.<\/p>\n\n\n\n<p>Aquesta activitat s\u2019organitza des del&nbsp;<a href=\"https:\/\/families.dipsalut.cat\/ca\/capsules-gener-febrer-marc.html\" target=\"_blank\" rel=\"noreferrer noopener\"><strong>Programa per a fam\u00edlies<\/strong><\/a>&nbsp;i va dirigida a pare si mares amb fills i filles escolaritzats a prim\u00e0ria i secund\u00e0ria.<\/p>\n\n\n\n<p><strong>Agrairem que envieu aquest correu i els arxius adjunts a les fam\u00edlies del vostre centre educatiu.<\/strong><\/p>\n\n\n\n<p><strong>C\u00c0PSULES EN L\u00cdNIA<\/strong><\/p>\n\n\n\n<p><strong>Les c\u00e0psules en l\u00ednia&nbsp;<\/strong>s\u00f3n formacions&nbsp;<a>de&nbsp;<strong>dues hores de durada<\/strong>&nbsp;<\/a>de la m\u00e0 de professionals que donen recursos i eines per acompanyar les fam\u00edlies en temes relacionats amb la&nbsp;<strong>salut i la crian\u00e7a.&nbsp;<\/strong>Pots consultar el web o el cartell adjunt amb les tem\u00e0tiques i les dates d\u2019aquest trimestre.<\/p>\n\n\n\n<p><strong>IMPORTANT!<\/strong><\/p>\n\n\n\n<p>Hem fet&nbsp;<strong>canvis en el sistema d&#8217;inscripcions<\/strong>:<\/p>\n\n\n\n<ul class=\"wp-block-list\">\n<li>Les inscripcions a les sessions de febrer estaran actives a partir del 13 de gener.<\/li>\n\n\n\n<li>Les inscripcions per les sessions de mar\u00e7 s&#8217;obriran el 15 de febrer.<\/li>\n<\/ul>\n\n\n\n<p>D\u2019aquesta manera esperem&nbsp;afavorim una major&nbsp;assist\u00e8ncia, ja que quan les inscripcions s\u2019obren amb molta antelaci\u00f3, les places s&#8217;esgoten de seguida i finalment nom\u00e9s es connecten una tercera part de les persones inscrites.<\/p>\n\n\n\n<p><strong><em>Reptes quotidians a l\u2019adolesc\u00e8ncia<\/em><\/strong><\/p>\n\n\n\n<p>L\u2019adolesc\u00e8ncia \u00e9s una&nbsp;<strong>etapa plena de canvis<\/strong>, tamb\u00e9 per a mares i pares.&nbsp;Canvia la manera de comunicar-nos, els l\u00edmits es posen a prova i ens hem d\u2019adaptar cont\u00ednuament. No sempre \u00e9s f\u00e0cil, oi?&nbsp;<br>Us proposem un espai per reflexionar plegats sobre&nbsp;<strong>com comunicar-nos des de l\u2019empatia<\/strong>, posar&nbsp;<strong>l\u00edmits amb sentit i coher\u00e8ncia<\/strong>&nbsp;i acompanyar els adolescents en aspectes com la construcci\u00f3 de les seves relacions o en l\u2019<strong>\u00fas de les pantalles.<\/strong><\/p>\n\n\n\n<p><strong>C\u00e0psula gratu\u00efta&nbsp;recomanada per a persones que conviuen amb adolescents i\/o tenen adolescents a c\u00e0rrec.<\/strong><\/p>\n\n\n\n<p>Imparteixen la formaci\u00f3&nbsp;<strong>Clara Ramos i Geli<\/strong>, terapeuta Gestalt i&nbsp;<strong>T\u00e0nia Casanova i Casas<\/strong>, psicopedagoga, educadora social i terapeuta Gestalt, ambdues s\u00f2cies de la&nbsp;<strong>Cooperativa Ranura<\/strong>.<\/p>\n\n\n\n<p><strong><u><a href=\"https:\/\/families.dipsalut.cat\/ca\/inscripcions-on-line.html?cid=23772\" target=\"_blank\" rel=\"noreferrer noopener\">Enlla\u00e7 formulari d\u2019inscripcions<\/a><\/u><\/strong><\/p>\n\n\n\n<p><strong><em>Juguem?&nbsp;El joc en fam\u00edlia&nbsp;<\/em><\/strong><\/p>\n\n\n\n<p>Descobreix el poder del joc en fam\u00edlia!<br>En aquestes sessions reflexionarem plegats sobre&nbsp;<strong>el joc com un espai de gaudi compartit i d\u2019aprenentatge<\/strong>, amb un gran potencial educatiu i relacional.<br>Aprendrem a&nbsp;<strong>triar els jocs m\u00e9s adequats&nbsp;segons els interessos, les edats i les necessitats<\/strong>&nbsp;de cada infant i de cada fam\u00edlia, aix\u00ed com a posar en pr\u00e0ctica estrat\u00e8gies senzilles per&nbsp;prevenir i gestionar els conflictes&nbsp;que poden apar\u00e8ixer durant el joc.<br>Uneix-t\u2019hi i&nbsp;<strong>transforma el temps de joc en una experi\u00e8ncia positiva<\/strong>&nbsp;i enriquidora per a tothom!<\/p>\n\n\n\n<p><strong>C\u00e0psula gratu\u00efta per a referents adults amb infants i joves a c\u00e0rrec.<\/strong><\/p>\n\n\n\n<p>A c\u00e0rrec de&nbsp;<strong>Noem\u00ed Blanch<\/strong>, psic\u00f2loga especialitzada en igualtat i en el poder del joc.<\/p>\n\n\n\n<p><strong><a href=\"https:\/\/families.dipsalut.cat\/ca\/inscripcions-on-line.html?cid=23771\" target=\"_blank\" rel=\"noreferrer noopener\">Enlla\u00e7 formulari d\u2019inscripcions<\/a><\/strong><\/p>\n\n\n\n<figure class=\"wp-block-image size-large\"><a href=\"https:\/\/agora.xtec.cat\/ceippladedalt\/wp-content\/uploads\/usu2126\/2026\/01\/Dipsalut-capsules-en-linia-2026.jpg\"><img loading=\"lazy\" decoding=\"async\" width=\"724\" height=\"1024\" src=\"https:\/\/agora.xtec.cat\/ceippladedalt\/wp-content\/uploads\/usu2126\/2026\/01\/Dipsalut-capsules-en-linia-2026-724x1024.jpg\" alt=\"\" class=\"wp-image-23575\" srcset=\"https:\/\/agora.xtec.cat\/ceippladedalt\/wp-content\/uploads\/usu2126\/2026\/01\/Dipsalut-capsules-en-linia-2026-724x1024.jpg 724w, https:\/\/agora.xtec.cat\/ceippladedalt\/wp-content\/uploads\/usu2126\/2026\/01\/Dipsalut-capsules-en-linia-2026-212x300.jpg 212w, https:\/\/agora.xtec.cat\/ceippladedalt\/wp-content\/uploads\/usu2126\/2026\/01\/Dipsalut-capsules-en-linia-2026-768x1086.jpg 768w, https:\/\/agora.xtec.cat\/ceippladedalt\/wp-content\/uploads\/usu2126\/2026\/01\/Dipsalut-capsules-en-linia-2026-1086x1536.jpg 1086w, https:\/\/agora.xtec.cat\/ceippladedalt\/wp-content\/uploads\/usu2126\/2026\/01\/Dipsalut-capsules-en-linia-2026-1448x2048.jpg 1448w, https:\/\/agora.xtec.cat\/ceippladedalt\/wp-content\/uploads\/usu2126\/2026\/01\/Dipsalut-capsules-en-linia-2026.jpg 1587w\" sizes=\"auto, (max-width: 724px) 100vw, 724px\" \/><\/a><\/figure>\n","protected":false},"excerpt":{"rendered":"<p>Dipsalut &#8211; C\u00e0psules en l\u00ednia<\/p>\n<p>Benvolgudes fam\u00edlies,<\/p>\n<p>Des de Dipsalut, organisme de Salut P\u00fablica de la Diputaci\u00f3 de Girona, presentem les&nbsp;c\u00e0psules en l\u00ednia&nbsp;per aquest segon trimestre del curs.<\/p>\n<p>Aquesta activitat s\u2019organitza des del&nbsp;<a href=\"https:\/\/families.dipsalut.cat\/ca\/capsules-gener-febrer-marc.html\" target=\"_blank\" rel=\"noreferrer noopener\">Programa per a fam\u00edlies<\/a>&nbsp;i va dirigida a pare si mares amb fills&hellip;  <a href=\"https:\/\/agora.xtec.cat\/ceippladedalt\/cursos\/i3\/dipsalut-capsules-en-linia\/\" title=\"Read DIPSALUT C\u00c0PSULES EN L\u00cdNIA\">Llegeix m\u00e9s\u00bb<\/a><\/p>\n","protected":false},"author":1,"featured_media":23580,"comment_status":"open","ping_status":"open","sticky":false,"template":"","format":"standard","meta":{"_bbp_topic_count":0,"_bbp_reply_count":0,"_bbp_total_topic_count":0,"_bbp_total_reply_count":0,"_bbp_voice_count":0,"_bbp_anonymous_reply_count":0,"_bbp_topic_count_hidden":0,"_bbp_reply_count_hidden":0,"_bbp_forum_subforum_count":0,"footnotes":""},"categories":[10,11,12,13,14,15,3,8,65,4],"tags":[],"class_list":["post-23573","post","type-post","status-publish","format-standard","has-post-thumbnail","hentry","category-1r","category-2n","category-3r","category-4t","category-5e","category-6e","category-i3","category-i4","category-i5","category-portada"],"post_mailing_queue_ids":[],"_links":{"self":[{"href":"https:\/\/agora.xtec.cat\/ceippladedalt\/wp-json\/wp\/v2\/posts\/23573","targetHints":{"allow":["GET"]}}],"collection":[{"href":"https:\/\/agora.xtec.cat\/ceippladedalt\/wp-json\/wp\/v2\/posts"}],"about":[{"href":"https:\/\/agora.xtec.cat\/ceippladedalt\/wp-json\/wp\/v2\/types\/post"}],"author":[{"embeddable":true,"href":"https:\/\/agora.xtec.cat\/ceippladedalt\/wp-json\/wp\/v2\/users\/1"}],"replies":[{"embeddable":true,"href":"https:\/\/agora.xtec.cat\/ceippladedalt\/wp-json\/wp\/v2\/comments?post=23573"}],"version-history":[{"count":4,"href":"https:\/\/agora.xtec.cat\/ceippladedalt\/wp-json\/wp\/v2\/posts\/23573\/revisions"}],"predecessor-version":[{"id":23578,"href":"https:\/\/agora.xtec.cat\/ceippladedalt\/wp-json\/wp\/v2\/posts\/23573\/revisions\/23578"}],"wp:featuredmedia":[{"embeddable":true,"href":"https:\/\/agora.xtec.cat\/ceippladedalt\/wp-json\/wp\/v2\/media\/23580"}],"wp:attachment":[{"href":"https:\/\/agora.xtec.cat\/ceippladedalt\/wp-json\/wp\/v2\/media?parent=23573"}],"wp:term":[{"taxonomy":"category","embeddable":true,"href":"https:\/\/agora.xtec.cat\/ceippladedalt\/wp-json\/wp\/v2\/categories?post=23573"},{"taxonomy":"post_tag","embeddable":true,"href":"https:\/\/agora.xtec.cat\/ceippladedalt\/wp-json\/wp\/v2\/tags?post=23573"}],"curies":[{"name":"wp","href":"https:\/\/api.w.org\/{rel}","templated":true}]}}