{"id":23565,"date":"2025-12-23T10:17:41","date_gmt":"2025-12-23T09:17:41","guid":{"rendered":"https:\/\/agora.xtec.cat\/ceippladedalt\/?p=23565"},"modified":"2025-12-23T10:22:21","modified_gmt":"2025-12-23T09:22:21","slug":"recomanacions-lectores-nadal-2","status":"publish","type":"post","link":"https:\/\/agora.xtec.cat\/ceippladedalt\/general\/recomanacions-lectores-nadal-2\/","title":{"rendered":"RECOMANACIONS LECTORES NADAL"},"content":{"rendered":"<div class=\"wp-block-image\">\n<figure class=\"aligncenter size-full is-resized\"><a href=\"https:\/\/agora.xtec.cat\/ceippladedalt\/wp-content\/uploads\/usu2126\/2025\/12\/NADAL-25.png\"><img loading=\"lazy\" decoding=\"async\" width=\"1024\" height=\"1024\" src=\"https:\/\/agora.xtec.cat\/ceippladedalt\/wp-content\/uploads\/usu2126\/2025\/12\/NADAL-25.png\" alt=\"\" class=\"wp-image-23566\" style=\"width:443px;height:auto\" srcset=\"https:\/\/agora.xtec.cat\/ceippladedalt\/wp-content\/uploads\/usu2126\/2025\/12\/NADAL-25.png 1024w, https:\/\/agora.xtec.cat\/ceippladedalt\/wp-content\/uploads\/usu2126\/2025\/12\/NADAL-25-300x300.png 300w, https:\/\/agora.xtec.cat\/ceippladedalt\/wp-content\/uploads\/usu2126\/2025\/12\/NADAL-25-150x150.png 150w, https:\/\/agora.xtec.cat\/ceippladedalt\/wp-content\/uploads\/usu2126\/2025\/12\/NADAL-25-768x768.png 768w\" sizes=\"auto, (max-width: 1024px) 100vw, 1024px\" \/><\/a><\/figure><\/div>\n\n\n<p>El Nadal tamb\u00e9 \u00e9s temps de lectura. Us deixem uns enlla\u00e7os amb diferents recomanacions per aquestes festes!!<\/p>\n\n\n\n<figure class=\"wp-block-embed is-type-wp-embed is-provider-el-bloc-de-la-llufalletres wp-block-embed-el-bloc-de-la-llufalletres\"><div class=\"wp-block-embed__wrapper\">\n<blockquote class=\"wp-embedded-content\" data-secret=\"jjtGWGnsoI\"><a href=\"https:\/\/blocs.xtec.cat\/lesescolesdegurbllufalletres\/2025\/12\/01\/recomanacions-literaries-nadal-2025\/\">Recomanacions liter\u00e0ries Nadal 2025<\/a><\/blockquote><iframe loading=\"lazy\" class=\"wp-embedded-content\" sandbox=\"allow-scripts\" security=\"restricted\" style=\"position: absolute; visibility: hidden;\" title=\"&#8220;Recomanacions liter\u00e0ries Nadal 2025&#8221; &#8212; EL BLOC DE LA LLUFALLETRES\" src=\"https:\/\/blocs.xtec.cat\/lesescolesdegurbllufalletres\/2025\/12\/01\/recomanacions-literaries-nadal-2025\/embed\/#?secret=jjtGWGnsoI\" data-secret=\"jjtGWGnsoI\" width=\"500\" height=\"282\" frameborder=\"0\" marginwidth=\"0\" marginheight=\"0\" scrolling=\"no\"><\/iframe>\n<\/div><\/figure>\n\n\n\n<p><a href=\"https:\/\/drive.google.com\/file\/d\/1Mklouw3zYa9uSBOODVuvcdhmbjqw5Uwq\/view?usp=drive_link\">RECOMANACIONS LITER\u00c0RIES NADAL<\/a><\/p>\n\n\n\n<figure class=\"wp-block-embed is-type-wp-embed is-provider-la-invitaci-a-la-lectura wp-block-embed-la-invitaci-a-la-lectura\"><div class=\"wp-block-embed__wrapper\">\n<blockquote class=\"wp-embedded-content\" data-secret=\"GKbLBrpR5x\"><a href=\"https:\/\/jaumecentelles.cat\/2025\/11\/28\/nadal-2025-lectures-recomanades-per-a-cicle-infantil-i-educacio-primaria\/\">Nadal 2025. Lectures recomanades per a Cicle Infantil i Educaci\u00f3&nbsp;Prim\u00e0ria<\/a><\/blockquote><iframe loading=\"lazy\" class=\"wp-embedded-content\" sandbox=\"allow-scripts\" security=\"restricted\" style=\"position: absolute; visibility: hidden;\" title=\"&#8220;Nadal 2025. Lectures recomanades per a Cicle Infantil i Educaci\u00f3&nbsp;Prim\u00e0ria&#8221; &#8212; La invitaci\u00f3 a la lectura\" src=\"https:\/\/jaumecentelles.cat\/2025\/11\/28\/nadal-2025-lectures-recomanades-per-a-cicle-infantil-i-educacio-primaria\/embed\/#?secret=JfJ5eAWZwz#?secret=GKbLBrpR5x\" data-secret=\"GKbLBrpR5x\" width=\"500\" height=\"282\" frameborder=\"0\" marginwidth=\"0\" marginheight=\"0\" scrolling=\"no\"><\/iframe>\n<\/div><\/figure>\n\n\n","protected":false},"excerpt":{"rendered":"<p><a href=\"https:\/\/agora.xtec.cat\/ceippladedalt\/wp-content\/uploads\/usu2126\/2025\/12\/NADAL-25.png\"><\/a><\/p>\n<p>El Nadal tamb\u00e9 \u00e9s temps de lectura. Us deixem uns enlla\u00e7os amb diferents recomanacions per aquestes festes!!<\/p>\n<p><a href=\"https:\/\/blocs.xtec.cat\/lesescolesdegurbllufalletres\/2025\/12\/01\/recomanacions-literaries-nadal-2025\/\">Recomanacions liter\u00e0ries Nadal 2025<\/a><\/p>\n<p><a href=\"https:\/\/drive.google.com\/file\/d\/1Mklouw3zYa9uSBOODVuvcdhmbjqw5Uwq\/view?usp=drive_link\">RECOMANACIONS LITER\u00c0RIES NADAL<\/a><\/p>\n<p><a href=\"https:\/\/jaumecentelles.cat\/2025\/11\/28\/nadal-2025-lectures-recomanades-per-a-cicle-infantil-i-educacio-primaria\/\">Nadal 2025. Lectures recomanades per a Cicle Infantil i Educaci\u00f3&nbsp;Prim\u00e0ria<\/a><\/p>\n","protected":false},"author":52,"featured_media":23566,"comment_status":"open","ping_status":"open","sticky":false,"template":"","format":"standard","meta":{"_bbp_topic_count":0,"_bbp_reply_count":0,"_bbp_total_topic_count":0,"_bbp_total_reply_count":0,"_bbp_voice_count":0,"_bbp_anonymous_reply_count":0,"_bbp_topic_count_hidden":0,"_bbp_reply_count_hidden":0,"_bbp_forum_subforum_count":0,"footnotes":""},"categories":[133,5,1],"tags":[],"class_list":["post-23565","post","type-post","status-publish","format-standard","has-post-thumbnail","hentry","category-biblioteca-categoria","category-cursos","category-general"],"post_mailing_queue_ids":[],"_links":{"self":[{"href":"https:\/\/agora.xtec.cat\/ceippladedalt\/wp-json\/wp\/v2\/posts\/23565","targetHints":{"allow":["GET"]}}],"collection":[{"href":"https:\/\/agora.xtec.cat\/ceippladedalt\/wp-json\/wp\/v2\/posts"}],"about":[{"href":"https:\/\/agora.xtec.cat\/ceippladedalt\/wp-json\/wp\/v2\/types\/post"}],"author":[{"embeddable":true,"href":"https:\/\/agora.xtec.cat\/ceippladedalt\/wp-json\/wp\/v2\/users\/52"}],"replies":[{"embeddable":true,"href":"https:\/\/agora.xtec.cat\/ceippladedalt\/wp-json\/wp\/v2\/comments?post=23565"}],"version-history":[{"count":1,"href":"https:\/\/agora.xtec.cat\/ceippladedalt\/wp-json\/wp\/v2\/posts\/23565\/revisions"}],"predecessor-version":[{"id":23567,"href":"https:\/\/agora.xtec.cat\/ceippladedalt\/wp-json\/wp\/v2\/posts\/23565\/revisions\/23567"}],"wp:featuredmedia":[{"embeddable":true,"href":"https:\/\/agora.xtec.cat\/ceippladedalt\/wp-json\/wp\/v2\/media\/23566"}],"wp:attachment":[{"href":"https:\/\/agora.xtec.cat\/ceippladedalt\/wp-json\/wp\/v2\/media?parent=23565"}],"wp:term":[{"taxonomy":"category","embeddable":true,"href":"https:\/\/agora.xtec.cat\/ceippladedalt\/wp-json\/wp\/v2\/categories?post=23565"},{"taxonomy":"post_tag","embeddable":true,"href":"https:\/\/agora.xtec.cat\/ceippladedalt\/wp-json\/wp\/v2\/tags?post=23565"}],"curies":[{"name":"wp","href":"https:\/\/api.w.org\/{rel}","templated":true}]}}