{"id":23554,"date":"2025-12-11T11:59:47","date_gmt":"2025-12-11T10:59:47","guid":{"rendered":"https:\/\/agora.xtec.cat\/ceippladedalt\/?p=23554"},"modified":"2025-12-16T12:01:52","modified_gmt":"2025-12-16T11:01:52","slug":"ja-ha-arribat-el-tio","status":"publish","type":"post","link":"https:\/\/agora.xtec.cat\/ceippladedalt\/portada\/ja-ha-arribat-el-tio\/","title":{"rendered":"JA HA ARRIBAT EL TI\u00d3"},"content":{"rendered":"\n<p><strong>JA HA ARRIBAT EL TI\u00d3 A L&#8217;ESCOLA<\/strong><\/p>\n\n\n\n<p>Durant aquests dies haurem de cuidar molt b\u00e9 el Ti\u00f3: tapar-lo amb una manta perqu\u00e8 no passi fred i portar-li menjar cada dia perqu\u00e8 es faci ben fort: mandarines, galetes, pell de pl\u00e0tan\u2026<\/p>\n\n\n\n<figure class=\"wp-block-image size-large\"><a href=\"https:\/\/agora.xtec.cat\/ceippladedalt\/wp-content\/uploads\/usu2126\/2025\/12\/1B29876E-E7B2-4969-861D-CA050EE358B8.jpeg\"><img loading=\"lazy\" decoding=\"async\" width=\"1024\" height=\"387\" src=\"https:\/\/agora.xtec.cat\/ceippladedalt\/wp-content\/uploads\/usu2126\/2025\/12\/1B29876E-E7B2-4969-861D-CA050EE358B8-1024x387.jpeg\" alt=\"\" class=\"wp-image-23544\" srcset=\"https:\/\/agora.xtec.cat\/ceippladedalt\/wp-content\/uploads\/usu2126\/2025\/12\/1B29876E-E7B2-4969-861D-CA050EE358B8-1024x387.jpeg 1024w, https:\/\/agora.xtec.cat\/ceippladedalt\/wp-content\/uploads\/usu2126\/2025\/12\/1B29876E-E7B2-4969-861D-CA050EE358B8-300x113.jpeg 300w, https:\/\/agora.xtec.cat\/ceippladedalt\/wp-content\/uploads\/usu2126\/2025\/12\/1B29876E-E7B2-4969-861D-CA050EE358B8-768x290.jpeg 768w, https:\/\/agora.xtec.cat\/ceippladedalt\/wp-content\/uploads\/usu2126\/2025\/12\/1B29876E-E7B2-4969-861D-CA050EE358B8-1536x581.jpeg 1536w, https:\/\/agora.xtec.cat\/ceippladedalt\/wp-content\/uploads\/usu2126\/2025\/12\/1B29876E-E7B2-4969-861D-CA050EE358B8.jpeg 2048w\" sizes=\"auto, (max-width: 1024px) 100vw, 1024px\" \/><\/a><\/figure>\n","protected":false},"excerpt":{"rendered":"<p>JA HA ARRIBAT EL TI\u00d3 A L&#8217;ESCOLA<\/p>\n<p>Durant aquests dies haurem de cuidar molt b\u00e9 el Ti\u00f3: tapar-lo amb una manta perqu\u00e8 no passi fred i portar-li menjar cada dia perqu\u00e8 es faci ben fort: mandarines, galetes, pell de pl\u00e0tan\u2026<\/p>\n<p><a href=\"https:\/\/agora.xtec.cat\/ceippladedalt\/wp-content\/uploads\/usu2126\/2025\/12\/1B29876E-E7B2-4969-861D-CA050EE358B8.jpeg\"><\/a><\/p>\n","protected":false},"author":1,"featured_media":23528,"comment_status":"open","ping_status":"open","sticky":false,"template":"","format":"standard","meta":{"_bbp_topic_count":0,"_bbp_reply_count":0,"_bbp_total_topic_count":0,"_bbp_total_reply_count":0,"_bbp_voice_count":0,"_bbp_anonymous_reply_count":0,"_bbp_topic_count_hidden":0,"_bbp_reply_count_hidden":0,"_bbp_forum_subforum_count":0,"footnotes":""},"categories":[4],"tags":[],"class_list":["post-23554","post","type-post","status-publish","format-standard","has-post-thumbnail","hentry","category-portada"],"post_mailing_queue_ids":[],"_links":{"self":[{"href":"https:\/\/agora.xtec.cat\/ceippladedalt\/wp-json\/wp\/v2\/posts\/23554","targetHints":{"allow":["GET"]}}],"collection":[{"href":"https:\/\/agora.xtec.cat\/ceippladedalt\/wp-json\/wp\/v2\/posts"}],"about":[{"href":"https:\/\/agora.xtec.cat\/ceippladedalt\/wp-json\/wp\/v2\/types\/post"}],"author":[{"embeddable":true,"href":"https:\/\/agora.xtec.cat\/ceippladedalt\/wp-json\/wp\/v2\/users\/1"}],"replies":[{"embeddable":true,"href":"https:\/\/agora.xtec.cat\/ceippladedalt\/wp-json\/wp\/v2\/comments?post=23554"}],"version-history":[{"count":2,"href":"https:\/\/agora.xtec.cat\/ceippladedalt\/wp-json\/wp\/v2\/posts\/23554\/revisions"}],"predecessor-version":[{"id":23556,"href":"https:\/\/agora.xtec.cat\/ceippladedalt\/wp-json\/wp\/v2\/posts\/23554\/revisions\/23556"}],"wp:featuredmedia":[{"embeddable":true,"href":"https:\/\/agora.xtec.cat\/ceippladedalt\/wp-json\/wp\/v2\/media\/23528"}],"wp:attachment":[{"href":"https:\/\/agora.xtec.cat\/ceippladedalt\/wp-json\/wp\/v2\/media?parent=23554"}],"wp:term":[{"taxonomy":"category","embeddable":true,"href":"https:\/\/agora.xtec.cat\/ceippladedalt\/wp-json\/wp\/v2\/categories?post=23554"},{"taxonomy":"post_tag","embeddable":true,"href":"https:\/\/agora.xtec.cat\/ceippladedalt\/wp-json\/wp\/v2\/tags?post=23554"}],"curies":[{"name":"wp","href":"https:\/\/api.w.org\/{rel}","templated":true}]}}