{"id":23500,"date":"2025-11-21T15:31:51","date_gmt":"2025-11-21T14:31:51","guid":{"rendered":"https:\/\/agora.xtec.cat\/ceippladedalt\/?p=23500"},"modified":"2025-11-21T15:32:56","modified_gmt":"2025-11-21T14:32:56","slug":"nous-membres-del-consell-escolar-i-agraiments-als-membres-sortints","status":"publish","type":"post","link":"https:\/\/agora.xtec.cat\/ceippladedalt\/portada\/nous-membres-del-consell-escolar-i-agraiments-als-membres-sortints\/","title":{"rendered":"NOUS MEMBRES DEL CONSELL ESCOLAR I AGRA\u00cfMENTS ALS MEMBRES SORTINTS"},"content":{"rendered":"\n<p><strong>RESULTATS DE LES VOTACIONS DE RENOVACI\u00d3 DEL CONSELL ESCOLAR<\/strong> <\/p>\n\n\n\n<figure class=\"wp-block-image size-large\"><a href=\"https:\/\/agora.xtec.cat\/ceippladedalt\/wp-content\/uploads\/usu2126\/2025\/10\/consells-escolars.png_552031986.png\"><img loading=\"lazy\" decoding=\"async\" width=\"1024\" height=\"250\" src=\"https:\/\/agora.xtec.cat\/ceippladedalt\/wp-content\/uploads\/usu2126\/2025\/10\/consells-escolars.png_552031986-1024x250.png\" alt=\"\" class=\"wp-image-23438\" srcset=\"https:\/\/agora.xtec.cat\/ceippladedalt\/wp-content\/uploads\/usu2126\/2025\/10\/consells-escolars.png_552031986-1024x250.png 1024w, https:\/\/agora.xtec.cat\/ceippladedalt\/wp-content\/uploads\/usu2126\/2025\/10\/consells-escolars.png_552031986-300x73.png 300w, https:\/\/agora.xtec.cat\/ceippladedalt\/wp-content\/uploads\/usu2126\/2025\/10\/consells-escolars.png_552031986-768x188.png 768w, https:\/\/agora.xtec.cat\/ceippladedalt\/wp-content\/uploads\/usu2126\/2025\/10\/consells-escolars.png_552031986-1536x375.png 1536w, https:\/\/agora.xtec.cat\/ceippladedalt\/wp-content\/uploads\/usu2126\/2025\/10\/consells-escolars.png_552031986-2048x500.png 2048w\" sizes=\"auto, (max-width: 1024px) 100vw, 1024px\" \/><\/a><\/figure>\n\n\n\n<p><strong>NOUS MEMBRES DEL CONSELL ESCOLAR SECTOR FAM\u00cdLIES-MESTRES-PAS I AGRA\u00cfMENT ALS MEMBRES SORTINTS DEL CONSELL ESCOLAR<\/strong><\/p>\n\n\n\n<p><strong>Un agra\u00efment especial a totes les persones que van participar en les votacions.<\/strong><\/p>\n\n\n\n<p>Una vegada fetes les votacions per escollir els nous membres del Consell Escolar de l\u2019escola:<\/p>\n\n\n\n<ul class=\"wp-block-list\">\n<li>Representants de fam\u00edlies del Consell Escolar s\u00f3n: <strong>Cristina Amores, Anna Diaz i N\u00faria Pascal<\/strong><\/li>\n\n\n\n<li>Representants del sector Mestres: <strong>M\u00edriam Cardenas, Vanessa Clavaguera i Marta Estapi\u00f1\u00e1<\/strong><\/li>\n\n\n\n<li>Representant del personal d\u2019atenci\u00f3 i serveis (PAS): <strong>Montserrat Aspar\u00f3<\/strong><\/li>\n<\/ul>\n\n\n\n<p>El representant de l&#8217;Ajuntament: <strong>Josep Quintana<\/strong><\/p>\n\n\n\n<p>La nova representant de l&#8217;AFA: <strong>Gemma Serra<\/strong><\/p>\n\n\n\n<p><strong>Benvingudes i benvingut!<\/strong><\/p>\n\n\n\n<p>Volem agrair la participaci\u00f3 de totes les candidatures, i tamb\u00e9 la col\u00b7laboraci\u00f3 de la Vanesa Herrera, Laura Vallmaj\u00f3, Georgina Vil\u00e0, Josep Espu\u00f1a i Montse Aspar\u00f3 que van formar part de les meses electorals.<\/p>\n\n\n\n<p><strong>A mateix temps agra\u00efm el treball fet al Consell Escolar de la nostra escola als membres sortints del consell escolar, la Raquel Bonfill, en Xavier Dot, l&#8217;Alba P\u00e9rez, Emma Bonet i Laura Babur\u00e9s, que ens han ajudat a tirar endavant la nostra escola durant aquests cursos com a membres d\u2019aquest consell.<\/strong><\/p>\n\n\n\n<p><strong>Moltes gr\u00e0cies!<\/strong><\/p>\n\n\n\n<p class=\"has-text-color has-link-color wp-elements-73025dee9807e7f724c29637aba55d6c\" style=\"color:#e41717\">El Consell Escolar es constituir\u00e0 el <strong>dimarts 16 de desembre de 2025<\/strong><\/p>\n\n\n\n<p><\/p>\n","protected":false},"excerpt":{"rendered":"<p>RESULTATS DE LES VOTACIONS DE RENOVACI\u00d3 DEL CONSELL ESCOLAR <\/p>\n<p><a href=\"https:\/\/agora.xtec.cat\/ceippladedalt\/wp-content\/uploads\/usu2126\/2025\/10\/consells-escolars.png_552031986.png\"><\/a><\/p>\n<p>NOUS MEMBRES DEL CONSELL ESCOLAR SECTOR FAM\u00cdLIES-MESTRES-PAS I AGRA\u00cfMENT ALS MEMBRES SORTINTS DEL CONSELL ESCOLAR<\/p>\n<p>Un agra\u00efment especial a totes les persones que van participar en les votacions.<\/p>\n<p>Una vegada fetes les votacions per escollir els nous&hellip;  <a href=\"https:\/\/agora.xtec.cat\/ceippladedalt\/portada\/nous-membres-del-consell-escolar-i-agraiments-als-membres-sortints\/\" title=\"Read NOUS MEMBRES DEL CONSELL ESCOLAR I AGRA\u00cfMENTS ALS MEMBRES SORTINTS\">Llegeix m\u00e9s\u00bb<\/a><\/p>\n","protected":false},"author":1,"featured_media":23438,"comment_status":"open","ping_status":"open","sticky":false,"template":"","format":"standard","meta":{"_bbp_topic_count":0,"_bbp_reply_count":0,"_bbp_total_topic_count":0,"_bbp_total_reply_count":0,"_bbp_voice_count":0,"_bbp_anonymous_reply_count":0,"_bbp_topic_count_hidden":0,"_bbp_reply_count_hidden":0,"_bbp_forum_subforum_count":0,"footnotes":""},"categories":[4],"tags":[],"class_list":["post-23500","post","type-post","status-publish","format-standard","has-post-thumbnail","hentry","category-portada"],"post_mailing_queue_ids":[],"_links":{"self":[{"href":"https:\/\/agora.xtec.cat\/ceippladedalt\/wp-json\/wp\/v2\/posts\/23500","targetHints":{"allow":["GET"]}}],"collection":[{"href":"https:\/\/agora.xtec.cat\/ceippladedalt\/wp-json\/wp\/v2\/posts"}],"about":[{"href":"https:\/\/agora.xtec.cat\/ceippladedalt\/wp-json\/wp\/v2\/types\/post"}],"author":[{"embeddable":true,"href":"https:\/\/agora.xtec.cat\/ceippladedalt\/wp-json\/wp\/v2\/users\/1"}],"replies":[{"embeddable":true,"href":"https:\/\/agora.xtec.cat\/ceippladedalt\/wp-json\/wp\/v2\/comments?post=23500"}],"version-history":[{"count":2,"href":"https:\/\/agora.xtec.cat\/ceippladedalt\/wp-json\/wp\/v2\/posts\/23500\/revisions"}],"predecessor-version":[{"id":23502,"href":"https:\/\/agora.xtec.cat\/ceippladedalt\/wp-json\/wp\/v2\/posts\/23500\/revisions\/23502"}],"wp:featuredmedia":[{"embeddable":true,"href":"https:\/\/agora.xtec.cat\/ceippladedalt\/wp-json\/wp\/v2\/media\/23438"}],"wp:attachment":[{"href":"https:\/\/agora.xtec.cat\/ceippladedalt\/wp-json\/wp\/v2\/media?parent=23500"}],"wp:term":[{"taxonomy":"category","embeddable":true,"href":"https:\/\/agora.xtec.cat\/ceippladedalt\/wp-json\/wp\/v2\/categories?post=23500"},{"taxonomy":"post_tag","embeddable":true,"href":"https:\/\/agora.xtec.cat\/ceippladedalt\/wp-json\/wp\/v2\/tags?post=23500"}],"curies":[{"name":"wp","href":"https:\/\/api.w.org\/{rel}","templated":true}]}}