{"id":23486,"date":"2025-11-10T10:45:33","date_gmt":"2025-11-10T09:45:33","guid":{"rendered":"https:\/\/agora.xtec.cat\/ceippladedalt\/?p=23486"},"modified":"2025-11-11T11:25:48","modified_gmt":"2025-11-11T10:25:48","slug":"lluernia-2025","status":"publish","type":"post","link":"https:\/\/agora.xtec.cat\/ceippladedalt\/portada\/lluernia-2025\/","title":{"rendered":"LLU\u00c8RNIA 2025"},"content":{"rendered":"\n<p class=\"has-medium-font-size\"><strong>Llu\u00e8rnia 2025<\/strong><\/p>\n\n\n\n<p>Vivim envoltats de pl\u00e0stic. El fem servir cada dia: ampolles, bosses, envasos, canyetes\u2026<br>Molts d\u2019aquests objectes tenen una vida molt curta i la majoria no nom\u00e9s apareixen a la vora de les platges, sin\u00f3 que viatgen per mars i oceans cap a llocs insospitats.<br>L&#8217;escola hem participat en aquesta instal\u00b7laci\u00f3 ef\u00edmera i per aix\u00f2, s&#8217;han reutilitzat materials que les fam\u00edlies han rescatat (ampolles de pl\u00e0stic, bosses, taps&#8230;), abans de llen\u00e7ar definitivament a les escombraries, per donar-los una segona vida m\u00e9s art\u00edstica.<\/p>\n\n\n\n<figure class=\"wp-block-image size-large is-resized\"><a href=\"https:\/\/agora.xtec.cat\/ceippladedalt\/wp-content\/uploads\/usu2126\/2025\/11\/B2B6316E-4A53-4829-A979-FA2210D3F07E.jpeg\"><img loading=\"lazy\" decoding=\"async\" width=\"1024\" height=\"1024\" src=\"https:\/\/agora.xtec.cat\/ceippladedalt\/wp-content\/uploads\/usu2126\/2025\/11\/B2B6316E-4A53-4829-A979-FA2210D3F07E-1024x1024.jpeg\" alt=\"\" class=\"wp-image-23487\" style=\"width:452px;height:auto\" srcset=\"https:\/\/agora.xtec.cat\/ceippladedalt\/wp-content\/uploads\/usu2126\/2025\/11\/B2B6316E-4A53-4829-A979-FA2210D3F07E-1024x1024.jpeg 1024w, https:\/\/agora.xtec.cat\/ceippladedalt\/wp-content\/uploads\/usu2126\/2025\/11\/B2B6316E-4A53-4829-A979-FA2210D3F07E-300x300.jpeg 300w, https:\/\/agora.xtec.cat\/ceippladedalt\/wp-content\/uploads\/usu2126\/2025\/11\/B2B6316E-4A53-4829-A979-FA2210D3F07E-150x150.jpeg 150w, https:\/\/agora.xtec.cat\/ceippladedalt\/wp-content\/uploads\/usu2126\/2025\/11\/B2B6316E-4A53-4829-A979-FA2210D3F07E-768x768.jpeg 768w, https:\/\/agora.xtec.cat\/ceippladedalt\/wp-content\/uploads\/usu2126\/2025\/11\/B2B6316E-4A53-4829-A979-FA2210D3F07E-1536x1536.jpeg 1536w, https:\/\/agora.xtec.cat\/ceippladedalt\/wp-content\/uploads\/usu2126\/2025\/11\/B2B6316E-4A53-4829-A979-FA2210D3F07E.jpeg 1732w\" sizes=\"auto, (max-width: 1024px) 100vw, 1024px\" \/><\/a><\/figure>\n\n\n\n<p><br>Aix\u00ed, de manera conjunta, les escoles que hi hem participat hem creat una instal\u00b7laci\u00f3 ef\u00edmera per al festival Llu\u00e8rnia que ha omplert de vida, llum i alegria el carrer de Fontanella de la ciutat d\u2019Olot.<\/p>\n\n\n\n<figure class=\"wp-block-image size-large\"><a href=\"https:\/\/agora.xtec.cat\/ceippladedalt\/wp-content\/uploads\/usu2126\/2025\/11\/D62BB505-9E12-4888-B937-8CEBF67C62DF.jpeg\"><img loading=\"lazy\" decoding=\"async\" width=\"1024\" height=\"387\" src=\"https:\/\/agora.xtec.cat\/ceippladedalt\/wp-content\/uploads\/usu2126\/2025\/11\/D62BB505-9E12-4888-B937-8CEBF67C62DF-1024x387.jpeg\" alt=\"\" class=\"wp-image-23484\" srcset=\"https:\/\/agora.xtec.cat\/ceippladedalt\/wp-content\/uploads\/usu2126\/2025\/11\/D62BB505-9E12-4888-B937-8CEBF67C62DF-1024x387.jpeg 1024w, https:\/\/agora.xtec.cat\/ceippladedalt\/wp-content\/uploads\/usu2126\/2025\/11\/D62BB505-9E12-4888-B937-8CEBF67C62DF-300x113.jpeg 300w, https:\/\/agora.xtec.cat\/ceippladedalt\/wp-content\/uploads\/usu2126\/2025\/11\/D62BB505-9E12-4888-B937-8CEBF67C62DF-768x290.jpeg 768w, https:\/\/agora.xtec.cat\/ceippladedalt\/wp-content\/uploads\/usu2126\/2025\/11\/D62BB505-9E12-4888-B937-8CEBF67C62DF-1536x581.jpeg 1536w, https:\/\/agora.xtec.cat\/ceippladedalt\/wp-content\/uploads\/usu2126\/2025\/11\/D62BB505-9E12-4888-B937-8CEBF67C62DF.jpeg 2048w\" sizes=\"auto, (max-width: 1024px) 100vw, 1024px\" \/><\/a><\/figure>\n","protected":false},"excerpt":{"rendered":"<p>Llu\u00e8rnia 2025<\/p>\n<p>Vivim envoltats de pl\u00e0stic. El fem servir cada dia: ampolles, bosses, envasos, canyetes\u2026Molts d\u2019aquests objectes tenen una vida molt curta i la majoria no nom\u00e9s apareixen a la vora de les platges, sin\u00f3 que viatgen per mars i oceans cap a llocs insospitats.L&#8217;escola hem&hellip;  <a href=\"https:\/\/agora.xtec.cat\/ceippladedalt\/portada\/lluernia-2025\/\" title=\"Read LLU\u00c8RNIA 2025\">Llegeix m\u00e9s\u00bb<\/a><\/p>\n","protected":false},"author":1,"featured_media":23488,"comment_status":"open","ping_status":"open","sticky":false,"template":"","format":"standard","meta":{"_bbp_topic_count":0,"_bbp_reply_count":0,"_bbp_total_topic_count":0,"_bbp_total_reply_count":0,"_bbp_voice_count":0,"_bbp_anonymous_reply_count":0,"_bbp_topic_count_hidden":0,"_bbp_reply_count_hidden":0,"_bbp_forum_subforum_count":0,"footnotes":""},"categories":[4],"tags":[],"class_list":["post-23486","post","type-post","status-publish","format-standard","has-post-thumbnail","hentry","category-portada"],"post_mailing_queue_ids":[],"_links":{"self":[{"href":"https:\/\/agora.xtec.cat\/ceippladedalt\/wp-json\/wp\/v2\/posts\/23486","targetHints":{"allow":["GET"]}}],"collection":[{"href":"https:\/\/agora.xtec.cat\/ceippladedalt\/wp-json\/wp\/v2\/posts"}],"about":[{"href":"https:\/\/agora.xtec.cat\/ceippladedalt\/wp-json\/wp\/v2\/types\/post"}],"author":[{"embeddable":true,"href":"https:\/\/agora.xtec.cat\/ceippladedalt\/wp-json\/wp\/v2\/users\/1"}],"replies":[{"embeddable":true,"href":"https:\/\/agora.xtec.cat\/ceippladedalt\/wp-json\/wp\/v2\/comments?post=23486"}],"version-history":[{"count":3,"href":"https:\/\/agora.xtec.cat\/ceippladedalt\/wp-json\/wp\/v2\/posts\/23486\/revisions"}],"predecessor-version":[{"id":23491,"href":"https:\/\/agora.xtec.cat\/ceippladedalt\/wp-json\/wp\/v2\/posts\/23486\/revisions\/23491"}],"wp:featuredmedia":[{"embeddable":true,"href":"https:\/\/agora.xtec.cat\/ceippladedalt\/wp-json\/wp\/v2\/media\/23488"}],"wp:attachment":[{"href":"https:\/\/agora.xtec.cat\/ceippladedalt\/wp-json\/wp\/v2\/media?parent=23486"}],"wp:term":[{"taxonomy":"category","embeddable":true,"href":"https:\/\/agora.xtec.cat\/ceippladedalt\/wp-json\/wp\/v2\/categories?post=23486"},{"taxonomy":"post_tag","embeddable":true,"href":"https:\/\/agora.xtec.cat\/ceippladedalt\/wp-json\/wp\/v2\/tags?post=23486"}],"curies":[{"name":"wp","href":"https:\/\/api.w.org\/{rel}","templated":true}]}}