{"id":23482,"date":"2025-11-10T10:21:37","date_gmt":"2025-11-10T09:21:37","guid":{"rendered":"https:\/\/agora.xtec.cat\/ceippladedalt\/?p=23482"},"modified":"2025-11-10T10:21:38","modified_gmt":"2025-11-10T09:21:38","slug":"consells-practics-per-acompanyar-lapat-dels-infants","status":"publish","type":"post","link":"https:\/\/agora.xtec.cat\/ceippladedalt\/cursos\/i3\/consells-practics-per-acompanyar-lapat-dels-infants\/","title":{"rendered":"CONSELLS PR\u00c0CTICS PER ACOMPANYAR L&#8217;\u00c0PAT DELS INFANTS"},"content":{"rendered":"\n<h1 class=\"wp-block-heading\">Consells pr\u00e0ctics per acompanyar l\u2019\u00e0pat dels infants<\/h1>\n\n\n\n<p>El proc\u00e9s d\u2019aprenentatge d\u2019h\u00e0bits alimentaris saludables i sostenibles \u00e9s especialment important durant els primers anys de vida ja que, a m\u00e9s de facilitar un bon estat nutricional i un creixement \u00f2ptim, pot ajudar a establir una bona relaci\u00f3 amb el menjar i a&nbsp;consolidar uns h\u00e0bits promotors de salut, tant durant la&nbsp;<strong>inf\u00e0ncia&nbsp;<\/strong>i l\u2019adolesc\u00e8ncia, com en l\u2019edat adulta.<\/p>\n\n\n\n<p>L\u2019Ag\u00e8ncia de salut p\u00fablica de Catalunya ens fa arribar el document i la infografia d\u2019Acompanyament els \u00e0pats dels infants- Consells per a les fam\u00edlies i per als menjadors escolars, per tal que en feu la difusi\u00f3 que considereu oportuna a les fam\u00edlies del centre:&nbsp;<a href=\"https:\/\/agora.xtec.cat\/ceipgermanscorbella\/wp-content\/uploads\/usu1362\/2025\/02\/acompanyar-apats-infants-consells-families-menjadors-escolars-2024.pdf\">Acompanyar-apats-infants-consells-families-menjadors-escolars-2024<\/a><\/p>\n\n\n\n<figure class=\"wp-block-image size-large\"><a href=\"https:\/\/agora.xtec.cat\/ceippladedalt\/wp-content\/uploads\/usu2126\/2025\/11\/consells-acompanyar-apat-infants.jpg\"><img loading=\"lazy\" decoding=\"async\" width=\"1024\" height=\"656\" src=\"https:\/\/agora.xtec.cat\/ceippladedalt\/wp-content\/uploads\/usu2126\/2025\/11\/consells-acompanyar-apat-infants-1024x656.jpg\" alt=\"\" class=\"wp-image-23480\" srcset=\"https:\/\/agora.xtec.cat\/ceippladedalt\/wp-content\/uploads\/usu2126\/2025\/11\/consells-acompanyar-apat-infants-1024x656.jpg 1024w, https:\/\/agora.xtec.cat\/ceippladedalt\/wp-content\/uploads\/usu2126\/2025\/11\/consells-acompanyar-apat-infants-300x192.jpg 300w, https:\/\/agora.xtec.cat\/ceippladedalt\/wp-content\/uploads\/usu2126\/2025\/11\/consells-acompanyar-apat-infants-768x492.jpg 768w, https:\/\/agora.xtec.cat\/ceippladedalt\/wp-content\/uploads\/usu2126\/2025\/11\/consells-acompanyar-apat-infants.jpg 1175w\" sizes=\"auto, (max-width: 1024px) 100vw, 1024px\" \/><\/a><\/figure>\n","protected":false},"excerpt":{"rendered":"<p>Consells pr\u00e0ctics per acompanyar l\u2019\u00e0pat dels infants<\/p>\n<p>El proc\u00e9s d\u2019aprenentatge d\u2019h\u00e0bits alimentaris saludables i sostenibles \u00e9s especialment important durant els primers anys de vida ja que, a m\u00e9s de facilitar un bon estat nutricional i un creixement \u00f2ptim, pot ajudar a establir una bona relaci\u00f3 amb&hellip;  <a href=\"https:\/\/agora.xtec.cat\/ceippladedalt\/cursos\/i3\/consells-practics-per-acompanyar-lapat-dels-infants\/\" title=\"Read CONSELLS PR\u00c0CTICS PER ACOMPANYAR L&#8217;\u00c0PAT DELS INFANTS\">Llegeix m\u00e9s\u00bb<\/a><\/p>\n","protected":false},"author":1,"featured_media":23480,"comment_status":"open","ping_status":"open","sticky":false,"template":"","format":"standard","meta":{"_bbp_topic_count":0,"_bbp_reply_count":0,"_bbp_total_topic_count":0,"_bbp_total_reply_count":0,"_bbp_voice_count":0,"_bbp_anonymous_reply_count":0,"_bbp_topic_count_hidden":0,"_bbp_reply_count_hidden":0,"_bbp_forum_subforum_count":0,"footnotes":""},"categories":[10,11,12,13,14,15,3,8,65,4],"tags":[],"class_list":["post-23482","post","type-post","status-publish","format-standard","has-post-thumbnail","hentry","category-1r","category-2n","category-3r","category-4t","category-5e","category-6e","category-i3","category-i4","category-i5","category-portada"],"post_mailing_queue_ids":[],"_links":{"self":[{"href":"https:\/\/agora.xtec.cat\/ceippladedalt\/wp-json\/wp\/v2\/posts\/23482","targetHints":{"allow":["GET"]}}],"collection":[{"href":"https:\/\/agora.xtec.cat\/ceippladedalt\/wp-json\/wp\/v2\/posts"}],"about":[{"href":"https:\/\/agora.xtec.cat\/ceippladedalt\/wp-json\/wp\/v2\/types\/post"}],"author":[{"embeddable":true,"href":"https:\/\/agora.xtec.cat\/ceippladedalt\/wp-json\/wp\/v2\/users\/1"}],"replies":[{"embeddable":true,"href":"https:\/\/agora.xtec.cat\/ceippladedalt\/wp-json\/wp\/v2\/comments?post=23482"}],"version-history":[{"count":1,"href":"https:\/\/agora.xtec.cat\/ceippladedalt\/wp-json\/wp\/v2\/posts\/23482\/revisions"}],"predecessor-version":[{"id":23483,"href":"https:\/\/agora.xtec.cat\/ceippladedalt\/wp-json\/wp\/v2\/posts\/23482\/revisions\/23483"}],"wp:featuredmedia":[{"embeddable":true,"href":"https:\/\/agora.xtec.cat\/ceippladedalt\/wp-json\/wp\/v2\/media\/23480"}],"wp:attachment":[{"href":"https:\/\/agora.xtec.cat\/ceippladedalt\/wp-json\/wp\/v2\/media?parent=23482"}],"wp:term":[{"taxonomy":"category","embeddable":true,"href":"https:\/\/agora.xtec.cat\/ceippladedalt\/wp-json\/wp\/v2\/categories?post=23482"},{"taxonomy":"post_tag","embeddable":true,"href":"https:\/\/agora.xtec.cat\/ceippladedalt\/wp-json\/wp\/v2\/tags?post=23482"}],"curies":[{"name":"wp","href":"https:\/\/api.w.org\/{rel}","templated":true}]}}